{"id":1440,"date":"2012-05-04T14:10:02","date_gmt":"2012-05-04T13:10:02","guid":{"rendered":"http:\/\/blogs.avui.cat\/pepmoliner\/?p=1440"},"modified":"2012-05-05T14:23:44","modified_gmt":"2012-05-05T13:23:44","slug":"la-mola-sembla-la-rambla","status":"publish","type":"post","link":"https:\/\/blogs.avui.cat\/pepmoliner\/2012\/05\/04\/la-mola-sembla-la-rambla\/","title":{"rendered":"&#8220;La Mola sembla la Rambla&#8221;"},"content":{"rendered":"<h2 style=\"text-align: justify\"><span style=\"color: #800000\">&#8220;Sembla la Rambla&#8221; vaig sentir a moltes persones que el dia 1 de maig van tenir  la mateixa idea de gaudir d&#8217;un b\u00e9 magn\u00edfic com son les nostres muntanyes  que tenim prop de Terrassa.<br \/>\nPenso que n&#8217;hi han de desconegudes per a  moltes persones, i m\u00e9s ara que gaudeixo d&#8217;aprendre el nom de moltes que  ens envolten; per\u00f2 la Mola durant algun moment del dia i si passeges per  Terrassa, la veus i et dona ganes d&#8217;anar-hi.<br \/>\nAnar-hi, per\u00f2, des del  barri de Can Palet, on visc des de vaig n\u00e9ixer, ja no \u00e9s tan habitual.  Segur que hi han caminadors an\u00f2nims que fan el mateix, per\u00f2 ni  bicicletes, ni motos hi tenen acc\u00e9s i fer-ho  caminant de tan lluny  esdev\u00e9 un repte que justifica tots aquests anys d&#8217;esport. Anar-hi amb  centres d&#8217;esplai, quan era petit, amb els pares,  amb amics atletes des  de moltes vessants i ara amb la fam\u00edlia, com \u00e9s la Marisol i l&#8217;Oriol,  als que el sol fet de gaudir d&#8217;una vista amb mirada llarga, l&#8217;olor de  terra mullada, de flors i vegetaci\u00f3 de molts flaires i sentir com els  ocells fan aquests sons tan incre\u00efbles de festeig o d&#8217;alerta, ja ens  dona ganes i m\u00e9s ara que la primavera comen\u00e7a a notar-se la seva  proximitat \u00e9s de les millors \u00e8poques al Vall\u00e8s per fer excursions.<\/p>\n<p>He  comen\u00e7at dient que semblava la &#8220;Rambla&#8221;, per qu\u00e8 no recordava un dia on  tanta gent estigu\u00e9ssim amb la mateixa idea de pujar-hi, si b\u00e9 \u00e9s cert  que crec que cada vegada hi va m\u00e9s gent i de totes les edats. \u00c9s  possible que ni la rambla de Terrassa un dia festiu a aquesta hora hi  hagi tantes persones. com si hi havia a lo llarg del cam\u00ed i per primera  vegada no vaig fer com sempre: saludar a tothom. Hagu\u00e9s estat esgotador i  com si alg\u00fa an\u00e9s a la Pla\u00e7a Vella i un per un an\u00e9s dient &#8220;bon dia&#8221;, ens  hagu\u00e9s semblat estrany. Si que et creuaves mirades per si alg\u00fa volia,  per\u00f2 poc, poc.<\/p>\n<p>La sort va ser que vam decidir pujar per la  cinglera dels cavalls, que poca gent coneix, que \u00e9s molt divertida i un  xic t\u00e8cnica i et permet arribar dalt molt r\u00e0pid i des de casa amb prop  d&#8217;onze quil\u00f2metres. Baixant si que vam anar pel cam\u00ed dels monjos i  Cavall Bernat i si arribaven a fer cues tant per pujar com per baixar.  De fet, de vegades senties la frase que es repetia: &#8220;sembla la rambla&#8221;<\/p>\n<p>Hem pogut saludar a amics, tamb\u00e9. Un dia per repetir i molt assequible per tot esportista i un recorregut que aconsello.<\/p>\n<p>Hem  fet un reportatge per molts motius, per\u00f2 l&#8217;objectiu \u00e9s anar-se creant  un recull de records i animar a qui em llegeixi a fer coses similars i  per qu\u00e8 no el mateix. Guardar-se les fotografies per un mateix o  compartir-ho, aquest \u00e9s el dilema. Creiem que compartint, a alg\u00fa li pot  fer profit i : que aprofiti i gr\u00e0cies per llegir-me.<\/p>\n<p><img data-recalc-dims=\"1\" decoding=\"async\" src=\"https:\/\/i0.wp.com\/lh5.googleusercontent.com\/-oMlC-oW8cTk\/T6OWwxc2R5I\/AAAAAAAAAgA\/TFGccSsdOLQ\/s800\/100_9471.JPG?ssl=1\" alt=\"Image\" \/><br \/>\nens aturem a mirar una flor ? a tocar de la riera podem veure moltes d&#8217;iguals. qu\u00e8 maco  !!<\/p>\n<p><img data-recalc-dims=\"1\" decoding=\"async\" src=\"https:\/\/i0.wp.com\/lh4.googleusercontent.com\/-cs-6vWICL2g\/T6OWHh4mmPI\/AAAAAAAAAZI\/t0GxkjyiVAQ\/s800\/100_9414.JPG?ssl=1\" alt=\"Image\" \/><br \/>\nBen  d&#8217;hora, ben d&#8217;hora o no tant, a quarts de vuit del mati i sabent el  ritme, per que ja ens coneixem: engeguem la marxa pel carrer Colom<\/p>\n<p><img data-recalc-dims=\"1\" decoding=\"async\" src=\"https:\/\/i0.wp.com\/lh3.googleusercontent.com\/-MJJSvnH7ix8\/T6OWIYC6qyI\/AAAAAAAAAZQ\/gJNL6361rDY\/s800\/100_9415.JPG?ssl=1\" alt=\"Image\" \/><\/p>\n<p>Gaudint dels llocs de la nostra ciutat com el castell Cartoixa<\/p>\n<p><img data-recalc-dims=\"1\" decoding=\"async\" src=\"https:\/\/i0.wp.com\/lh4.googleusercontent.com\/-tsx9RWieqbQ\/T6OWJGrgOJI\/AAAAAAAAAZY\/mS45aiBvWr0\/s800\/100_9416.JPG?ssl=1\" alt=\"Image\" \/><\/p>\n<p><img data-recalc-dims=\"1\" decoding=\"async\" src=\"https:\/\/i0.wp.com\/lh5.googleusercontent.com\/-J9W6jdOi-0o\/T6OWJ3qeunI\/AAAAAAAAAZg\/sUaQmNiH_9o\/s800\/100_9417.JPG?ssl=1\" alt=\"Image\" \/><br \/>\nI el nostre arbre, on fa vint-i-cinc anys va \u00e9sser testimoni del dia que ens vam casar. Ha plogut bastant<\/p>\n<p><img data-recalc-dims=\"1\" decoding=\"async\" src=\"https:\/\/i0.wp.com\/lh3.googleusercontent.com\/-s4ct2rn_qRA\/T6OWKm6dOtI\/AAAAAAAAAZo\/p0xvTONqjVc\/s800\/100_9418.JPG?ssl=1\" alt=\"Image\" \/><br \/>\nentrem al pont tant premiat per sobre del parc de Vallparad\u00eds<\/p>\n<p><img data-recalc-dims=\"1\" decoding=\"async\" src=\"https:\/\/i0.wp.com\/lh5.googleusercontent.com\/-JmXJIbDzSbI\/T6OWLKJNKiI\/AAAAAAAAAZw\/FEXAbg1o_f4\/s800\/100_9419.JPG?ssl=1\" alt=\"Image\" \/><\/p>\n<p><img data-recalc-dims=\"1\" decoding=\"async\" src=\"https:\/\/i0.wp.com\/lh4.googleusercontent.com\/-5BzWK7FGdX0\/T6OWL0B9FFI\/AAAAAAAAAZ4\/zSMlnH_KZPs\/s800\/100_9420.JPG?ssl=1\" alt=\"Image\" \/><\/p>\n<p><img data-recalc-dims=\"1\" decoding=\"async\" src=\"https:\/\/i0.wp.com\/lh4.googleusercontent.com\/-W-9HMnDqPd8\/T6OWMn5CAbI\/AAAAAAAAAaA\/E__5Iqu6LNc\/s800\/100_9421.JPG?ssl=1\" alt=\"Image\" \/><br \/>\nAmb l&#8217;imponent conjunt monumental de les esgl\u00e9sies de Sant Pere<\/p>\n<p><img data-recalc-dims=\"1\" decoding=\"async\" src=\"https:\/\/i0.wp.com\/lh5.googleusercontent.com\/-SmagjGtJoN4\/T6OWNSMksrI\/AAAAAAAAAaI\/TkSu0ZDjyZM\/s800\/100_9422.JPG?ssl=1\" alt=\"Image\" \/><br \/>\nI el museu de la Seu d&#8217;\u00c8gara<\/p>\n<p><img data-recalc-dims=\"1\" decoding=\"async\" src=\"https:\/\/i0.wp.com\/lh3.googleusercontent.com\/-QbsW4wlQwqc\/T6OWOFNrtXI\/AAAAAAAAAaQ\/r7X8jOhyYsM\/s800\/100_9423.JPG?ssl=1\" alt=\"Image\" \/><\/p>\n<p><img data-recalc-dims=\"1\" decoding=\"async\" src=\"https:\/\/i0.wp.com\/lh3.googleusercontent.com\/-0JQglKGH5Uk\/T6OWOoUh3NI\/AAAAAAAAAaY\/Ahmx810iGio\/s800\/100_9424.JPG?ssl=1\" alt=\"Image\" \/><\/p>\n<p><img data-recalc-dims=\"1\" decoding=\"async\" src=\"https:\/\/i0.wp.com\/lh4.googleusercontent.com\/-5x6oUIgVmIM\/T6OWPbpPkSI\/AAAAAAAAAag\/agV_YuPB3bk\/s800\/100_9425.JPG?ssl=1\" alt=\"Image\" \/><\/p>\n<p><img data-recalc-dims=\"1\" decoding=\"async\" src=\"https:\/\/i0.wp.com\/lh3.googleusercontent.com\/-qqHdcZrfhAM\/T6OWP0P4a0I\/AAAAAAAAAao\/FPXt1HetA78\/s800\/100_9426.JPG?ssl=1\" alt=\"Image\" \/><br \/>\nI al barri on m&#8217;agradaria viure i on hi passo sempre que hi puc. \u00c9s un somni !<\/p>\n<p><img data-recalc-dims=\"1\" decoding=\"async\" src=\"https:\/\/i0.wp.com\/lh4.googleusercontent.com\/-Mb6Pm6uhqSA\/T6OWQkpuEAI\/AAAAAAAAAaw\/NoV3-4-Pl1Q\/s800\/100_9427.JPG?ssl=1\" alt=\"Image\" \/><br \/>\ni prop la p\u00e7a. de l&#8217;aigua<\/p>\n<p><img data-recalc-dims=\"1\" decoding=\"async\" src=\"https:\/\/i0.wp.com\/lh3.googleusercontent.com\/--7NYAV4UIe4\/T6OWRXVm3hI\/AAAAAAAAAa4\/gqoSrZgJ2bE\/s800\/100_9428.JPG?ssl=1\" alt=\"Image\" \/><br \/>\nens apropem al barri del Bonaire<\/p>\n<p><img data-recalc-dims=\"1\" decoding=\"async\" src=\"https:\/\/i0.wp.com\/lh4.googleusercontent.com\/-AeRP9GU9Qws\/T6OWSHd8RXI\/AAAAAAAAAbA\/xBcsuVwAvUY\/s800\/100_9429.JPG?ssl=1\" alt=\"Image\" \/><\/p>\n<p><img data-recalc-dims=\"1\" decoding=\"async\" src=\"https:\/\/i0.wp.com\/lh4.googleusercontent.com\/-KZM04hqsvvk\/T6OWTGncgKI\/AAAAAAAAAbI\/fpV-CGyVI0c\/s800\/100_9430.JPG?ssl=1\" alt=\"Image\" \/><br \/>\ni tenim clar l&#8217;objectiu<\/p>\n<p><img data-recalc-dims=\"1\" decoding=\"async\" src=\"https:\/\/i0.wp.com\/lh4.googleusercontent.com\/-bdwEa36J0tY\/T6OWTw8dfpI\/AAAAAAAAAbQ\/Q0iYfxQFNVQ\/s800\/100_9431.JPG?ssl=1\" alt=\"Image\" \/><\/p>\n<p><img data-recalc-dims=\"1\" decoding=\"async\" src=\"https:\/\/i0.wp.com\/lh4.googleusercontent.com\/-gGWuPrVWQEQ\/T6OWUbs7ofI\/AAAAAAAAAbY\/jGs5PxC420g\/s800\/100_9432.JPG?ssl=1\" alt=\"Image\" \/><br \/>\navui no donarem diners a les petrolieres i des de que estem patint personalment aquesta crisi<\/p>\n<p><img data-recalc-dims=\"1\" decoding=\"async\" src=\"https:\/\/i0.wp.com\/lh3.googleusercontent.com\/-pXVAIPHXo4Q\/T6OWVE8LQpI\/AAAAAAAAAbs\/7VD_Y79PHxI\/s800\/100_9433.JPG?ssl=1\" alt=\"Image\" \/><br \/>\ni a tocar terra i &#8220;Mola&#8221; no  t&#8217;amaguis que venim<\/p>\n<p><img data-recalc-dims=\"1\" decoding=\"async\" src=\"https:\/\/i0.wp.com\/lh3.googleusercontent.com\/-tq3LHh1xzQ8\/T6OWXM5HxEI\/AAAAAAAAAbk\/MimDUi8HkHs\/s800\/100_9434.JPG?ssl=1\" alt=\"Image\" \/><br \/>\ntrinxada  del camp pel tub del gas. Servir\u00e0 tota aquesta destrossa de  cent-seixanta quil\u00f2metres, oi ?. M&#8217;han dit que cada tubet val cinc mil  euros. L&#8217;Oriol mira el fangueig que ens fan pesar les espardenyes<\/p>\n<p><img data-recalc-dims=\"1\" decoding=\"async\" src=\"https:\/\/i0.wp.com\/lh6.googleusercontent.com\/-6MAUKtaF8Io\/T6OWXp54mmI\/AAAAAAAAAbw\/oa_7Qdqd--o\/s800\/100_9437.JPG?ssl=1\" alt=\"Image\" \/><br \/>\nVeiem Montserrat all\u00e0 lluny, per nous reptes propers<\/p>\n<p><img data-recalc-dims=\"1\" decoding=\"async\" src=\"https:\/\/i0.wp.com\/lh4.googleusercontent.com\/-RHCaBICa7CY\/T6OWYi5O05I\/AAAAAAAAAb4\/GX-Dh8Fv1WE\/s800\/100_9438.JPG?ssl=1\" alt=\"Image\" \/><\/p>\n<p><img data-recalc-dims=\"1\" decoding=\"async\" src=\"https:\/\/i0.wp.com\/lh4.googleusercontent.com\/-XySXggZ9Bsg\/T6OWZVSLyyI\/AAAAAAAAAcA\/ThdRhyBoxHI\/s800\/100_9439.JPG?ssl=1\" alt=\"Image\" \/><br \/>\nenfilem els corriols<\/p>\n<p><img data-recalc-dims=\"1\" decoding=\"async\" src=\"https:\/\/i0.wp.com\/lh6.googleusercontent.com\/-lNixA_xjzSU\/T6OWZkdg0dI\/AAAAAAAAAcI\/rzhH0qb-Gt0\/s1024\/100_9440.JPG?ssl=1\" alt=\"Image\" \/><\/p>\n<p><img data-recalc-dims=\"1\" decoding=\"async\" src=\"https:\/\/i0.wp.com\/lh5.googleusercontent.com\/-uu6uiO78QNQ\/T6OWavF7KqI\/AAAAAAAAAcQ\/Y11pnKx-bZo\/s800\/100_9441.JPG?ssl=1\" alt=\"Image\" \/><br \/>\nla Mola a tocar<\/p>\n<p><img data-recalc-dims=\"1\" decoding=\"async\" src=\"https:\/\/i0.wp.com\/lh5.googleusercontent.com\/-G4_c0DhDWr0\/T6OWbfNwYpI\/AAAAAAAAAcY\/wDGeI7537yY\/s800\/100_9442.JPG?ssl=1\" alt=\"Image\" \/><\/p>\n<p><img data-recalc-dims=\"1\" decoding=\"async\" src=\"https:\/\/i0.wp.com\/lh3.googleusercontent.com\/-4yLhcMd2Jow\/T6OWcUuGthI\/AAAAAAAAAcg\/JeJvk5PGWzM\/s800\/100_9443.JPG?ssl=1\" alt=\"Image\" \/><br \/>\nbaixant amb certa gr\u00e0cia<\/p>\n<p><img data-recalc-dims=\"1\" decoding=\"async\" src=\"https:\/\/i0.wp.com\/lh5.googleusercontent.com\/-iqV7M46kuqs\/T6OWdVYQJfI\/AAAAAAAAAco\/xAag1bmuka4\/s800\/100_9444.JPG?ssl=1\" alt=\"Image\" \/><\/p>\n<p><img data-recalc-dims=\"1\" decoding=\"async\" src=\"https:\/\/i0.wp.com\/lh3.googleusercontent.com\/-LcDrQ2aYdmI\/T6OWeIk7BsI\/AAAAAAAAAcw\/u71h4nr6uDo\/s800\/100_9445.JPG?ssl=1\" alt=\"Image\" \/><br \/>\ngran domini a les pujades<\/p>\n<p><img data-recalc-dims=\"1\" decoding=\"async\" src=\"https:\/\/i0.wp.com\/lh6.googleusercontent.com\/-Uwkkyd6CR9A\/T6OWfLPqdyI\/AAAAAAAAAc4\/DoXRBXR7kXg\/s800\/100_9446.JPG?ssl=1\" alt=\"Image\" \/><br \/>\nno  ho s\u00e9 del cert, per\u00f2 crec que aquesta fotografia me l&#8217;hagu\u00e9s pogut  estalviar. Saps qu\u00e8 era o que \u00e9s ? jo diria que un porc senglar que se  l&#8217;han menjat<\/p>\n<p><img data-recalc-dims=\"1\" decoding=\"async\" src=\"https:\/\/i0.wp.com\/lh3.googleusercontent.com\/-T2AYvRZXSLE\/T6OWf0h0bqI\/AAAAAAAAAdA\/d8PbJiktZx8\/s800\/100_9447.JPG?ssl=1\" alt=\"Image\" \/><br \/>\ndespr\u00e9s del mal rotlle de l&#8217;anterior, veiem la bona companyia d&#8217;esportistes<\/p>\n<p><img data-recalc-dims=\"1\" decoding=\"async\" src=\"https:\/\/i0.wp.com\/lh5.googleusercontent.com\/-B2SG0YbiFpo\/T6OWgdQE75I\/AAAAAAAAAdI\/zdSv0dKQG3I\/s800\/100_9448.JPG?ssl=1\" alt=\"Image\" \/><br \/>\nja entrant el terme municipal de Matadepera<\/p>\n<p><img data-recalc-dims=\"1\" decoding=\"async\" src=\"https:\/\/i0.wp.com\/lh4.googleusercontent.com\/-A4OoMtJ212E\/T6OWgzPtE2I\/AAAAAAAAAdQ\/uDLDwk1J2YA\/s800\/100_9449.JPG?ssl=1\" alt=\"Image\" \/><\/p>\n<p><img data-recalc-dims=\"1\" decoding=\"async\" src=\"https:\/\/i0.wp.com\/lh6.googleusercontent.com\/-QDTCsiNAk_s\/T6OWhsrAG-I\/AAAAAAAAAdY\/xdBGcGv1S7E\/s800\/100_9450.JPG?ssl=1\" alt=\"Image\" \/><br \/>\ni nosaltres que pens\u00e0vem que amb ascensor es podria pujar a la Mola<\/p>\n<p><img data-recalc-dims=\"1\" decoding=\"async\" src=\"https:\/\/i0.wp.com\/lh3.googleusercontent.com\/-54oFW-EPYtk\/T6OWiEe7juI\/AAAAAAAAAdg\/ojJ1TRHTaA8\/s800\/100_9451.JPG?ssl=1\" alt=\"Image\" \/><\/p>\n<p><img data-recalc-dims=\"1\" decoding=\"async\" src=\"https:\/\/i0.wp.com\/lh4.googleusercontent.com\/-Vv3StlZ-dYo\/T6OWiwSJDRI\/AAAAAAAAAdo\/dhfeLX0iinw\/s800\/100_9452.JPG?ssl=1\" alt=\"Image\" \/><br \/>\nAmb sorpresa veiem que la Mola encara \u00e9s lluny<\/p>\n<p><img data-recalc-dims=\"1\" decoding=\"async\" src=\"https:\/\/i0.wp.com\/lh6.googleusercontent.com\/-NgPEdMMrlXI\/T6OWjdD5P_I\/AAAAAAAAAdw\/FqRJuQXPhq0\/s800\/100_9453.JPG?ssl=1\" alt=\"Image\" \/><\/p>\n<p><img data-recalc-dims=\"1\" decoding=\"async\" src=\"https:\/\/i0.wp.com\/lh5.googleusercontent.com\/-NeJqPufJteI\/T6OWkMItPEI\/AAAAAAAAAd4\/XVwcz9mDCoU\/s800\/100_9454.JPG?ssl=1\" alt=\"Image\" \/><\/p>\n<p><img data-recalc-dims=\"1\" decoding=\"async\" src=\"https:\/\/i0.wp.com\/lh5.googleusercontent.com\/-6-gb-_2rGOI\/T6OWldjEG7I\/AAAAAAAAAeI\/dBiv2VN5IkM\/s800\/100_9456.JPG?ssl=1\" alt=\"Image\" \/><br \/>\nLa gent de moment som nosaltres; pocs vilatans i anem com veieu a la p\u00e7a Cal Baldir\u00f3<\/p>\n<p><img data-recalc-dims=\"1\" decoding=\"async\" src=\"https:\/\/i0.wp.com\/lh4.googleusercontent.com\/-V02AxJDXXQE\/T6OWl83FmaI\/AAAAAAAAAeQ\/pan6rW1iQmc\/s800\/100_9457.JPG?ssl=1\" alt=\"Image\" \/><br \/>\ni a buscar l&#8217;esmorzar acabat de fer<\/p>\n<p><img data-recalc-dims=\"1\" decoding=\"async\" src=\"https:\/\/i0.wp.com\/lh3.googleusercontent.com\/-rfJIFj-oMQw\/T6OWnJMnXUI\/AAAAAAAAAeY\/GOEuaXqUfKk\/s800\/100_9458.JPG?ssl=1\" alt=\"Image\" \/><br \/>\ngaudint d&#8217;obres d&#8217;art<\/p>\n<p><img data-recalc-dims=\"1\" decoding=\"async\" src=\"https:\/\/i0.wp.com\/lh5.googleusercontent.com\/-dtFX2YkwLFo\/T6OWnkZ75uI\/AAAAAAAAAeg\/plJHZt0HaUE\/s800\/100_9459.JPG?ssl=1\" alt=\"Image\" \/><br \/>\nper llocs perfectament indicats<\/p>\n<p><img data-recalc-dims=\"1\" decoding=\"async\" src=\"https:\/\/i0.wp.com\/lh3.googleusercontent.com\/-POzy5WAK5Qw\/T6OWoeXqqpI\/AAAAAAAAAeo\/WRJ9yF3lGIA\/s800\/100_9460.JPG?ssl=1\" alt=\"Image\" \/><br \/>\namb anuncis que donen esperances<\/p>\n<p><img data-recalc-dims=\"1\" decoding=\"async\" src=\"https:\/\/i0.wp.com\/lh6.googleusercontent.com\/-JP0O6Baz-9Y\/T6OWpLJCcrI\/AAAAAAAAAew\/-L7UEfS89ao\/s800\/100_9461.JPG?ssl=1\" alt=\"Image\" \/><br \/>\ni  ara l&#8217;esmorzar que hem comprat a la Fleca, ens el mengem tot prenent el  sol a la Masia de Can Torrella, que ara \u00e9s un Restaurant de luxe, on  tamb\u00e9 s&#8217;hi fan men\u00fas<br \/>\n<img data-recalc-dims=\"1\" decoding=\"async\" src=\"https:\/\/i0.wp.com\/lh6.googleusercontent.com\/-0Bdw1VR1Mes\/T6OWp3Kb-rI\/AAAAAAAAAe4\/CJSnahPPi5Q\/s800\/100_9462.JPG?ssl=1\" alt=\"Image\" \/><br \/>\nUns croissants de tonyina son m\u00e9s bons menjats en aquests entorns<br \/>\n<img data-recalc-dims=\"1\" decoding=\"async\" src=\"https:\/\/i0.wp.com\/lh5.googleusercontent.com\/-0WH0FzZ1LVU\/T6OWqtJbLzI\/AAAAAAAAAfA\/zt2I-YnCK7A\/s800\/100_9463.JPG?ssl=1\" alt=\"Image\" \/><br \/>\nI  una vehicle que dif\u00edcilment superaria l&#8217;ITV, per\u00f2 que un dia va fer  servei i ara nom\u00e9s \u00e9s decoratiu. Per cert no massa ben conservat,  imagino per la seva antiguitat<br \/>\n<img data-recalc-dims=\"1\" decoding=\"async\" src=\"https:\/\/i0.wp.com\/lh3.googleusercontent.com\/-i1P_GbDtqww\/T6OWrKMzQlI\/AAAAAAAAAfI\/uO3KN6U47uo\/s800\/100_9464.JPG?ssl=1\" alt=\"Image\" \/><\/p>\n<p><img data-recalc-dims=\"1\" decoding=\"async\" src=\"https:\/\/i0.wp.com\/lh6.googleusercontent.com\/-uzyxMbuTNas\/T6OWr4gLslI\/AAAAAAAAAfQ\/FEzsX2mL04w\/s800\/100_9465.JPG?ssl=1\" alt=\"Image\" \/><br \/>\nAquest rellotge i diu unes frases molt s\u00e0vies &#8221; LES HORES FUGEN DEPRESSA. FUGEN I NO TORNEN MES &#8221;<\/p>\n<p>Nosaltres  tamb\u00e9 fem un cam\u00ed i tard o d&#8217;hora morirem i mentrestant ens enriquim i  vivim com sabem i procurant gaudir el que podem amb all\u00f2 que ens agrada.<\/p>\n<p><img data-recalc-dims=\"1\" decoding=\"async\" src=\"https:\/\/i0.wp.com\/lh4.googleusercontent.com\/-drPMQ1FSgGQ\/T6OWs44haZI\/AAAAAAAAAfY\/mgTronh62R0\/s800\/100_9466.JPG?ssl=1\" alt=\"Image\" \/><\/p>\n<p><img data-recalc-dims=\"1\" decoding=\"async\" src=\"https:\/\/i0.wp.com\/lh5.googleusercontent.com\/-yUvVacLBew4\/T6OWtyN2ZTI\/AAAAAAAAAfg\/b6yzJhHk4hg\/s800\/100_9467.JPG?ssl=1\" alt=\"Image\" \/><\/p>\n<p><img data-recalc-dims=\"1\" decoding=\"async\" src=\"https:\/\/i0.wp.com\/lh3.googleusercontent.com\/-feZu2kmIHBs\/T6OWuneZQVI\/AAAAAAAAAfo\/8yM94X-DyCE\/s800\/100_9468.JPG?ssl=1\" alt=\"Image\" \/><\/p>\n<p><img data-recalc-dims=\"1\" decoding=\"async\" src=\"https:\/\/i0.wp.com\/lh5.googleusercontent.com\/-dnypcIHmKuQ\/T6OWvX7sNKI\/AAAAAAAAAfw\/eSRlxeaT_Gk\/s800\/100_9469.JPG?ssl=1\" alt=\"Image\" \/><\/p>\n<p>B\u00e9, diem ad\u00e9u al lloc tan bonic, testimoni del pas del temps<\/p>\n<p><img data-recalc-dims=\"1\" decoding=\"async\" src=\"https:\/\/i0.wp.com\/lh3.googleusercontent.com\/-8DUHdGH0zwM\/T6OWwZ0Ot6I\/AAAAAAAAAf4\/8Bbo8qcVD-0\/s800\/100_9470.JPG?ssl=1\" alt=\"Image\" \/><\/p>\n<p><span style=\"color: #800000\"><br \/>\nI avui baixava aigua per la riera<\/span><\/p>\n<p><img data-recalc-dims=\"1\" decoding=\"async\" src=\"https:\/\/i0.wp.com\/lh6.googleusercontent.com\/-V6F-Ii5NgTo\/T6OWxkiYv4I\/AAAAAAAAAgI\/uyBLHWspbAI\/s1024\/100_9472.JPG?ssl=1\" alt=\"Image\" \/><\/p>\n<p><img data-recalc-dims=\"1\" decoding=\"async\" src=\"https:\/\/i0.wp.com\/lh5.googleusercontent.com\/-PJvRjtEGYjw\/T6OWyGIdG-I\/AAAAAAAAAgQ\/_ZaLfVEHlbw\/s800\/100_9473.JPG?ssl=1\" alt=\"Image\" \/><\/p>\n<p><img data-recalc-dims=\"1\" decoding=\"async\" src=\"https:\/\/i0.wp.com\/lh3.googleusercontent.com\/-k9EpFrcPxWU\/T6OWyzokM4I\/AAAAAAAAAgY\/YpSumpINhn0\/s800\/100_9474.JPG?ssl=1\" alt=\"Image\" \/><br \/>\nAnem b\u00e9, aquest \u00e9s el cam\u00ed<\/p>\n<p><img data-recalc-dims=\"1\" decoding=\"async\" src=\"https:\/\/i0.wp.com\/lh4.googleusercontent.com\/-xQCFdT-juNo\/T6OWzsOObbI\/AAAAAAAAAgg\/rqTKvki7ueg\/s800\/100_9475.JPG?ssl=1\" alt=\"Image\" \/><br \/>\neeeep !! ni som al parc de Vallparadis ni a Terrassa<\/p>\n<p><img data-recalc-dims=\"1\" decoding=\"async\" src=\"https:\/\/i0.wp.com\/lh3.googleusercontent.com\/-AS33qNl13o4\/T6OW0GLzjMI\/AAAAAAAAAgo\/g6OaZjJ4X6c\/s800\/100_9476.JPG?ssl=1\" alt=\"Image\" \/><br \/>\nEntrada al Parc, ara si<\/p>\n<p><img data-recalc-dims=\"1\" decoding=\"async\" src=\"https:\/\/i0.wp.com\/lh3.googleusercontent.com\/-TU2GzFRbIeE\/T6OW1BnvZ4I\/AAAAAAAAAgw\/ChFjc9YH0D0\/s800\/100_9477.JPG?ssl=1\" alt=\"Image\" \/><br \/>\nQue  en fa de temps que Can Robert sembla s&#8217;aguanta per la quietud. Segur  que \u00e9s lleig, per\u00f2 que jo recordi sempre ha estat igual i ens agrada<\/p>\n<p><img data-recalc-dims=\"1\" decoding=\"async\" src=\"https:\/\/i0.wp.com\/lh3.googleusercontent.com\/-cHhoxY62Cgk\/T6OW2FBryHI\/AAAAAAAAAg4\/kO2GHSRu8L4\/s800\/100_9478.JPG?ssl=1\" alt=\"Image\" \/><br \/>\nEn Nuck ho ha llegit abans i ja encara la drecera<\/p>\n<p><img data-recalc-dims=\"1\" decoding=\"async\" src=\"https:\/\/i0.wp.com\/lh4.googleusercontent.com\/-JIgKnm5JA94\/T6OW3I4YShI\/AAAAAAAAAhA\/rC36uRFbWmQ\/s800\/100_9479.JPG?ssl=1\" alt=\"Image\" \/><br \/>\naqu\u00ed veiem excursionistes joves<\/p>\n<p><img data-recalc-dims=\"1\" decoding=\"async\" src=\"https:\/\/i0.wp.com\/lh4.googleusercontent.com\/-eg--dVvcWO4\/T6OW4OPg-0I\/AAAAAAAAAhI\/Djyhb_5GbBc\/s800\/100_9480.JPG?ssl=1\" alt=\"Image\" \/><\/p>\n<p><img data-recalc-dims=\"1\" decoding=\"async\" src=\"https:\/\/i0.wp.com\/lh6.googleusercontent.com\/-HSHeKu0Tmn0\/T6OW5batfXI\/AAAAAAAAAhQ\/zaTC1dQ8Ryg\/s800\/100_9481.JPG?ssl=1\" alt=\"Image\" \/><br \/>\nquantes vegades haurem trepitjat aquests restes de tombes i a saber qui hi havia fet estada<\/p>\n<p><img data-recalc-dims=\"1\" decoding=\"async\" src=\"https:\/\/i0.wp.com\/lh6.googleusercontent.com\/-PibtbHCZs4o\/T6OW6GNmS8I\/AAAAAAAAAhY\/UmA8jwGhE5U\/s800\/100_9482.JPG?ssl=1\" alt=\"Image\" \/><\/p>\n<p>que siii, que anem b\u00e9.<\/p>\n<p><img data-recalc-dims=\"1\" decoding=\"async\" src=\"https:\/\/i0.wp.com\/lh4.googleusercontent.com\/-4uhxkAR0GF0\/T6OW7PwgIMI\/AAAAAAAAAhg\/ySyzrHFNCiE\/s800\/100_9483.JPG?ssl=1\" alt=\"Image\" \/><\/p>\n<p>saps qu\u00e8 ?, deixem d&#8217;anar pels camins habituals i anem per d&#8217;altres molst m\u00e9s t\u00e8cnics i sobretot, molt macos<\/p>\n<p><img data-recalc-dims=\"1\" decoding=\"async\" src=\"https:\/\/i0.wp.com\/lh3.googleusercontent.com\/-q-4aP3VZGec\/T6OW7zAIipI\/AAAAAAAAAho\/NVWh16bHwU4\/s800\/100_9484.JPG?ssl=1\" alt=\"Image\" \/><br \/>\nL&#8217;Oriol dominant la situaci\u00f3<\/p>\n<p><img data-recalc-dims=\"1\" decoding=\"async\" src=\"https:\/\/i0.wp.com\/lh3.googleusercontent.com\/-ozeDDm8N9HE\/T6OW8618A0I\/AAAAAAAAAhw\/mwMhNkPOic4\/s800\/100_9485.JPG?ssl=1\" alt=\"Image\" \/><br \/>\nI la Marisol tamb\u00e9, encara que en Nuck apareix per salvar a la mestressa<\/p>\n<p><img data-recalc-dims=\"1\" decoding=\"async\" src=\"https:\/\/i0.wp.com\/lh3.googleusercontent.com\/-3TyK8tSyUkg\/T6OW9-X8KaI\/AAAAAAAAAh4\/uwQ4ze5OkrY\/s800\/100_9486.JPG?ssl=1\" alt=\"Image\" \/><br \/>\nNi cap aqu\u00ed ni cap all\u00e0. B\u00e9, segurament pel Morral, per\u00f2 no ho s\u00e9 del cert.<\/p>\n<p><img data-recalc-dims=\"1\" decoding=\"async\" src=\"https:\/\/i0.wp.com\/lh5.googleusercontent.com\/-NdZQY-6JlwM\/T6OW-wISQII\/AAAAAAAAAiA\/DqaPftbehzY\/s800\/100_9487.JPG?ssl=1\" alt=\"Image\" \/><br \/>\nel paio del pot de pintura encara n&#8217;hi queda<\/p>\n<p><img data-recalc-dims=\"1\" decoding=\"async\" src=\"https:\/\/i0.wp.com\/lh4.googleusercontent.com\/-NWoqmlNGHYQ\/T6OXApeeY8I\/AAAAAAAAAiQ\/Hur6GjWf_kE\/s800\/100_9489.JPG?ssl=1\" alt=\"Image\" \/><br \/>\ndoncs no, ni cap aqu\u00ed ni cap all\u00e0. I en Nuck, fa les seves marques<\/p>\n<p><img data-recalc-dims=\"1\" decoding=\"async\" src=\"https:\/\/i0.wp.com\/lh3.googleusercontent.com\/-muJeNprTjjg\/T6OXBrq5UvI\/AAAAAAAAAiY\/7zqIYxPsqgQ\/s800\/100_9491.JPG?ssl=1\" alt=\"Image\" \/><\/p>\n<p><img data-recalc-dims=\"1\" decoding=\"async\" src=\"https:\/\/i0.wp.com\/lh3.googleusercontent.com\/-31tzKClKBGs\/T6OXGnMpGwI\/AAAAAAAAAig\/OUar9XZOl58\/s800\/100_9492.JPG?ssl=1\" alt=\"Image\" \/><\/p>\n<p><img data-recalc-dims=\"1\" decoding=\"async\" src=\"https:\/\/i0.wp.com\/lh3.googleusercontent.com\/-RRDvmIyOeEM\/T6OXHjORicI\/AAAAAAAAAio\/wpRCg16kTFI\/s800\/100_9493.JPG?ssl=1\" alt=\"Image\" \/><br \/>\nel que \u00e9s segur, que la Marisol no te ganes de caure i va a quatre cames<\/p>\n<p><img data-recalc-dims=\"1\" decoding=\"async\" src=\"https:\/\/i0.wp.com\/lh6.googleusercontent.com\/-76DmfCvTylk\/T6OXIvwMIrI\/AAAAAAAAAiw\/ixJ5L2P7mg4\/s800\/100_9494.JPG?ssl=1\" alt=\"Image\" \/><\/p>\n<p><img data-recalc-dims=\"1\" decoding=\"async\" src=\"https:\/\/i0.wp.com\/lh3.googleusercontent.com\/-8f2mJgvbRFo\/T6OXJv7p-vI\/AAAAAAAAAi4\/EwnLZINquFw\/s800\/100_9495.JPG?ssl=1\" alt=\"Image\" \/><br \/>\nen Nuck oferint el seu ajut<\/p>\n<p><img data-recalc-dims=\"1\" decoding=\"async\" src=\"https:\/\/i0.wp.com\/lh3.googleusercontent.com\/-vZgqVo4kgWE\/T6OXKi_hm6I\/AAAAAAAAAjA\/bcn40xhEgHU\/s800\/100_9496.JPG?ssl=1\" alt=\"Image\" \/><br \/>\nNo es veu massa clar, per\u00f2 una enorme roca frenada pels arbres i oferint aixopluc<\/p>\n<p><img data-recalc-dims=\"1\" decoding=\"async\" src=\"https:\/\/i0.wp.com\/lh6.googleusercontent.com\/-f7edOA6uI3k\/T6OXLmDsnFI\/AAAAAAAAAjI\/uxHDRffBYVY\/s800\/100_9497.JPG?ssl=1\" alt=\"Image\" \/><\/p>\n<p><img data-recalc-dims=\"1\" decoding=\"async\" src=\"https:\/\/i0.wp.com\/lh3.googleusercontent.com\/-8EQgO4XtARc\/T6OXMflakzI\/AAAAAAAAAjQ\/x8ufivCig8g\/s800\/100_9498.JPG?ssl=1\" alt=\"Image\" \/><\/p>\n<p><img data-recalc-dims=\"1\" decoding=\"async\" src=\"https:\/\/i0.wp.com\/lh5.googleusercontent.com\/-Xr3sd7BJDT4\/T6OXNGchPQI\/AAAAAAAAAjY\/dAkuItzeoLk\/s800\/100_9499.JPG?ssl=1\" alt=\"Image\" \/><\/p>\n<p><img data-recalc-dims=\"1\" decoding=\"async\" src=\"https:\/\/i0.wp.com\/lh6.googleusercontent.com\/-o_SI0g6EDDY\/T6OXN0U3lyI\/AAAAAAAAAjg\/Vt13wRuik1o\/s800\/100_9500.JPG?ssl=1\" alt=\"Image\" \/><br \/>\ni continua la pujada !<\/p>\n<p><img data-recalc-dims=\"1\" decoding=\"async\" src=\"https:\/\/i0.wp.com\/lh3.googleusercontent.com\/-QqLwWfkbf-s\/T6OXO3GgODI\/AAAAAAAAAjo\/jT8zu4LCn9E\/s800\/100_9501.JPG?ssl=1\" alt=\"Image\" \/><br \/>\nquina meravella i veiem el cam\u00ed recorregut i a set-cents i escaig metres d&#8217;al\u00e7ada.<\/p>\n<p><img data-recalc-dims=\"1\" decoding=\"async\" src=\"https:\/\/i0.wp.com\/lh6.googleusercontent.com\/-tVxwusmodh0\/T6OXPi8QU8I\/AAAAAAAAAjw\/jdYFxh05aZY\/s800\/100_9502.JPG?ssl=1\" alt=\"Image\" \/><br \/>\nEl Nuck l&#8217;hem de protegir del estimbats<\/p>\n<p><img data-recalc-dims=\"1\" decoding=\"async\" src=\"https:\/\/i0.wp.com\/lh3.googleusercontent.com\/-vGsl3P3nz_0\/T6OXQel26fI\/AAAAAAAAAj4\/4Aygq4h_z-4\/s800\/100_9503.JPG?ssl=1\" alt=\"Image\" \/><\/p>\n<p><img data-recalc-dims=\"1\" decoding=\"async\" src=\"https:\/\/i0.wp.com\/lh6.googleusercontent.com\/-pcAJGjdestY\/T6OXRDTCQ8I\/AAAAAAAAAkA\/sCkWBChFLJw\/s800\/100_9504.JPG?ssl=1\" alt=\"Image\" \/><br \/>\nL&#8217; Oriol preocupat pel l&#8217;al\u00e7\u00e0ria, per\u00f2 gaudint per primera vegada d&#8217;aquest recorregut<\/p>\n<p><img data-recalc-dims=\"1\" decoding=\"async\" src=\"https:\/\/i0.wp.com\/lh3.googleusercontent.com\/-I6p4VsZtbtU\/T6OXSKCXLJI\/AAAAAAAAAkI\/C_-iAOh6xic\/s800\/100_9505.JPG?ssl=1\" alt=\"Image\" \/><\/p>\n<p><img data-recalc-dims=\"1\" decoding=\"async\" src=\"https:\/\/i0.wp.com\/lh6.googleusercontent.com\/-tJgMzOqphm0\/T6OXTINWEaI\/AAAAAAAAAkQ\/bAaX9mpMLs8\/s800\/100_9506.JPG?ssl=1\" alt=\"Image\" \/><\/p>\n<p><img data-recalc-dims=\"1\" decoding=\"async\" src=\"https:\/\/i0.wp.com\/lh3.googleusercontent.com\/-yh8_dmoToUU\/T6OXT_6gJ7I\/AAAAAAAAAkY\/Ji03V7IN2HI\/s800\/100_9507.JPG?ssl=1\" alt=\"Image\" \/><\/p>\n<p><img data-recalc-dims=\"1\" decoding=\"async\" src=\"https:\/\/i0.wp.com\/lh4.googleusercontent.com\/-s-moixys4iI\/T6OXUdGDUeI\/AAAAAAAAAkg\/TvjCS79uqWw\/s800\/100_9508.JPG?ssl=1\" alt=\"Image\" \/><br \/>\na punt de fer el cim<\/p>\n<p><img data-recalc-dims=\"1\" decoding=\"async\" src=\"https:\/\/i0.wp.com\/lh4.googleusercontent.com\/-XcLLsNEhKuM\/T6OXViqaTlI\/AAAAAAAAAko\/EIFVN5FB-OE\/s800\/100_9509.JPG?ssl=1\" alt=\"Image\" \/><\/p>\n<p><img data-recalc-dims=\"1\" decoding=\"async\" src=\"https:\/\/i0.wp.com\/lh5.googleusercontent.com\/-lofDe4bCR-o\/T6OXWcCUEWI\/AAAAAAAAAkw\/d0CdCb4W6IM\/s800\/100_9510.JPG?ssl=1\" alt=\"Image\" \/><\/p>\n<p>Em  deia la meva dona, la Marisol, que no estava gens ni mica cansada !! i  l&#8217;Oriol, donat que tamb\u00e9 entrena sovint, s&#8217;ho est\u00e0 passant de meravella i  pregunta per la propera excursi\u00f3 que farem.<\/p>\n<p><img data-recalc-dims=\"1\" decoding=\"async\" src=\"https:\/\/i0.wp.com\/lh5.googleusercontent.com\/-RdPiQerwRP0\/T6OXXCC9y5I\/AAAAAAAAAk4\/J6IMSHqT8eY\/s800\/100_9511.JPG?ssl=1\" alt=\"Image\" \/><br \/>\nuna mirada ben burra, per\u00f2 \u00e9s un dels animals m\u00e9s bonics dels que podem gaudir<\/p>\n<p><img data-recalc-dims=\"1\" decoding=\"async\" src=\"https:\/\/i0.wp.com\/lh5.googleusercontent.com\/-a_ATKsrdmN8\/T6OXX3o-uiI\/AAAAAAAAAlA\/ZD_Gr2yWMuk\/s800\/100_9512.JPG?ssl=1\" alt=\"Image\" \/><\/p>\n<p><img data-recalc-dims=\"1\" decoding=\"async\" src=\"https:\/\/i0.wp.com\/lh3.googleusercontent.com\/-FicETouQvVE\/T6OXY18cSbI\/AAAAAAAAAlI\/j_xU-zSsjH8\/s800\/100_9513.JPG?ssl=1\" alt=\"Image\" \/><\/p>\n<p><img data-recalc-dims=\"1\" decoding=\"async\" src=\"https:\/\/i0.wp.com\/lh5.googleusercontent.com\/-IDAvrSPs4v4\/T6OXZkL7slI\/AAAAAAAAAlQ\/w1zt6IlLVkw\/s800\/100_9514.JPG?ssl=1\" alt=\"Image\" \/><br \/>\nper\u00f2 abans de fer el cim, fem l&#8217;esmorzar que portem de casa<\/p>\n<p><img data-recalc-dims=\"1\" decoding=\"async\" src=\"https:\/\/i0.wp.com\/lh6.googleusercontent.com\/-xUaTzVDLiGA\/T6OXaW2t-fI\/AAAAAAAAAlY\/5yY0Kva3D98\/s800\/100_9515.JPG?ssl=1\" alt=\"Image\" \/><br \/>\nno he comptat b\u00e9 els deu segons i la foto \u00e9s la que \u00e9s<\/p>\n<p><img data-recalc-dims=\"1\" decoding=\"async\" src=\"https:\/\/i0.wp.com\/lh5.googleusercontent.com\/---H6YnnTqMY\/T6OXbDztGxI\/AAAAAAAAAlg\/kog5GvAyi28\/s800\/100_9516.JPG?ssl=1\" alt=\"Image\" \/><br \/>\nsense paraules<\/p>\n<p><img data-recalc-dims=\"1\" decoding=\"async\" src=\"https:\/\/i0.wp.com\/lh3.googleusercontent.com\/-vMm48ZFcQ_U\/T6OXb6L4ORI\/AAAAAAAAAlo\/avaqofjJRTE\/s800\/100_9517.JPG?ssl=1\" alt=\"Image\" \/><br \/>\nB\u00e9. aquest gos ha olorat el menjar que ha deixat en Nuck i ve a escurar<br \/>\n<img data-recalc-dims=\"1\" decoding=\"async\" src=\"https:\/\/i0.wp.com\/lh6.googleusercontent.com\/-r-JUxP4oNO8\/T6OXc1Dv4NI\/AAAAAAAAAlw\/v_PUK0V1CsI\/s800\/100_9518.JPG?ssl=1\" alt=\"Image\" \/><br \/>\nM\u00e9s fant\u00e0stics cans, que saben que hi havia tiberi<\/p>\n<p><img data-recalc-dims=\"1\" decoding=\"async\" src=\"https:\/\/i0.wp.com\/lh3.googleusercontent.com\/-gEeMr7D_lSg\/T6OXdvBVaeI\/AAAAAAAAAl4\/8FSO5FWj9t8\/s800\/100_9519.JPG?ssl=1\" alt=\"Image\" \/><\/p>\n<p><img data-recalc-dims=\"1\" decoding=\"async\" src=\"https:\/\/i0.wp.com\/lh4.googleusercontent.com\/-na7-PaS9a1Q\/T6OXehwaFfI\/AAAAAAAAAmA\/SPgnPqPVTpY\/s800\/100_9520.JPG?ssl=1\" alt=\"Image\" \/><\/p>\n<p><img data-recalc-dims=\"1\" decoding=\"async\" src=\"https:\/\/i0.wp.com\/lh6.googleusercontent.com\/-hpNvfrjg0lc\/T6OXfRLRvNI\/AAAAAAAAAmI\/zCU0lmX4wUg\/s800\/100_9521.JPG?ssl=1\" alt=\"Image\" \/><br \/>\nAnem a culminar l&#8217;ascensi\u00f3<\/p>\n<p><img data-recalc-dims=\"1\" decoding=\"async\" src=\"https:\/\/i0.wp.com\/lh6.googleusercontent.com\/-4UsutLqFWHc\/T6OXgKy663I\/AAAAAAAAAmQ\/DlB77rsbsdw\/s800\/100_9522.JPG?ssl=1\" alt=\"Image\" \/><\/p>\n<p><img data-recalc-dims=\"1\" decoding=\"async\" src=\"https:\/\/i0.wp.com\/lh3.googleusercontent.com\/-Ed4-bobvWi8\/T6OXg8VQiDI\/AAAAAAAAAmY\/OsDQqvjNs9w\/s800\/100_9523.JPG?ssl=1\" alt=\"Image\" \/><\/p>\n<p>I a dalt, dos amics atletes: en Joan i la Rosa. En Joan aquest diumenge far\u00e0 una marat\u00f3 de Vit\u00f2ria i a qui desitgem molta sort<\/p>\n<p><img data-recalc-dims=\"1\" decoding=\"async\" src=\"https:\/\/i0.wp.com\/lh4.googleusercontent.com\/-wejIPzUauTA\/T6OXi1Xp1PI\/AAAAAAAAAmg\/cRwmi-fZF8Q\/s800\/100_9524.JPG?ssl=1\" alt=\"Image\" \/><br \/>\nCues per tot arreu<\/p>\n<p><img data-recalc-dims=\"1\" decoding=\"async\" src=\"https:\/\/i0.wp.com\/lh5.googleusercontent.com\/-A0Qnlm2rIRA\/T6OXjvfXnKI\/AAAAAAAAAmo\/i0yGfykbHsk\/s800\/100_9525.JPG?ssl=1\" alt=\"Image\" \/><br \/>\ngaudint d&#8217;unes vistes d&#8217;excepci\u00f3 i a les que estem acostumats i mai no ens cansen<\/p>\n<p><img data-recalc-dims=\"1\" decoding=\"async\" src=\"https:\/\/i0.wp.com\/lh3.googleusercontent.com\/-mZWvttBusxU\/T6OXkUxGP7I\/AAAAAAAAAmw\/j2zm_0to1ks\/s800\/100_9526.JPG?ssl=1\" alt=\"Image\" \/><\/p>\n<p><img data-recalc-dims=\"1\" decoding=\"async\" src=\"https:\/\/i0.wp.com\/lh3.googleusercontent.com\/-A4Um-5UsFlQ\/T6OXk1yQeWI\/AAAAAAAAAm4\/AIrSmMuvjQs\/s800\/100_9527.JPG?ssl=1\" alt=\"Image\" \/><br \/>\nI ara poc sab\u00edem que el cam\u00ed dels monjos estava doncs, com la Rambla i diria que molt m\u00e9s, almenys la de Terrassa<\/p>\n<p><img data-recalc-dims=\"1\" decoding=\"async\" src=\"https:\/\/i0.wp.com\/lh4.googleusercontent.com\/--IQUHPDEDIc\/T6OXl2HZFsI\/AAAAAAAAAnA\/Yguib8Vl3nk\/s800\/100_9528.JPG?ssl=1\" alt=\"Image\" \/><\/p>\n<p><img data-recalc-dims=\"1\" decoding=\"async\" src=\"https:\/\/i0.wp.com\/lh3.googleusercontent.com\/-Nz8AaTLnEL0\/T6OXmlqJHsI\/AAAAAAAAAnI\/59P5qGoB85c\/s800\/100_9529.JPG?ssl=1\" alt=\"Image\" \/><\/p>\n<p>No  ho sembla, per\u00f2 anem estressats enmig del molts excursionistes, encara  que molt contens que la gent pugui gaudir el mateix com nosaltres fem<br \/>\n<img data-recalc-dims=\"1\" decoding=\"async\" src=\"https:\/\/i0.wp.com\/lh3.googleusercontent.com\/-C-xoL4lnFn4\/T6OXnhdhv1I\/AAAAAAAAAnQ\/NwwKieruKGc\/s800\/100_9530.JPG?ssl=1\" alt=\"Image\" \/><\/p>\n<p><img data-recalc-dims=\"1\" decoding=\"async\" src=\"https:\/\/i0.wp.com\/lh3.googleusercontent.com\/-FlwGnudOwDQ\/T6OXov9FNzI\/AAAAAAAAAnY\/JYPXJ41iJbA\/s800\/100_9531.JPG?ssl=1\" alt=\"Image\" \/><br \/>\nLa Marisol rescata en Nuck d&#8217;un rac\u00f3 on hi havia altres cans i gent, i on anava perdut<\/p>\n<p><img data-recalc-dims=\"1\" decoding=\"async\" src=\"https:\/\/i0.wp.com\/lh6.googleusercontent.com\/-TaUGBftq2o8\/T6OXpcSByCI\/AAAAAAAAAng\/AhIQRisAJwA\/s800\/100_9532.JPG?ssl=1\" alt=\"Image\" \/><\/p>\n<p><img data-recalc-dims=\"1\" decoding=\"async\" src=\"https:\/\/i0.wp.com\/lh3.googleusercontent.com\/-Y596RZNTOcE\/T6OXqCNfOcI\/AAAAAAAAAno\/Y1FkxJOWmPU\/s800\/100_9533.JPG?ssl=1\" alt=\"Image\" \/><br \/>\nPer aqu\u00ed encara hi havia espais, per\u00f2 en fila \u00edndia<\/p>\n<p><img data-recalc-dims=\"1\" decoding=\"async\" src=\"https:\/\/i0.wp.com\/lh5.googleusercontent.com\/-Z9EDodZKdnY\/T6OXq2rylxI\/AAAAAAAAAnw\/rszaX6L1Sg8\/s800\/100_9534.JPG?ssl=1\" alt=\"Image\" \/><br \/>\nMaco per qu\u00e8 si o si<br \/>\n<img data-recalc-dims=\"1\" decoding=\"async\" src=\"https:\/\/i0.wp.com\/lh6.googleusercontent.com\/-l7Okn4-oBHQ\/T6OXr7efsXI\/AAAAAAAAAn4\/LuXBc8jxBL8\/s800\/100_9535.JPG?ssl=1\" alt=\"Image\" \/><br \/>\nAcabant de baixar per una llengua de conglomerat de pedra un xic t\u00e8cnic<\/p>\n<p><img data-recalc-dims=\"1\" decoding=\"async\" src=\"https:\/\/i0.wp.com\/lh3.googleusercontent.com\/-sQ8Zc90mdYw\/T6OXs7JgGZI\/AAAAAAAAAoA\/E2XixeWRnio\/s800\/100_9536.JPG?ssl=1\" alt=\"Image\" \/><br \/>\nVeieu-lo<br \/>\n<img data-recalc-dims=\"1\" decoding=\"async\" src=\"https:\/\/i0.wp.com\/lh3.googleusercontent.com\/-OruWSM-yu44\/T6OXtkwBrSI\/AAAAAAAAAoI\/_KnkUmwxrVA\/s800\/100_9537.JPG?ssl=1\" alt=\"Image\" \/><\/p>\n<p>En  Cavall Bernat, molt concorregut per tot arreu. No hi ha vegada que  deixi de recordar que una vegada quan anava amb l&#8217;esplai del barri, un  company ja finat, en Jordi Rius, va pujar per all\u00e0 on s&#8217;hi veu ombre,  pujant sense cordes. Doncs b\u00e9 per baixar, vam  tenir de fer un matal\u00e0s  tots plegats , per qu\u00e8 no hagu\u00e9s baixat. Malauradament en Jordi Rius,  aquest nen, quan va \u00e9sser gran, va morir per causa de consumir droga. Ja  dic, sempre tinc un pensament per ell a Cavall Bernat.<\/p>\n<p><img data-recalc-dims=\"1\" decoding=\"async\" src=\"https:\/\/i0.wp.com\/lh6.googleusercontent.com\/-Z9NPy4qYtCQ\/T6OXuq8UxVI\/AAAAAAAAAoQ\/H7Ned8vf2u0\/s800\/100_9538.JPG?ssl=1\" alt=\"Image\" \/><br \/>\nEstem  molt contents de poder-hi anar amb el nostre fill, que ens acompanya  molt\u00edssim en les caminades i tamb\u00e9 en molts entrenament.<\/p>\n<p><img data-recalc-dims=\"1\" decoding=\"async\" src=\"https:\/\/i0.wp.com\/lh6.googleusercontent.com\/-aGOwqbsujoM\/T6OXvZ1l8PI\/AAAAAAAAAoY\/AukzDRkcsEc\/s800\/100_9539.JPG?ssl=1\" alt=\"Image\" \/><br \/>\nquin greu, tenir la placa tan malmesa amb un nom tan xul\u00b7lo<\/p>\n<p><img data-recalc-dims=\"1\" decoding=\"async\" src=\"https:\/\/i0.wp.com\/lh4.googleusercontent.com\/-zka_YV7tthE\/T6OXwYWHpEI\/AAAAAAAAAog\/lGjC07kp8jg\/s800\/100_9540.JPG?ssl=1\" alt=\"Image\" \/><br \/>\nEp aquesta est\u00e0 millor; no em faria res que em regalessin una caseta per aqu\u00ed<\/p>\n<p><img data-recalc-dims=\"1\" decoding=\"async\" src=\"https:\/\/i0.wp.com\/lh5.googleusercontent.com\/-LsaHC5ct6EE\/T6OXxRc4u0I\/AAAAAAAAAoo\/Whc-w0OkYrk\/s800\/100_9541.JPG?ssl=1\" alt=\"Image\" \/><\/p>\n<p><img data-recalc-dims=\"1\" decoding=\"async\" src=\"https:\/\/i0.wp.com\/lh4.googleusercontent.com\/-6HWCbafUocU\/T6OXyVFrowI\/AAAAAAAAAow\/VuAa4nvq6W8\/s800\/100_9542.JPG?ssl=1\" alt=\"Image\" \/><br \/>\na la p\u00e7a. de Sant Jordi, un cop ens hem refrescat a la font<\/p>\n<p><img data-recalc-dims=\"1\" decoding=\"async\" src=\"https:\/\/i0.wp.com\/lh6.googleusercontent.com\/-syZdZPqESYs\/T6OXzU7Z3KI\/AAAAAAAAAo4\/tobO3Vy-sgg\/s800\/100_9543.JPG?ssl=1\" alt=\"Image\" \/><\/p>\n<p><img data-recalc-dims=\"1\" decoding=\"async\" src=\"https:\/\/i0.wp.com\/lh6.googleusercontent.com\/-lVBxm9xFikw\/T6OX0KNiOkI\/AAAAAAAAApA\/3yWsewqLtMk\/s800\/100_9544.JPG?ssl=1\" alt=\"Image\" \/><\/p>\n<p><img data-recalc-dims=\"1\" decoding=\"async\" src=\"https:\/\/i0.wp.com\/lh4.googleusercontent.com\/-uNvyQlxgh_E\/T6OX0z9JhZI\/AAAAAAAAApI\/YNUYEjtXK1k\/s800\/100_9545.JPG?ssl=1\" alt=\"Image\" \/><br \/>\ni arribant a l&#8217;entrada de la ciutat<\/p>\n<p><img data-recalc-dims=\"1\" decoding=\"async\" src=\"https:\/\/i0.wp.com\/lh6.googleusercontent.com\/-dVINoqiCuN4\/T6OX1vcsjRI\/AAAAAAAAApQ\/PbSSnCEIt-U\/s800\/100_9546.JPG?ssl=1\" alt=\"Image\" \/><\/p>\n<p>I fins aqu\u00ed l&#8217;excursi\u00f3 que penjo el track per si el voleu fer i que us donem a con\u00e8ixer. Moltes gr\u00e0cies a tots per llegir-nos.<\/p>\n<p>Si voleu el track<\/p>\n<p><a href=\"http:\/\/ca.wikiloc.com\/wikiloc\/view.do?id=2794326\"><img data-recalc-dims=\"1\" decoding=\"async\" src=\"https:\/\/i0.wp.com\/lh4.googleusercontent.com\/-w4PzyF_N9aY\/T6O-eTYzMLI\/AAAAAAAAApo\/Rvsy9c80f9o\/s695\/canPalet_LaMola.jpg?ssl=1\" alt=\"Image\" \/><\/a><\/p>\n<p><a href=\"http:\/\/ca.wikiloc.com\/wikiloc\/view.do?id=2794326\">http:\/\/ca.wikiloc.com\/wikiloc\/view.do?id=2794326<\/a><\/p>\n<p><\/span><\/h2>\n<p><span style=\"color: #800000\"> <\/span><\/p>\n<div id=\"attachment_1248\" style=\"width: 391px\" class=\"wp-caption alignnone\"><a rel=\"attachment wp-att-1248\" href=\"http:\/\/blogs.avui.cat\/pepmoliner\/2012\/02\/08\/neva-a-can-roure-correm-mhi\/josepmolinerdisseny381x111\/\"><img data-recalc-dims=\"1\" loading=\"lazy\" decoding=\"async\" aria-describedby=\"caption-attachment-1248\" data-attachment-id=\"1248\" data-permalink=\"https:\/\/blogs.avui.cat\/pepmoliner\/2012\/02\/08\/neva-a-can-roure-correm-mhi\/josepmolinerdisseny381x111\/\" data-orig-file=\"https:\/\/i0.wp.com\/blogs.avui.cat\/pepmoliner\/files\/2012\/02\/josepmolinerDisseny381x111.gif?fit=381%2C111&amp;ssl=1\" data-orig-size=\"381,111\" data-comments-opened=\"0\" data-image-meta=\"{&quot;aperture&quot;:&quot;0&quot;,&quot;credit&quot;:&quot;&quot;,&quot;camera&quot;:&quot;&quot;,&quot;caption&quot;:&quot;&quot;,&quot;created_timestamp&quot;:&quot;0&quot;,&quot;copyright&quot;:&quot;&quot;,&quot;focal_length&quot;:&quot;0&quot;,&quot;iso&quot;:&quot;0&quot;,&quot;shutter_speed&quot;:&quot;0&quot;,&quot;title&quot;:&quot;&quot;}\" data-image-title=\"DISSENY Pep Moliner\" data-image-description=\"&lt;p&gt;Com que treballo &lt;strong&gt;pel meu compte&lt;\/strong&gt;, poso el meu logo a les cr\u00f2niques, i donar a con\u00e8ixer la meva feina. Si em vols fer un enc\u00e0rrec, posa&amp;#8217;t en contacte al meu mail o al formulari de contacte.&lt;\/p&gt;\n&lt;p&gt;  Ja ho saps, doncs. No em tanco a res ni a ning\u00fa, professionalment, vol dir que si creus que puc encaixar en un altre aspecte, en parlem. La crisi \u00e9s per tothom i avui dia tenir feina \u00e9s un tresor.&lt;\/p&gt;\n&lt;p&gt;  Pots consultar m\u00e9s o menys el que faig a: &lt;a href=&quot;https:\/\/sites.google.com\/site\/dissenyjosepmoliner\/&quot; target=&quot;_blank&quot;&gt;http:\/\/disseny.josepmoliner.com&lt;\/a&gt; , encara que estic obert al que sigui .&lt;\/p&gt;\n&lt;p&gt;Moltes gr\u00e0cies per endavant&lt;\/p&gt;&lt;\/p&gt;\n\" data-image-caption=\"&lt;p&gt;Vols que faci de dissenyador per tu ? escriu-me sense comprom\u00eds :)&lt;\/p&gt;\n\" data-medium-file=\"https:\/\/i0.wp.com\/blogs.avui.cat\/pepmoliner\/files\/2012\/02\/josepmolinerDisseny381x111.gif?fit=300%2C87&amp;ssl=1\" data-large-file=\"https:\/\/i0.wp.com\/blogs.avui.cat\/pepmoliner\/files\/2012\/02\/josepmolinerDisseny381x111.gif?fit=381%2C111&amp;ssl=1\" class=\"size-full wp-image-1248\" src=\"https:\/\/i0.wp.com\/blogs.avui.cat\/pepmoliner\/files\/2012\/02\/josepmolinerDisseny381x111.gif?resize=381%2C111\" alt=\"SOC DISSENYADOR I TREBALLO COM AUT\u00d2NOM, ESPERO LA TEVA COMANDA ;)\" width=\"381\" height=\"111\" srcset=\"https:\/\/i0.wp.com\/blogs.avui.cat\/pepmoliner\/files\/2012\/02\/josepmolinerDisseny381x111.gif?w=381&amp;ssl=1 381w, https:\/\/i0.wp.com\/blogs.avui.cat\/pepmoliner\/files\/2012\/02\/josepmolinerDisseny381x111.gif?resize=300%2C87&amp;ssl=1 300w\" sizes=\"auto, (max-width: 381px) 100vw, 381px\" \/><\/a><p id=\"caption-attachment-1248\" class=\"wp-caption-text\">Vols que faci de dissenyador per tu ? escriu-me sense comprom\u00eds \ud83d\ude42<\/p><\/div>\n","protected":false},"excerpt":{"rendered":"<p>&#8220;Sembla la Rambla&#8221; vaig sentir a moltes persones que el dia 1 de maig van tenir la mateixa idea de gaudir d&#8217;un b\u00e9 magn\u00edfic com son les nostres muntanyes que tenim prop de Terrassa. Penso que n&#8217;hi han de desconegudes per a moltes persones, i m\u00e9s ara que gaudeixo d&#8217;aprendre el nom de moltes que [&hellip;]<\/p>\n","protected":false},"author":171,"featured_media":0,"comment_status":"open","ping_status":"open","sticky":false,"template":"","format":"standard","meta":{"jetpack_post_was_ever_published":false,"_jetpack_newsletter_access":"","_jetpack_dont_email_post_to_subs":false,"_jetpack_newsletter_tier_id":0,"_jetpack_memberships_contains_paywalled_content":false,"_jetpack_memberships_contains_paid_content":false,"footnotes":"","jetpack_publicize_message":"","jetpack_publicize_feature_enabled":true,"jetpack_social_post_already_shared":false,"jetpack_social_options":{"image_generator_settings":{"template":"highway","default_image_id":0,"font":"","enabled":false},"version":2}},"categories":[1],"tags":[],"class_list":["post-1440","post","type-post","status-publish","format-standard","hentry","category-general"],"jetpack_publicize_connections":[],"jetpack_featured_media_url":"","jetpack_sharing_enabled":true,"jetpack_shortlink":"https:\/\/wp.me\/pagkiK-ne","jetpack-related-posts":[{"id":899,"url":"https:\/\/blogs.avui.cat\/pepmoliner\/2011\/09\/12\/lavia-torna-a-la-mola\/","url_meta":{"origin":1440,"position":0},"title":"L&#8217;\u00e0via torna a la Mola","author":"Pep Moliner","date":"12 de setembre de 2011","format":false,"excerpt":"Quaranta anys sense pujar la Mola, aix\u00f2 \u00e9s el que portava la meva mare. A casa a la muntanya hi an\u00e0vem a buscar bolets o a veure-la de lluny. De nen vaig a estar a un parell de Centres d'Esplai amb els que regularment ens enfil\u00e0vem a les muntanyes que\u2026","rel":"","context":"A &quot;General&quot;","block_context":{"text":"General","link":"https:\/\/blogs.avui.cat\/pepmoliner\/category\/general\/"},"img":{"alt_text":"","src":"","width":0,"height":0},"classes":[]},{"id":876,"url":"https:\/\/blogs.avui.cat\/pepmoliner\/2011\/08\/30\/que-petit-es-el-mon\/","url_meta":{"origin":1440,"position":1},"title":"Qu\u00e8 petit \u00e9s el m\u00f3n","author":"Pep Moliner","date":"30 d'agost de 2011","format":false,"excerpt":"el \"m\u00f3n \u00e9s un mocador\" Aquesta expressi\u00f3 ens dona una idea de qu\u00e8 moltes vegades esdev\u00e9 petit. Sempre ens fa gr\u00e0cia com una senzilla trobada s'ha convertit coneguda per l'entorn i m\u00e9s d'una vegada tenim grates sorpreses quan anem a llocs allunyats i som coneguts els \"mossenaires\" amb el projecte\u2026","rel":"","context":"A &quot;General&quot;","block_context":{"text":"General","link":"https:\/\/blogs.avui.cat\/pepmoliner\/category\/general\/"},"img":{"alt_text":"","src":"","width":0,"height":0},"classes":[]},{"id":3842,"url":"https:\/\/blogs.avui.cat\/pepmoliner\/2015\/07\/30\/anna-cos-morera-mossenaire-major\/","url_meta":{"origin":1440,"position":2},"title":"Anna Cos Morera &#8220;Mossenaire Major&#8221;","author":"Pep Moliner","date":"30 de juliol de 2015","format":false,"excerpt":"Un dia del segle passat va venir, i com fem tothom, a veure qu\u00e8 tal s'entrena en grup des de la Masia de Torre Moss\u00e8n Homs i, uns quedem enganxats dies, altres mesos, alguns anys i l'Anna Cos: sempre. Vagis per on vagis, saps que es parla b\u00e9 d'ella. Amb\u2026","rel":"","context":"A &quot;General&quot;","block_context":{"text":"General","link":"https:\/\/blogs.avui.cat\/pepmoliner\/category\/general\/"},"img":{"alt_text":"","src":"","width":0,"height":0},"classes":[]},{"id":604,"url":"https:\/\/blogs.avui.cat\/pepmoliner\/2011\/03\/04\/can-palet-la-mola-can-palet\/","url_meta":{"origin":1440,"position":3},"title":"Can Palet &#8211; La Mola &#8211; Can Palet","author":"Pep Moliner","date":"4 de mar\u00e7 de 2011","format":false,"excerpt":"Als que ens agrada tot aix\u00f2 de la natura, el camp, l'esport, sempre en portem una de cap. Tinc for\u00e7a amics que van des de Terrassa a la Mola i tornen amb total normalitat. Per mi la Mola, \u00e9s una imatge que tinc molt interioritzada i sempre em fa companyia\u2026","rel":"","context":"A &quot;General&quot;","block_context":{"text":"General","link":"https:\/\/blogs.avui.cat\/pepmoliner\/category\/general\/"},"img":{"alt_text":"","src":"","width":0,"height":0},"classes":[]},{"id":2374,"url":"https:\/\/blogs.avui.cat\/pepmoliner\/2013\/01\/29\/mitja-marato-de-terrassa-en-1h29\/","url_meta":{"origin":1440,"position":4},"title":"Mitja Marat\u00f3 de Terrassa en 1h29","author":"Pep Moliner","date":"29 de gener de 2013","format":false,"excerpt":"Jo he gaudit com sempre a la mitja de Terrassa, patint m\u00e9s del compte: tot sigui dit. Ha estat divertit aquestes darreres setmanes, pels entrenaments que hem fet envoltats d'amics i gaudint de la tranquil\u00b7litat dels carrers de Terrassa de bon mat\u00ed. Avui l'hora de la veritat; No faig gaireb\u00e9\u2026","rel":"","context":"A &quot;General&quot;","block_context":{"text":"General","link":"https:\/\/blogs.avui.cat\/pepmoliner\/category\/general\/"},"img":{"alt_text":"SOC DISSENYADOR I TREBALLO COM AUT\u00d2NOM, ESPERO LA TEVA COMANDA ;)","src":"..\/files\/2012\/02\/josepmolinerDisseny381x111.gif","width":350,"height":200},"classes":[]},{"id":229,"url":"https:\/\/blogs.avui.cat\/pepmoliner\/2010\/03\/26\/quaranta-dos-mossenaires-bon-numero-maratonia\/","url_meta":{"origin":1440,"position":5},"title":"Quaranta dos Mossenaires: bon n\u00famero maratoni\u00e0","author":"Pep Moliner","date":"26 de mar\u00e7 de 2010","format":false,"excerpt":"De nou bona noticia que ens ajuntem a c\u00f3rrer tota una colla de gent, amb la intenci\u00f3 de passar una bona estona per llocs coneguts i que acabem prou contents per a tornar-hi. Llavors es sol aconsellar a amics i coneguts i l'un per l'altre, afegim valor a la trobada.\u2026","rel":"","context":"A &quot;General&quot;","block_context":{"text":"General","link":"https:\/\/blogs.avui.cat\/pepmoliner\/category\/general\/"},"img":{"alt_text":"","src":"","width":0,"height":0},"classes":[]}],"_links":{"self":[{"href":"https:\/\/blogs.avui.cat\/pepmoliner\/wp-json\/wp\/v2\/posts\/1440","targetHints":{"allow":["GET"]}}],"collection":[{"href":"https:\/\/blogs.avui.cat\/pepmoliner\/wp-json\/wp\/v2\/posts"}],"about":[{"href":"https:\/\/blogs.avui.cat\/pepmoliner\/wp-json\/wp\/v2\/types\/post"}],"author":[{"embeddable":true,"href":"https:\/\/blogs.avui.cat\/pepmoliner\/wp-json\/wp\/v2\/users\/171"}],"replies":[{"embeddable":true,"href":"https:\/\/blogs.avui.cat\/pepmoliner\/wp-json\/wp\/v2\/comments?post=1440"}],"version-history":[{"count":12,"href":"https:\/\/blogs.avui.cat\/pepmoliner\/wp-json\/wp\/v2\/posts\/1440\/revisions"}],"predecessor-version":[{"id":1444,"href":"https:\/\/blogs.avui.cat\/pepmoliner\/wp-json\/wp\/v2\/posts\/1440\/revisions\/1444"}],"wp:attachment":[{"href":"https:\/\/blogs.avui.cat\/pepmoliner\/wp-json\/wp\/v2\/media?parent=1440"}],"wp:term":[{"taxonomy":"category","embeddable":true,"href":"https:\/\/blogs.avui.cat\/pepmoliner\/wp-json\/wp\/v2\/categories?post=1440"},{"taxonomy":"post_tag","embeddable":true,"href":"https:\/\/blogs.avui.cat\/pepmoliner\/wp-json\/wp\/v2\/tags?post=1440"}],"curies":[{"name":"wp","href":"https:\/\/api.w.org\/{rel}","templated":true}]}}