{"id":138,"date":"2009-04-29T18:59:07","date_gmt":"2009-04-29T16:59:07","guid":{"rendered":"http:\/\/blogs.avui.cat\/pepmoliner\/2009\/04\/29\/cinc-cims-amb-10h38\/"},"modified":"2009-04-30T11:32:55","modified_gmt":"2009-04-30T09:32:55","slug":"cinc-cims-amb-10h38","status":"publish","type":"post","link":"https:\/\/blogs.avui.cat\/pepmoliner\/2009\/04\/29\/cinc-cims-amb-10h38\/","title":{"rendered":"Els Cinc Cims amb 10h 38&#8242;"},"content":{"rendered":"<p><img data-recalc-dims=\"1\" decoding=\"async\" src=\"https:\/\/i0.wp.com\/lh3.ggpht.com\/_GgLw52r2N3I\/Sfh-NSvZDJI\/AAAAAAAAKVs\/IVPNZuSligM\/s400\/5cims%2026-04-2009%2008-53-02.JPG\" border=\"0\" \/><\/p>\n<p>Sonava b\u00e9 aix\u00f2 dels &#8220;cinc cims&#8221; i aprofitar l&#8217;experi\u00e8ncia de les vuit edicions anteriors i llegint f\u00f2rums antics, et podies fer una idea del que m&#8217;esperava. Doncs sempre hi ha coses que fan que la jornada no sigui previsible. Arribo perfecte al centre excursionista de Castellar, all\u00e0 saludar a l&#8217;Anna, la muller de Josep M\u00aa Torras, un mite del m\u00f3n de les curses i excursionisme i de moltes altres coses.<\/p>\n<p><img data-recalc-dims=\"1\" decoding=\"async\" src=\"https:\/\/i0.wp.com\/lh5.ggpht.com\/_GgLw52r2N3I\/Sfh-DndObnI\/AAAAAAAAKUU\/oDWYuPeQJ_0\/s400\/5cims%2026-04-2009%2006-16-20.JPG\" border=\"0\" \/><br \/>\n<img data-recalc-dims=\"1\" decoding=\"async\" src=\"https:\/\/i0.wp.com\/lh6.ggpht.com\/_GgLw52r2N3I\/Sfh-EhoHI7I\/AAAAAAAAKUc\/d4UzhtXxSFM\/s400\/5cims%2026-04-2009%2006-17-17.JPG\" border=\"0\" \/><br \/>\n<img data-recalc-dims=\"1\" decoding=\"async\" src=\"https:\/\/i0.wp.com\/lh4.ggpht.com\/_GgLw52r2N3I\/Sfh-F6GgbRI\/AAAAAAAAKUk\/3K6XWI8Hlro\/s400\/5cims%2026-04-2009%2006-17-40.JPG\" border=\"0\" \/><br \/>\nTamb\u00e9 puc parlar amb algun altre amic i just quan deixava el control de sortida, em trobo a l&#8217;Anna Cos, J.L.Franco i l&#8217;Alfred que aviat em passarien i for\u00e7a de pressa. Tamb\u00e9 just a la sortida Xavier Caros preparant els bastons.<br \/>\nSegueixo a la gent i miro les tires pl\u00e0stiques fins deixar la ciutat i inicio el recorregut en direcci\u00f3 al canal de Santa Agn\u00e9s, que no conec gaire, per\u00f2 que sento que es diu aix\u00ed. Anem enfilant la muntanya sense massa bones vistes, per la boira baixa.<br \/>\n<img data-recalc-dims=\"1\" decoding=\"async\" src=\"https:\/\/i0.wp.com\/lh3.ggpht.com\/_GgLw52r2N3I\/Sfh-HVJtLVI\/AAAAAAAAKU0\/7Hx0DImNsqQ\/s400\/5cims%2026-04-2009%2006-20-47.JPG\" border=\"0\" \/><br \/>\n<img data-recalc-dims=\"1\" decoding=\"async\" src=\"https:\/\/i0.wp.com\/lh6.ggpht.com\/_GgLw52r2N3I\/Sfh-GjvjDhI\/AAAAAAAAKbE\/_Y_IIq5QOeE\/s400\/5cims%2026-04-2009%2006-20-35.JPG\" border=\"0\" \/><br \/>\nAmb aquest noi vaig pujar a la Mola i una n\u00f2ia que havia fet la marxa dels matxos la setmana passada<br \/>\n<img data-recalc-dims=\"1\" decoding=\"async\" src=\"https:\/\/i0.wp.com\/lh3.ggpht.com\/_GgLw52r2N3I\/Sfh-H6Db9lI\/AAAAAAAAKU8\/3mul7yVRUrs\/s400\/5cims%2026-04-2009%2007-14-47.JPG\" border=\"0\" \/><br \/>\nArribo dalt, fitxo i cap al Montcau. All\u00e0 em creuo amb els tres companys abans citats que anaven de baixada pel mateix lloc on nosaltres puj\u00e0vem.<\/p>\n<p><img data-recalc-dims=\"1\" decoding=\"async\" src=\"https:\/\/i0.wp.com\/lh3.ggpht.com\/_GgLw52r2N3I\/Sfh-I7rfoDI\/AAAAAAAAKVE\/0rj4jAzN3UU\/s400\/5cims%2026-04-2009%2007-56-33.JPG\" border=\"0\" \/><br \/>\n<img data-recalc-dims=\"1\" decoding=\"async\" src=\"https:\/\/i0.wp.com\/lh3.ggpht.com\/_GgLw52r2N3I\/Sfh-J5Rr8WI\/AAAAAAAAKVM\/sSehb6Ths9g\/s400\/5cims%2026-04-2009%2008-00-24.JPG\" border=\"0\" \/><br \/>\nDalt el Josep M\u00aa ens fitxava i fa anar el comentari de que encara ens escaparem de la pluja i pot sortir el sol. Alguna goteta anava caient. Arribo a Coll d&#8217;Eres i vaig baixant direcci\u00f3 a la font del Llor i vindria la primera sorpresa: m&#8217;equivoco i quan no veig senyals penso, torna enrera i venien un parell perduts com jo, que insisteixen en que anava b\u00e9. Doncs no, s&#8217;ha de tornar a recular per segona vegada. Ara si, hi tornem i al cap de poca estona ens posem pel mig d&#8217;unes bardisses que no hi ha manera de sortir-se&#8217;n, tot i que ara ja \u00e9rem quatre. Un d&#8217;ells, em recordava algun familiar meu, amb un parlar d&#8217;all\u00f2 m\u00e9s educat i amb un fil agradable. Tot esgarrinxat i sagnant una mica, tornem a la via bona i decideixo deixar els dos esverats per anar pel meu compte i aix\u00ed mica en mica arribar, a la font del Llor on els r\u00e0pids passaven de llarg i m&#8217;aturo a retratar i veure una mica.<\/p>\n<p><img data-recalc-dims=\"1\" decoding=\"async\" src=\"https:\/\/i0.wp.com\/lh6.ggpht.com\/_GgLw52r2N3I\/Sfh-MWFcP0I\/AAAAAAAAKVk\/veF4gJkbOMQ\/s400\/5cims%2026-04-2009%2008-52-41.JPG\" border=\"0\" \/><br \/>\n<img data-recalc-dims=\"1\" decoding=\"async\" src=\"https:\/\/i0.wp.com\/lh5.ggpht.com\/_GgLw52r2N3I\/Sfh-KuvSCfI\/AAAAAAAAKVU\/qeO-eFL8s6g\/s400\/5cims%2026-04-2009%2008-50-17.JPG\" border=\"0\" \/><\/p>\n<p><img data-recalc-dims=\"1\" decoding=\"async\" src=\"https:\/\/i0.wp.com\/lh5.ggpht.com\/_GgLw52r2N3I\/Sfh-LQfnU9I\/AAAAAAAAKVc\/SnMu2C_o9y8\/s400\/5cims%2026-04-2009%2008-50-26.JPG\" border=\"0\" \/><\/p>\n<p>Aviat trobarem un avituallament on la coca i el cacaolat ajudaran a refer-se de l&#8217;aventura,<\/p>\n<p><img data-recalc-dims=\"1\" decoding=\"async\" src=\"https:\/\/i0.wp.com\/lh3.ggpht.com\/_GgLw52r2N3I\/Sfh-OKSWvHI\/AAAAAAAAKV0\/ZGC8n3nQLVs\/s400\/5cims%2026-04-2009%2008-58-13.JPG\" border=\"0\" \/><br \/>\nAra vaig seguint tot sol i tot i que les senyals no em donen confian\u00e7a,<br \/>\n<img data-recalc-dims=\"1\" decoding=\"async\" src=\"https:\/\/i0.wp.com\/lh4.ggpht.com\/_GgLw52r2N3I\/Sfh-PJpnCBI\/AAAAAAAAKV8\/q37KRqQMFy0\/s400\/5cims%2026-04-2009%2009-01-15.JPG\" border=\"0\" \/><br \/>\n<img data-recalc-dims=\"1\" decoding=\"async\" src=\"https:\/\/i0.wp.com\/lh6.ggpht.com\/_GgLw52r2N3I\/Sfh-QC75B4I\/AAAAAAAAKWE\/t0ezuxKjCPY\/s400\/5cims%2026-04-2009%2009-02-08.JPG\" border=\"0\" \/><br \/>\n<img data-recalc-dims=\"1\" decoding=\"async\" src=\"https:\/\/i0.wp.com\/lh5.ggpht.com\/_GgLw52r2N3I\/Sfh-RGIQQ1I\/AAAAAAAAKWM\/LFNPTdmQl8Y\/s400\/5cims%2026-04-2009%2009-07-14.JPG\" border=\"0\" \/><br \/>\n<img data-recalc-dims=\"1\" decoding=\"async\" src=\"https:\/\/i0.wp.com\/lh3.ggpht.com\/_GgLw52r2N3I\/Sfh-SCg-bcI\/AAAAAAAAKWU\/hcYf3a9jwfU\/s400\/5cims%2026-04-2009%2009-10-12.JPG\" border=\"0\" \/><br \/>\n<img data-recalc-dims=\"1\" decoding=\"async\" src=\"https:\/\/i0.wp.com\/lh5.ggpht.com\/_GgLw52r2N3I\/Sfh-SwRF9YI\/AAAAAAAAKWc\/jUDk7aTTLiI\/s400\/5cims%2026-04-2009%2009-10-22.JPG\" border=\"0\" \/><br \/>\n<img data-recalc-dims=\"1\" decoding=\"async\" src=\"https:\/\/i0.wp.com\/lh4.ggpht.com\/_GgLw52r2N3I\/Sfh-T-3kZcI\/AAAAAAAAKWk\/DsJmSfO8m0U\/s400\/5cims%2026-04-2009%2009-11-12.JPG\" border=\"0\" \/><br \/>\n<img data-recalc-dims=\"1\" decoding=\"async\" src=\"https:\/\/i0.wp.com\/lh6.ggpht.com\/_GgLw52r2N3I\/Sfh-U6lu-AI\/AAAAAAAAKWs\/kFulDvjs8N8\/s400\/5cims%2026-04-2009%2009-12-42.JPG\" border=\"0\" \/><\/p>\n<p>vaig endavant, fins que a un lloc i de lluny veig que els que em precedeixen a bastant dist\u00e0ncia es salten els senyals; els xiulo i jo vaig seguint els senyals.<br \/>\n<img data-recalc-dims=\"1\" decoding=\"async\" src=\"https:\/\/i0.wp.com\/lh4.ggpht.com\/_GgLw52r2N3I\/Sfh-VmbpjhI\/AAAAAAAAKW0\/SjXsBDNRWvk\/s400\/5cims%2026-04-2009%2009-18-13.JPG\" border=\"0\" \/><br \/>\n<img data-recalc-dims=\"1\" decoding=\"async\" src=\"https:\/\/i0.wp.com\/lh4.ggpht.com\/_GgLw52r2N3I\/Sfh-W7XQLUI\/AAAAAAAAKW8\/GzRLOGMkwug\/s400\/5cims%2026-04-2009%2009-18-30.JPG\" border=\"0\" \/><br \/>\n<img data-recalc-dims=\"1\" decoding=\"async\" src=\"https:\/\/i0.wp.com\/lh5.ggpht.com\/_GgLw52r2N3I\/Sfh-X1nJuXI\/AAAAAAAAKXE\/V4c1C_x4ibo\/s400\/5cims%2026-04-2009%2009-22-13.JPG\" border=\"0\" \/><br \/>\n<img data-recalc-dims=\"1\" decoding=\"async\" src=\"https:\/\/i0.wp.com\/lh3.ggpht.com\/_GgLw52r2N3I\/Sfh-YgwkuBI\/AAAAAAAAKXM\/F-6-oVpNluA\/s400\/5cims%2026-04-2009%2009-22-27.JPG\" border=\"0\" \/><\/p>\n<p>Passada una estona venia tot de gent en sentit contrari i em pregunten d&#8217;on venim. Eren els que posaven els senyals d&#8217;una altre marxa.<br \/>\n<img data-recalc-dims=\"1\" decoding=\"async\" src=\"https:\/\/i0.wp.com\/lh6.ggpht.com\/_GgLw52r2N3I\/Sfh-Zf20BKI\/AAAAAAAAKXU\/yOIU8u0Spno\/s400\/5cims%2026-04-2009%2009-22-48.JPG\" border=\"0\" \/><\/p>\n<p>Ara ens anem creuant amb molta gent i en un moment donant veig que \u00e9s &#8220;La Marxa de la regularitat, de Castellar del Vall\u00e8s&#8221;. Un esglai s&#8217;apodera de mi: a veure si m&#8217;he equivocat i torno a ser a Castellar.<br \/>\n<img data-recalc-dims=\"1\" decoding=\"async\" src=\"https:\/\/i0.wp.com\/lh4.ggpht.com\/_GgLw52r2N3I\/Sfh-aece6dI\/AAAAAAAAKXc\/ewNu7uu2Gsw\/s400\/5cims%2026-04-2009%2009-34-20.JPG\" border=\"0\" \/><\/p>\n<p>Vaig a un ritme molt lent i per aquelles casualitats, m&#8217;atrapen en Josep Casals i la Marta. I no, tranquil\u00b7litat: estem a Sant Lloren\u00e7 Savall.<br \/>\n<img data-recalc-dims=\"1\" decoding=\"async\" src=\"https:\/\/i0.wp.com\/lh3.ggpht.com\/_GgLw52r2N3I\/Sfh-bUEt8PI\/AAAAAAAAKXk\/fcXBleQo7JA\/s400\/5cims%2026-04-2009%2009-40-51.JPG\" border=\"0\" \/><\/p>\n<p>Fitxem a la pla\u00e7a i em diuen que van buscant un lloc on veure, ja que no porten beguda i van patint.<\/p>\n<p><img data-recalc-dims=\"1\" decoding=\"async\" src=\"https:\/\/i0.wp.com\/lh4.ggpht.com\/_GgLw52r2N3I\/Sfh-cTgWoiI\/AAAAAAAAKXs\/Qk8fT3uF43o\/s400\/5cims%2026-04-2009%2009-41-34.JPG\" border=\"0\" \/><br \/>\n<img data-recalc-dims=\"1\" decoding=\"async\" src=\"https:\/\/i0.wp.com\/lh5.ggpht.com\/_GgLw52r2N3I\/Sfh-dKEATEI\/AAAAAAAAKX0\/QvZzSO64z1o\/s400\/5cims%2026-04-2009%2009-58-38.JPG\" border=\"0\" \/><br \/>\nA en Josep li ofereixo de la que porto, per\u00f2 ser\u00e0 a raig de canti del proper control on veu tant, que incl\u00fas no li senta massa b\u00e9.<br \/>\n<img data-recalc-dims=\"1\" decoding=\"async\" src=\"https:\/\/i0.wp.com\/lh5.ggpht.com\/_GgLw52r2N3I\/Sfh-eG04QCI\/AAAAAAAAKX8\/L_NdMQZWQ8E\/s400\/5cims%2026-04-2009%2010-16-27.JPG\" border=\"0\" \/><\/p>\n<p>Passem una bona estona trotant i xerrant i veig que m&#8217;estic desgastant molt r\u00e0pidament i quan veig un grupet els deixo marxar i veig com desapareixen mica en mica tots dos.<br \/>\nAra venia el que creia que m&#8217;escaparia. Unes gotes molt grosses donaven un pista de la tempesta que aviat em deixaria mullar de les celles a les ungles dels peus, sense oblidar un mil\u00b7l\u00edmetre. A m\u00e9s, en un moment donat em passa un caminant i donat que hi ha incl\u00fas turmenta el\u00e8ctrica, que aturem els m\u00f2bils. Ara toca treure&#8217;s la papalina tota xopa, mullar-se encara m\u00e9s, buscar el m\u00f2bil a la motxilla i tocar l&#8217;off. Continuo mig caminant mig patinant i per acabar-ho d&#8217;adobar pedre. Arribo a un encreuament on hi havia un avituallament i ens diuen que no podem menjar fins pujar abans a Sant Sadurn\u00ed de Gallifa a fitxar. Entre patinades, les mans fredes com el gel, els ensurts per la meva poca gr\u00e0cia i les espardenyes una mica inadequades, arribo dalt on s&#8217;ofereixen en cercar el cart\u00f3 dins de la meva motxilla.<br \/>\nAra si, avall una bona estona fins a fer un entrepanet de formatge i un parell de gots de cola.<br \/>\nAra si que el cam\u00ed es torna perillosissim per persones com jo que son la patositat en persona, per\u00f2 mica en pica va aturant-se la pluja i va veient-se zones de blau al cel.<br \/>\n<img data-recalc-dims=\"1\" decoding=\"async\" src=\"https:\/\/i0.wp.com\/lh5.ggpht.com\/_GgLw52r2N3I\/Sfh-fOIoLwI\/AAAAAAAAKYE\/eywrFimyM-s\/s400\/5cims%2026-04-2009%2012-50-59.JPG\" border=\"0\" \/><br \/>\n<img data-recalc-dims=\"1\" decoding=\"async\" src=\"https:\/\/i0.wp.com\/lh3.ggpht.com\/_GgLw52r2N3I\/Sfh-gOdKHJI\/AAAAAAAAKYM\/eQBdF2GOZ8k\/s400\/5cims%2026-04-2009%2012-51-07.JPG\" border=\"0\" \/><br \/>\n<img data-recalc-dims=\"1\" decoding=\"async\" src=\"https:\/\/i0.wp.com\/lh6.ggpht.com\/_GgLw52r2N3I\/Sfh-hMFtWVI\/AAAAAAAAKYU\/5HsA5aDoj-U\/s400\/5cims%2026-04-2009%2012-52-58.JPG\" border=\"0\" \/><br \/>\n<img data-recalc-dims=\"1\" decoding=\"async\" src=\"https:\/\/i0.wp.com\/lh6.ggpht.com\/_GgLw52r2N3I\/Sfh-iYEIzLI\/AAAAAAAAKYc\/R4WgF4eEbW4\/s400\/5cims%2026-04-2009%2012-53-10.JPG\" border=\"0\" \/><\/p>\n<p>Aqu\u00ed es va donar una an\u00e8cdota, que jo analitzant veia clar que no seria capa\u00e7 de sortir aixut de passar aquest tronc, deixo passar a qui m&#8217;anava darrera que semblava un expert, i peu a l&#8217;aigua i a m\u00e9s deixa el tronc mullat. Ve un altre home i tamb\u00e9 el deixo passar dient que ho estic estudiant. Fa gr\u00e0cia, que ho veu clar\u00edssim. Mala sort que havia amagat la c\u00e0mera, donat que va anar tot ell al mig de l&#8217;aigua de quatre potes. Jo, a partir de les pedres: tamb\u00e9 peus dins.<br \/>\nAra b\u00e9 el Farell on fem una bona recuperaci\u00f3<br \/>\n<img data-recalc-dims=\"1\" decoding=\"async\" src=\"https:\/\/i0.wp.com\/lh6.ggpht.com\/_GgLw52r2N3I\/Sfh-j7823tI\/AAAAAAAAKYk\/2DPseeRrJXM\/s400\/5cims%2026-04-2009%2013-56-44.JPG\" border=\"0\" \/><br \/>\n<img data-recalc-dims=\"1\" decoding=\"async\" src=\"https:\/\/i0.wp.com\/lh6.ggpht.com\/_GgLw52r2N3I\/Sfh-lNhRLzI\/AAAAAAAAKYs\/_fbqvggPc38\/s400\/5cims%2026-04-2009%2013-56-53.JPG\" border=\"0\" \/><br \/>\n<img data-recalc-dims=\"1\" decoding=\"async\" src=\"https:\/\/i0.wp.com\/lh3.ggpht.com\/_GgLw52r2N3I\/Sfh-makNRWI\/AAAAAAAAKY0\/qpG3wXOBGpo\/s400\/5cims%2026-04-2009%2013-57-00.JPG\" border=\"0\" \/><\/p>\n<p>Pujant, pujant fins el Pic del Vent, arribo dalt, miro les boniques vistes i al cap d&#8217;una estona tornava a estar perdut.<\/p>\n<p><img data-recalc-dims=\"1\" decoding=\"async\" src=\"https:\/\/i0.wp.com\/lh3.ggpht.com\/_GgLw52r2N3I\/Sfh-nFhC-bI\/AAAAAAAAKY8\/LKFfHRzLGxY\/s400\/5cims%2026-04-2009%2014-08-32.JPG\" border=\"0\" \/><br \/>\n<img data-recalc-dims=\"1\" decoding=\"async\" src=\"https:\/\/i0.wp.com\/lh3.ggpht.com\/_GgLw52r2N3I\/Sfh-n513PVI\/AAAAAAAAKZE\/WvNICNsA2Wg\/s400\/5cims%2026-04-2009%2014-08-57.JPG\" border=\"0\" \/><br \/>\n<img data-recalc-dims=\"1\" decoding=\"async\" src=\"https:\/\/i0.wp.com\/lh5.ggpht.com\/_GgLw52r2N3I\/Sfh-o_D5_WI\/AAAAAAAAKZM\/3Wv1uXiH-Fg\/s400\/5cims%2026-04-2009%2014-09-05.JPG\" border=\"0\" \/><br \/>\n<img data-recalc-dims=\"1\" decoding=\"async\" src=\"https:\/\/i0.wp.com\/lh6.ggpht.com\/_GgLw52r2N3I\/Sfh-poXrS1I\/AAAAAAAAKZU\/RvfRr8JR_6k\/s400\/5cims%2026-04-2009%2014-09-13.JPG\" border=\"0\" \/><br \/>\n<img data-recalc-dims=\"1\" decoding=\"async\" src=\"https:\/\/i0.wp.com\/lh4.ggpht.com\/_GgLw52r2N3I\/Sfh-qZ2GnCI\/AAAAAAAAKZc\/X6xxFFNNA_o\/s400\/5cims%2026-04-2009%2014-09-30.JPG\" border=\"0\" \/><br \/>\n<img data-recalc-dims=\"1\" decoding=\"async\" src=\"https:\/\/i0.wp.com\/lh5.ggpht.com\/_GgLw52r2N3I\/Sfh-roY-7eI\/AAAAAAAAKZk\/2LB2QErO7LA\/s400\/5cims%2026-04-2009%2014-09-37.JPG\" border=\"0\" \/><br \/>\n<img data-recalc-dims=\"1\" decoding=\"async\" src=\"https:\/\/i0.wp.com\/lh3.ggpht.com\/_GgLw52r2N3I\/Sfh-sRYtlhI\/AAAAAAAAKZw\/ZpEj4Pz1AQo\/s400\/5cims%2026-04-2009%2014-09-52.JPG\" border=\"0\" \/><br \/>\n<img data-recalc-dims=\"1\" decoding=\"async\" src=\"https:\/\/i0.wp.com\/lh6.ggpht.com\/_GgLw52r2N3I\/Sfh-tXIET-I\/AAAAAAAAKZ4\/Ppi37xrBZxA\/s400\/5cims%2026-04-2009%2014-11-15.JPG\" border=\"0\" \/><br \/>\n<img data-recalc-dims=\"1\" decoding=\"async\" src=\"https:\/\/i0.wp.com\/lh4.ggpht.com\/_GgLw52r2N3I\/Sfh-t5hg6BI\/AAAAAAAAKaA\/RE7nkB9Whz8\/s400\/5cims%2026-04-2009%2014-12-01.JPG\" border=\"0\" \/><\/p>\n<p>Refaig les meves passes i vet a qui que em torno a trobar a l&#8217;home que hav\u00edem sortit plegats de les bardisses. Vaig descobrir que no s&#8217;havia fixat en mi, cosa normal, i m&#8217;ajuda amb el seu coneixement i tot i que les senyals no estaven gens clares, ens porta al cam\u00ed. A partir d&#8217;aqu\u00ed ja no el deixar\u00e9 i no tan sols aix\u00f2 si no que b\u00e9 un noi de Sabadell amb el que anirem tots tres tota l&#8217;estona, anar parlant de tot tipus de temes relacionats amb caminades, maratons, marxes, racons fins al puig de la creu on el control ens informa que han passat setanta-cinc persones.<br \/>\nAnem baixant i passem que davant de casa seva, on tota la seva fam\u00edlia l&#8217;estan esperant i fan boniques bromes, tot molt divertit.<\/p>\n<p><img data-recalc-dims=\"1\" decoding=\"async\" src=\"https:\/\/i0.wp.com\/lh6.ggpht.com\/_GgLw52r2N3I\/Sfh-vdYwouI\/AAAAAAAAKaI\/dUTNRJyGvTA\/s400\/5cims%2026-04-2009%2015-40-34.JPG\" border=\"0\" \/><br \/>\n<img data-recalc-dims=\"1\" decoding=\"async\" src=\"https:\/\/i0.wp.com\/lh3.ggpht.com\/_GgLw52r2N3I\/Sfh-wwtTD-I\/AAAAAAAAKaQ\/QaSSIJkMMsM\/s400\/5cims%2026-04-2009%2015-40-45.JPG\" border=\"0\" \/><br \/>\n<img data-recalc-dims=\"1\" decoding=\"async\" src=\"https:\/\/i0.wp.com\/lh5.ggpht.com\/_GgLw52r2N3I\/Sfh9yrB2X4I\/AAAAAAAAKUM\/P-Qoi8hcGsk\/s400\/5cims%2026-04-2009%2015-40-53.JPG\" border=\"0\" \/><br \/>\nAl centre ens donen una samarreta, un llibre, un tall de coca i cola, i saludo de nou l&#8217;Anna de&#8217;n J.Torras i cap a casa amb les ganes de repetir.<\/p>\n","protected":false},"excerpt":{"rendered":"<p>Sonava b\u00e9 aix\u00f2 dels &#8220;cinc cims&#8221; i aprofitar l&#8217;experi\u00e8ncia de les vuit edicions anteriors i llegint f\u00f2rums antics, et podies fer una idea del que m&#8217;esperava. Doncs sempre hi ha coses que fan que la jornada no sigui previsible. Arribo perfecte al centre excursionista de Castellar, all\u00e0 saludar a l&#8217;Anna, la muller de Josep M\u00aa [&hellip;]<\/p>\n","protected":false},"author":171,"featured_media":0,"comment_status":"open","ping_status":"open","sticky":false,"template":"","format":"standard","meta":{"jetpack_post_was_ever_published":false,"_jetpack_newsletter_access":"","_jetpack_dont_email_post_to_subs":false,"_jetpack_newsletter_tier_id":0,"_jetpack_memberships_contains_paywalled_content":false,"_jetpack_memberships_contains_paid_content":false,"footnotes":"","jetpack_publicize_message":"","jetpack_publicize_feature_enabled":true,"jetpack_social_post_already_shared":false,"jetpack_social_options":{"image_generator_settings":{"template":"highway","default_image_id":0,"font":"","enabled":false},"version":2}},"categories":[1],"tags":[],"class_list":["post-138","post","type-post","status-publish","format-standard","hentry","category-general"],"jetpack_publicize_connections":[],"jetpack_featured_media_url":"","jetpack_sharing_enabled":true,"jetpack_shortlink":"https:\/\/wp.me\/pagkiK-2e","jetpack-related-posts":[{"id":299,"url":"https:\/\/blogs.avui.cat\/pepmoliner\/2009\/04\/29\/cinc-cims-amb-10h38-2\/","url_meta":{"origin":138,"position":0},"title":"Els Cinc Cims amb 10h 38&#8242;","author":"Pep Moliner","date":"29 d'abril de 2009","format":false,"excerpt":"Sonava b\u00e9 aix\u00f2 dels \"cinc cims\" i aprofitar l'experi\u00e8ncia de les vuit edicions anteriors i llegint f\u00f2rums antics, et podies fer una idea del que m'esperava. Doncs sempre hi ha coses que fan que la jornada no sigui previsible. Arribo perfecte al centre excursionista de Castellar, all\u00e0 saludar a l'Anna,\u2026","rel":"","context":"A &quot;General&quot;","block_context":{"text":"General","link":"https:\/\/blogs.avui.cat\/pepmoliner\/category\/general\/"},"img":{"alt_text":"","src":"","width":0,"height":0},"classes":[]},{"id":2445,"url":"https:\/\/blogs.avui.cat\/pepmoliner\/2013\/02\/10\/viladecavalls-5-cims\/","url_meta":{"origin":138,"position":1},"title":"Viladecavalls: 5 cims","author":"Pep Moliner","date":"10 de febrer de 2013","format":false,"excerpt":"Visc a tocar de la muntanya i aquestes no les havia \"patejat\" i em feia especial il\u00b7lusi\u00f3 fer-ho i qu\u00e8 millor anar-hi amb els amics amb els que porto un munt d'anys corretejant i algun de nou. La sortida comen\u00e7ava just a l'andana de l'estaci\u00f3 de Viladecavalls: curi\u00f3s que encara\u2026","rel":"","context":"A &quot;General&quot;","block_context":{"text":"General","link":"https:\/\/blogs.avui.cat\/pepmoliner\/category\/general\/"},"img":{"alt_text":"SOC DISSENYADOR I TREBALLO COM AUT\u00d2NOM, ESPERO LA TEVA COMANDA ;)","src":"https:\/\/i0.wp.com\/blogs.avui.cat\/pepmoliner\/files\/2012\/02\/josepmolinerDisseny381x111.gif?resize=350%2C200","width":350,"height":200},"classes":[]},{"id":5761,"url":"https:\/\/blogs.avui.cat\/pepmoliner\/2023\/01\/18\/can-mossenaire-a-can-roure\/","url_meta":{"origin":138,"position":2},"title":"Can Mossenaire a can Roure","author":"Pep Moliner","date":"18 de gener de 2023","format":false,"excerpt":"La principal novetat de la trobada, sou vosaltres. No hi ha dos dies iguals a la vida. El circuit triat t\u00e9 aquesta novetat de passar per sota el pont, i donar la possibilitat de veure-ho ara en directe. Veureu que avui hem fet un v\u00eddeo per veure-ho molt millor. Tamb\u00e9\u2026","rel":"","context":"A &quot;General&quot;","block_context":{"text":"General","link":"https:\/\/blogs.avui.cat\/pepmoliner\/category\/general\/"},"img":{"alt_text":"","src":"https:\/\/i0.wp.com\/blogger.googleusercontent.com\/img\/b\/R29vZ2xl\/AVvXsEiBvgxYnf4WPtX5shnmRg8KSgEdK0vN4oo_h9ycucfRscVq2m_8LfBNSNcixax-TiqIk_LqED3G3jbMsqtI3_yZT-W9LacD1brz_J3GfqviYjZ1sdyaLJVnJyt8EQ2-Hxwn7l2CpQVZNHHNBefR5nTpoz_OzH3HwuFKfvkPCOfSxZrsbTFc68Tg54H4mA\/w640-h440\/87-Mossenaires_14gener2023.caminar.jpg?resize=350%2C200&ssl=1","width":350,"height":200,"srcset":"https:\/\/i0.wp.com\/blogger.googleusercontent.com\/img\/b\/R29vZ2xl\/AVvXsEiBvgxYnf4WPtX5shnmRg8KSgEdK0vN4oo_h9ycucfRscVq2m_8LfBNSNcixax-TiqIk_LqED3G3jbMsqtI3_yZT-W9LacD1brz_J3GfqviYjZ1sdyaLJVnJyt8EQ2-Hxwn7l2CpQVZNHHNBefR5nTpoz_OzH3HwuFKfvkPCOfSxZrsbTFc68Tg54H4mA\/w640-h440\/87-Mossenaires_14gener2023.caminar.jpg?resize=350%2C200&ssl=1 1x, https:\/\/i0.wp.com\/blogger.googleusercontent.com\/img\/b\/R29vZ2xl\/AVvXsEiBvgxYnf4WPtX5shnmRg8KSgEdK0vN4oo_h9ycucfRscVq2m_8LfBNSNcixax-TiqIk_LqED3G3jbMsqtI3_yZT-W9LacD1brz_J3GfqviYjZ1sdyaLJVnJyt8EQ2-Hxwn7l2CpQVZNHHNBefR5nTpoz_OzH3HwuFKfvkPCOfSxZrsbTFc68Tg54H4mA\/w640-h440\/87-Mossenaires_14gener2023.caminar.jpg?resize=525%2C300&ssl=1 1.5x"},"classes":[]},{"id":4800,"url":"https:\/\/blogs.avui.cat\/pepmoliner\/2018\/11\/08\/vine-a-entrenar-a-can-socanna-amb-corredors-cat-i-mossenaires\/","url_meta":{"origin":138,"position":3},"title":"Vine a entrenar a Can Socanna, amb corredors.cat i Mossenaires","author":"Pep Moliner","date":"8 de novembre de 2018","format":false,"excerpt":"Moltes setmanes tenim alegries com la d\u2019aquest. Con\u00e8ixer a bona gent que ve de lluny, nom\u00e9s per ampliar els seus horitzons, alhora que s\u2019amplien els nostres, per aquesta oportunitat de saber coses, que sense aquesta oportunitat no coneixer\u00edem de primera m\u00e0: la vostra m\u00e0. I gaireb\u00e9 agades i agafats de\u2026","rel":"","context":"A &quot;Amistat&quot;","block_context":{"text":"Amistat","link":"https:\/\/blogs.avui.cat\/pepmoliner\/category\/amistat\/"},"img":{"alt_text":"","src":"","width":0,"height":0},"classes":[]},{"id":3842,"url":"https:\/\/blogs.avui.cat\/pepmoliner\/2015\/07\/30\/anna-cos-morera-mossenaire-major\/","url_meta":{"origin":138,"position":4},"title":"Anna Cos Morera &#8220;Mossenaire Major&#8221;","author":"Pep Moliner","date":"30 de juliol de 2015","format":false,"excerpt":"Un dia del segle passat va venir, i com fem tothom, a veure qu\u00e8 tal s'entrena en grup des de la Masia de Torre Moss\u00e8n Homs i, uns quedem enganxats dies, altres mesos, alguns anys i l'Anna Cos: sempre. Vagis per on vagis, saps que es parla b\u00e9 d'ella. Amb\u2026","rel":"","context":"A &quot;General&quot;","block_context":{"text":"General","link":"https:\/\/blogs.avui.cat\/pepmoliner\/category\/general\/"},"img":{"alt_text":"","src":"","width":0,"height":0},"classes":[]},{"id":379,"url":"https:\/\/blogs.avui.cat\/pepmoliner\/2010\/10\/30\/100-quilometres-en-pista-terrassa-en-10h33\/","url_meta":{"origin":138,"position":5},"title":"100 quil\u00f2metres en Pista . Terrassa ,  en 10h33&#8242;","author":"Pep Moliner","date":"30 d'octubre de 2010","format":false,"excerpt":"Soc en Pep A la pregunta;Recomanaries fer 100 quil\u00f2metres a un pista de 400 metres. ? resposta: i per qu\u00e8 no ?. Certament que les respostes poden ser variades i en funci\u00f3 de qui t'ho pregunti. En un \u00e8poca en que la que hi ha un boom per c\u00f3rrer per\u2026","rel":"","context":"A &quot;Competicions&quot;","block_context":{"text":"Competicions","link":"https:\/\/blogs.avui.cat\/pepmoliner\/category\/general\/competicions\/"},"img":{"alt_text":"","src":"","width":0,"height":0},"classes":[]}],"_links":{"self":[{"href":"https:\/\/blogs.avui.cat\/pepmoliner\/wp-json\/wp\/v2\/posts\/138","targetHints":{"allow":["GET"]}}],"collection":[{"href":"https:\/\/blogs.avui.cat\/pepmoliner\/wp-json\/wp\/v2\/posts"}],"about":[{"href":"https:\/\/blogs.avui.cat\/pepmoliner\/wp-json\/wp\/v2\/types\/post"}],"author":[{"embeddable":true,"href":"https:\/\/blogs.avui.cat\/pepmoliner\/wp-json\/wp\/v2\/users\/171"}],"replies":[{"embeddable":true,"href":"https:\/\/blogs.avui.cat\/pepmoliner\/wp-json\/wp\/v2\/comments?post=138"}],"version-history":[{"count":0,"href":"https:\/\/blogs.avui.cat\/pepmoliner\/wp-json\/wp\/v2\/posts\/138\/revisions"}],"wp:attachment":[{"href":"https:\/\/blogs.avui.cat\/pepmoliner\/wp-json\/wp\/v2\/media?parent=138"}],"wp:term":[{"taxonomy":"category","embeddable":true,"href":"https:\/\/blogs.avui.cat\/pepmoliner\/wp-json\/wp\/v2\/categories?post=138"},{"taxonomy":"post_tag","embeddable":true,"href":"https:\/\/blogs.avui.cat\/pepmoliner\/wp-json\/wp\/v2\/tags?post=138"}],"curies":[{"name":"wp","href":"https:\/\/api.w.org\/{rel}","templated":true}]}}