{"id":121,"date":"2009-03-14T14:28:19","date_gmt":"2009-03-14T12:28:19","guid":{"rendered":"http:\/\/blogs.avui.cat\/pepmoliner\/2009\/03\/14\/perduts-al-bosc\/"},"modified":"2009-03-14T14:28:19","modified_gmt":"2009-03-14T12:28:19","slug":"perduts-al-bosc","status":"publish","type":"post","link":"https:\/\/blogs.avui.cat\/pepmoliner\/2009\/03\/14\/perduts-al-bosc\/","title":{"rendered":"Perduts al bosc"},"content":{"rendered":"<p><img data-recalc-dims=\"1\" loading=\"lazy\" decoding=\"async\" src=\"https:\/\/i0.wp.com\/lh5.ggpht.com\/_GgLw52r2N3I\/Sb-UE1l6EnI\/AAAAAAAAJcU\/OIJbaEBQCgY\/s800\/mh100_2188.jpg?resize=468%2C304\" border=\"0\" height=\"304\" width=\"468\" \/><br \/>\nPerduts, si perduts. Ens han esborrat un circu\u00eft molt bonic, tot i que ens hem refet alguna cosa ha sortit. Sort de la bona predisposici\u00f3 de tots plegats. El mateix optimista Mirabet deia, que si, que si: an\u00e0vem b\u00e9. D\u00faiem al capdavant en Vicen\u00e7, que tenia al cap el que avui vol\u00edem fer i vet aqu\u00ed que no ens hem fet un embolic. Total; una an\u00e8cdota m\u00e9s. Estan fent tasques de tala al bosc i troncs d&#8217;un tamany immens estaven barrant el pas. B\u00e9 tret d&#8217;aix\u00f2, el dia era llampant i fant\u00e0stic per la pr\u00e0ctica esportiva i els amics, nombrosos i el que sempre us dic: sempre hi ha gent diferent, com per exemple en Xavier Caros que havia vingut expressament des de Barcelona. La Gemma que est\u00e0 treballant la seva lesi\u00f3, com la Montse que feia dies que no venia.<br \/>\nUn luxe tenir a en Vicente, proclamat recent campi\u00f3 de Marat\u00f3 de Catalunya de la categoria dels seixanta anys. I quins seixanta anys: sembla un xaval i a m\u00e9s t\u00e9 que suportar un mal a l&#8217;esquena que fa una bona colla d&#8217;anys li fa companyia.<br \/>\nUn molt bonic entrenament que va consistir en baixar fins els quatre camins i ara si, anar fins a la benzinera de Sabadell on ens fem la t\u00edpica fotografia amb la nostra estimada muntanya sempre present, per donar m\u00e9s lluentor l&#8217;entorn. Travessem el bosc de Can Deu fins a la zona de lleure on ens hidratem com moltes vegades i gaudim sempre de bones xerrades.<br \/>\n<img data-recalc-dims=\"1\" decoding=\"async\" src=\"https:\/\/i0.wp.com\/lh4.ggpht.com\/_GgLw52r2N3I\/Sb-TbxOxb5I\/AAAAAAAAJa8\/x19kCA_pB4A\/s400\/100_2182.jpg\" border=\"0\" \/><br \/>\nAbandonem la zona asfaltada, i al capdavant tenim la Rosa i la Gemma<br \/>\n<img data-recalc-dims=\"1\" decoding=\"async\" src=\"https:\/\/i0.wp.com\/lh6.ggpht.com\/_GgLw52r2N3I\/Sb-TgArKSSI\/AAAAAAAAJbE\/MW5_MjiSXUs\/s400\/100_2183.jpg\" border=\"0\" \/><br \/>\nMolts riallers i amb ganes de passar una bona estona. En Joan al darrera, ja \u00e9s un habitual.<br \/>\n<img data-recalc-dims=\"1\" decoding=\"async\" src=\"https:\/\/i0.wp.com\/lh6.ggpht.com\/_GgLw52r2N3I\/Sb-TkH1ypFI\/AAAAAAAAJbM\/kF5YpU9NM9E\/s400\/100_2184.jpg\" border=\"0\" \/><br \/>\nCom riem tots, per\u00f2 venir d&#8217;anar perduts pel bosc. Quatre arbres i encara en perdem. Per\u00f2 ens ho passem b\u00e9. Aqu\u00ed hi havia una bona pujada. L&#8217;Agust\u00ed de color taronja, una gran atleta.<br \/>\n<img data-recalc-dims=\"1\" decoding=\"async\" src=\"https:\/\/i0.wp.com\/lh3.ggpht.com\/_GgLw52r2N3I\/Sb-Tn5pg4eI\/AAAAAAAAJbU\/YoEk9QEE5Ks\/s400\/100_2185.jpg\" border=\"0\" \/><br \/>\nEn Xavi Caros de reporter, i el grup anava a ritme caminant<br \/>\n<img data-recalc-dims=\"1\" decoding=\"async\" src=\"https:\/\/i0.wp.com\/lh4.ggpht.com\/_GgLw52r2N3I\/Sb-TsUZ3UHI\/AAAAAAAAJbc\/8RtHcZVxjeU\/s400\/100_2186.jpg\" border=\"0\" \/><br \/>\nVicen\u00e7 i Gemma a punt del re-agrupament<br \/>\n<img data-recalc-dims=\"1\" decoding=\"async\" src=\"https:\/\/i0.wp.com\/lh4.ggpht.com\/_GgLw52r2N3I\/Sb-Tw1qlQXI\/AAAAAAAAJbk\/jGOxJnvrvis\/s400\/100_2187.jpg\" border=\"0\" \/><br \/>\nAntonio en primer terme, i la Montse que feia dies que no venia, per\u00f2 que va entrenant<br \/>\n<img data-recalc-dims=\"1\" decoding=\"async\" src=\"https:\/\/i0.wp.com\/lh5.ggpht.com\/_GgLw52r2N3I\/Sb-T0MfBfEI\/AAAAAAAAJbs\/aSVmSaFfirA\/s400\/100_2191.jpg\" border=\"0\" \/><br \/>\nTota una bona colla passant per Sabadell.<br \/>\n<img data-recalc-dims=\"1\" decoding=\"async\" src=\"https:\/\/i0.wp.com\/lh5.ggpht.com\/_GgLw52r2N3I\/Sb-T4Ez9kiI\/AAAAAAAAJb0\/4zstHMEp60w\/s400\/100_2192.jpg\" border=\"0\" \/><br \/>\nAra entrarem al bosc de Can Deu<br \/>\n<img data-recalc-dims=\"1\" decoding=\"async\" src=\"https:\/\/i0.wp.com\/lh3.ggpht.com\/_GgLw52r2N3I\/Sb-T7aKK-qI\/AAAAAAAAJco\/5zxkUVL7lgk\/s400\/100_2193.jpg\" border=\"0\" \/><br \/>\nEn Jos\u00e9 Antonio refrescant-se de valent, sota l&#8217;atenta mirada del Sr. Metge<br \/>\n<img data-recalc-dims=\"1\" decoding=\"async\" src=\"https:\/\/i0.wp.com\/lh4.ggpht.com\/_GgLw52r2N3I\/Sb-T_DUAxfI\/AAAAAAAAJcE\/S7RX1hAO8Ig\/s400\/100_2194.jpg\" border=\"0\" \/><br \/>\nEn Xavi i el Pere, travenssant la carretera local<br \/>\n<img data-recalc-dims=\"1\" decoding=\"async\" src=\"https:\/\/i0.wp.com\/lh3.ggpht.com\/_GgLw52r2N3I\/Sb-UCA0bFWI\/AAAAAAAAJcM\/cefNUJwXGX8\/s400\/100_2195.jpg\" border=\"0\" \/><br \/>\nI el tancament de grup, amb molt bones sensacions atl\u00e8tiques tots tres<\/p>\n<p>He oblidat, com moltes altres coses, retratat en Massaguer i l&#8217;Esteve, que han vingut des de la Garriga a veure&#8217;ns i als que ens alegrat molt poder saludar, tot i com dic no he fet fotografia. Sap greu.<\/p>\n<table border=\"0\" cellpadding=\"0\" cellspacing=\"0\" width=\"100%\">\n<tr>\n<td width=\"100%\"><a href=\"http:\/\/mossenhoms.netfreehost.com\/viewtopic.php?p=8344&amp;mforum=mossenhoms#8344\"><img data-recalc-dims=\"1\" loading=\"lazy\" decoding=\"async\" src=\"https:\/\/i0.wp.com\/mossenhoms.netfreehost.com\/templates\/subSilver\/images\/icon_minipost.gif?resize=12%2C9\" alt=\"Missatge\" border=\"0\" height=\"9\" width=\"12\" \/><\/a>Publicat: Dt Mar 17, 2009 2:47 pm    Assumpte: <\/td>\n<td nowrap=\"nowrap\" valign=\"top\"><a href=\"http:\/\/mossenhoms.netfreehost.com\/posting.php?mode=quote&amp;p=8344&amp;mforum=mossenhoms\"><img data-recalc-dims=\"1\" decoding=\"async\" src=\"https:\/\/i0.wp.com\/mossenhoms.netfreehost.com\/templates\/subSilver\/images\/lang_english\/icon_quote.gif\" alt=\"Respondre citant\" border=\"0\" \/><\/a> <a href=\"http:\/\/mossenhoms.netfreehost.com\/posting.php?mode=editpost&amp;p=8344&amp;mforum=mossenhoms\"><img data-recalc-dims=\"1\" decoding=\"async\" src=\"https:\/\/i0.wp.com\/mossenhoms.netfreehost.com\/templates\/subSilver\/images\/lang_english\/icon_edit.gif\" alt=\"Editar\/Esborrar aquest missatge\" border=\"0\" \/><\/a> <a href=\"http:\/\/mossenhoms.netfreehost.com\/posting.php?mode=delete&amp;p=8344&amp;sid=838613b80403fafcaff61499c4ecc4e8\"><img data-recalc-dims=\"1\" decoding=\"async\" src=\"https:\/\/i0.wp.com\/mossenhoms.netfreehost.com\/templates\/subSilver\/images\/icon_delete.gif\" alt=\"Esborrar aquest missatge\" border=\"0\" \/><\/a> <a href=\"http:\/\/mossenhoms.netfreehost.com\/modcp.php?mode=ip&amp;p=8344&amp;t=1155&amp;sid=838613b80403fafcaff61499c4ecc4e8\"><img data-recalc-dims=\"1\" decoding=\"async\" src=\"https:\/\/i0.wp.com\/mossenhoms.netfreehost.com\/templates\/subSilver\/images\/lang_english\/icon_ip.gif\" alt=\"Veure IP de l'autor\" border=\"0\" \/><\/a><\/td>\n<\/tr>\n<tr>\n<td colspan=\"2\">\n<hr \/>\n<\/td>\n<\/tr>\n<tr>\n<td colspan=\"2\"><img data-recalc-dims=\"1\" decoding=\"async\" src=\"https:\/\/i0.wp.com\/lh5.ggpht.com\/_GgLw52r2N3I\/Sb-UIYDkFKI\/AAAAAAAAJcc\/EL63IwWmUSk\/s800\/rs100_2197.jpg\" border=\"0\" \/><br \/>\nLa Rosa Cos, va comen\u00e7ar venint i corrent poca estona. Avui ha fet tots deu quil\u00f2metres, pr\u00e0cticament sense caminar i no va perdre la rialla de qui s&#8217;ho passa b\u00e9. No tenim massa dades de la seva vessant esportiva, per\u00f2 li b\u00e9 d&#8217;origen i de fam\u00edlia que l&#8217;esport forma part del seu entorn, des de els germans, pares i ens complau que gr\u00e0cies a aquestes trobades tenim l&#8217;oportunitat de compartir aquesta estona amb ella tots plegats.<\/td>\n<\/tr>\n<\/table>\n","protected":false},"excerpt":{"rendered":"<p>Perduts, si perduts. Ens han esborrat un circu\u00eft molt bonic, tot i que ens hem refet alguna cosa ha sortit. Sort de la bona predisposici\u00f3 de tots plegats. El mateix optimista Mirabet deia, que si, que si: an\u00e0vem b\u00e9. D\u00faiem al capdavant en Vicen\u00e7, que tenia al cap el que avui vol\u00edem fer i vet [&hellip;]<\/p>\n","protected":false},"author":171,"featured_media":0,"comment_status":"open","ping_status":"open","sticky":false,"template":"","format":"standard","meta":{"jetpack_post_was_ever_published":false,"_jetpack_newsletter_access":"","_jetpack_dont_email_post_to_subs":false,"_jetpack_newsletter_tier_id":0,"_jetpack_memberships_contains_paywalled_content":false,"_jetpack_memberships_contains_paid_content":false,"footnotes":"","jetpack_publicize_message":"","jetpack_publicize_feature_enabled":true,"jetpack_social_post_already_shared":false,"jetpack_social_options":{"image_generator_settings":{"template":"highway","default_image_id":0,"font":"","enabled":false},"version":2}},"categories":[1],"tags":[],"class_list":["post-121","post","type-post","status-publish","format-standard","hentry","category-general"],"jetpack_publicize_connections":[],"jetpack_featured_media_url":"","jetpack_sharing_enabled":true,"jetpack_shortlink":"https:\/\/wp.me\/pagkiK-1X","jetpack-related-posts":[{"id":4802,"url":"https:\/\/blogs.avui.cat\/pepmoliner\/2018\/11\/15\/4802\/","url_meta":{"origin":121,"position":0},"title":"Mossenaires ens perdem una mica","author":"Pep Moliner","date":"15 de novembre de 2018","format":false,"excerpt":"Cada dissabte una hist\u00f2ria per recordar. I avui us he portat de cara al barranc. S\u00ed. Despr\u00e9s de la fotografia de fam\u00edlia i com a poques vegades, perduts i ben perduts i una anar i tornar, i una an\u00e8cdota m\u00e9s. I a banda d'aquesta an\u00e8cdota, hem fet com molts dissabtes:\u2026","rel":"","context":"A &quot;Amistat&quot;","block_context":{"text":"Amistat","link":"https:\/\/blogs.avui.cat\/pepmoliner\/category\/amistat\/"},"img":{"alt_text":"","src":"","width":0,"height":0},"classes":[]},{"id":1858,"url":"https:\/\/blogs.avui.cat\/pepmoliner\/2012\/08\/28\/sobrepuny-1-653-metres-la-nou-de-bergueda\/","url_meta":{"origin":121,"position":1},"title":"Sobrepuny 1.653 metres &#8211; La Nou de Bergued\u00e0","author":"Pep Moliner","date":"28 d'agost de 2012","format":false,"excerpt":"Quan llegia a un amic recomanar un lloc, ni per casualitat l'havia sentit mai ni sabia de la seva exist\u00e8ncia. \"Sobrepuny\" , un dels cims importants del Catllar\u00e0s i que est\u00e0 al sector sud-oest de la serra. El \"Sobrepuny\" \u00e9s una muntanya de 1.653 metres que es troba entre els\u2026","rel":"","context":"A &quot;General&quot;","block_context":{"text":"General","link":"https:\/\/blogs.avui.cat\/pepmoliner\/category\/general\/"},"img":{"alt_text":"SOC DISSENYADOR I TREBALLO COM AUT\u00d2NOM, ESPERO LA TEVA COMANDA ;)","src":"https:\/\/i0.wp.com\/blogs.avui.cat\/pepmoliner\/files\/2012\/02\/josepmolinerDisseny381x111.gif?resize=350%2C200","width":350,"height":200},"classes":[]},{"id":3407,"url":"https:\/\/blogs.avui.cat\/pepmoliner\/2014\/08\/21\/gaudint-de-camins-de-sabadell-i-terrassa\/","url_meta":{"origin":121,"position":2},"title":"Gaudint de camins de Sabadell i Terrassa","author":"Pep Moliner","date":"21 d'agost de 2014","format":false,"excerpt":"Un ruta sempre diferent, per qu\u00e8 diferents sempre son els que ens hi trobem i tots amb el mateix desig de passar-ho b\u00e9: corrent, rient, xerrant, gaudint de camins de Sabadell i Terrassa: amb una difer\u00e8ncia; una bona companyia.\u00a0 Avui hem baixat per corriols m\u00e9s estrets i bonics que sovintegem,\u2026","rel":"","context":"A &quot;General&quot;","block_context":{"text":"General","link":"https:\/\/blogs.avui.cat\/pepmoliner\/category\/general\/"},"img":{"alt_text":"","src":"","width":0,"height":0},"classes":[]},{"id":3816,"url":"https:\/\/blogs.avui.cat\/pepmoliner\/2015\/07\/09\/can-deu-de-sabadell-no-el-coneixem\/","url_meta":{"origin":121,"position":3},"title":"Can Deu de Sabadell: no el coneixem&#8230;","author":"Pep Moliner","date":"9 de juliol de 2015","format":false,"excerpt":"Anar a Sabadell a veure el bosc de Can Deu, des de dins, era una assignatura pendent i que fins avui no havia estat possible. No oblidem que tot va quedar tan impracticable, que resultava totalment irrealitzable fer un circuit com el d'avui. Hem sentit una gran tristor: molts anys\u2026","rel":"","context":"A &quot;General&quot;","block_context":{"text":"General","link":"https:\/\/blogs.avui.cat\/pepmoliner\/category\/general\/"},"img":{"alt_text":"","src":"","width":0,"height":0},"classes":[]},{"id":4823,"url":"https:\/\/blogs.avui.cat\/pepmoliner\/2018\/12\/28\/sempre-toca-mossenaires\/","url_meta":{"origin":121,"position":4},"title":"Sempre toca Mossenaires","author":"Pep Moliner","date":"28 de desembre de 2018","format":false,"excerpt":"A nosaltres el dia 22 de desembre i com \u00e9s tradici\u00f3 per Nadal, ens toca la rifa si cau en dissabte i s\u00f3n les 08:00 . Tota una s\u00e8rie de persones solid\u00e0ries, que estimen l\u2019esport i la natura, s\u2019arrauleix al voltant de la Masia de Torre Moss\u00e8n Homs i just\u2026","rel":"","context":"A &quot;Amistat&quot;","block_context":{"text":"Amistat","link":"https:\/\/blogs.avui.cat\/pepmoliner\/category\/amistat\/"},"img":{"alt_text":"","src":"","width":0,"height":0},"classes":[]},{"id":556,"url":"https:\/\/blogs.avui.cat\/pepmoliner\/2011\/02\/04\/anem-amb-en-pau-a-la-mola\/","url_meta":{"origin":121,"position":5},"title":"Anem amb en Pau a la Mola","author":"Pep Moliner","date":"4 de febrer de 2011","format":false,"excerpt":"Anar a la Mola\" la frase que per casa ronda sovint. De ben petit hi anava amb un grup d'esplai que en deien el Cau, on la monitora era l'Aquela i els nens \u00e9rem els llops. D'aquesta \u00e8poca em venen els primers contactes amb aquest incomparable indret, i com a\u2026","rel":"","context":"A &quot;General&quot;","block_context":{"text":"General","link":"https:\/\/blogs.avui.cat\/pepmoliner\/category\/general\/"},"img":{"alt_text":"","src":"","width":0,"height":0},"classes":[]}],"_links":{"self":[{"href":"https:\/\/blogs.avui.cat\/pepmoliner\/wp-json\/wp\/v2\/posts\/121","targetHints":{"allow":["GET"]}}],"collection":[{"href":"https:\/\/blogs.avui.cat\/pepmoliner\/wp-json\/wp\/v2\/posts"}],"about":[{"href":"https:\/\/blogs.avui.cat\/pepmoliner\/wp-json\/wp\/v2\/types\/post"}],"author":[{"embeddable":true,"href":"https:\/\/blogs.avui.cat\/pepmoliner\/wp-json\/wp\/v2\/users\/171"}],"replies":[{"embeddable":true,"href":"https:\/\/blogs.avui.cat\/pepmoliner\/wp-json\/wp\/v2\/comments?post=121"}],"version-history":[{"count":0,"href":"https:\/\/blogs.avui.cat\/pepmoliner\/wp-json\/wp\/v2\/posts\/121\/revisions"}],"wp:attachment":[{"href":"https:\/\/blogs.avui.cat\/pepmoliner\/wp-json\/wp\/v2\/media?parent=121"}],"wp:term":[{"taxonomy":"category","embeddable":true,"href":"https:\/\/blogs.avui.cat\/pepmoliner\/wp-json\/wp\/v2\/categories?post=121"},{"taxonomy":"post_tag","embeddable":true,"href":"https:\/\/blogs.avui.cat\/pepmoliner\/wp-json\/wp\/v2\/tags?post=121"}],"curies":[{"name":"wp","href":"https:\/\/api.w.org\/{rel}","templated":true}]}}