{"id":1027,"date":"2011-10-18T19:24:30","date_gmt":"2011-10-18T18:24:30","guid":{"rendered":"http:\/\/blogs.avui.cat\/pepmoliner\/?p=1027"},"modified":"2011-10-18T19:25:09","modified_gmt":"2011-10-18T18:25:09","slug":"jaume-leiva-mossenaire-dhonor","status":"publish","type":"post","link":"https:\/\/blogs.avui.cat\/pepmoliner\/2011\/10\/18\/jaume-leiva-mossenaire-dhonor\/","title":{"rendered":"JAUME LEIVA : Mossenaire d&#8217;honor"},"content":{"rendered":"<p><span class=\"postbody\"><span style=\"font-size: 18px;line-height: normal\">Jaume  Leiva \u00e9s el millor maratoni\u00e0 de #Terrassa . Tamb\u00e9 un dels millors de  Catalunya i com no de l&#8217;estat. Pels campionats del mon que es disputaven  enguany, demanaven una marca que va fer de 2h15&#8242;, per\u00f2 no va ser  suficent per \u00e9sser sel\u00b7leccionat i disputar-lo, perqu\u00e8 de cinc que  tenien costum d&#8217;anar-hi, nom\u00e9s hi van anar tres de maratonians de  marques similars. Si no fos pels temps que corren, en que molts atletes  es trobem abandonats a la seva disort, podria tenir un futur  impressionant i nosaltres ens en fem ress\u00f2. Pel lloc on vivim, est\u00e0  relegat a grans actuacions all\u00e0 on va, per\u00f2 sense gaireb\u00e9 ajut per part  de ning\u00fa. En aquests moments es troba compatibilitzant feina i esport a  alt nivell i moltes vegades reclamant atenci\u00f3. Molts reconeixements,  per\u00f2 sense la projecci\u00f3 que si podria tenir si alg\u00fa es fits\u00e9s amb ell. <\/span><\/span><\/p>\n<p>Per nosaltres, que entrenem plegats tots els dissabtes, els  &#8220;Mossenaires&#8221;, feia dies que sab\u00edem que ens acompanyaria, i aprofitant  que encara no havia comen\u00e7at la temporada i despr\u00e9s de les seves  vacances i quan est\u00e0 a punt de tornar a la dura rutina esportiva, ens ha  honorat amb la seva companyia als que sortim des de  la Torre de Moss\u00e8n  Homs.<\/p>\n<p>Des de dijous que ho sab\u00edem i haviem preparat el circuit, per qu\u00e8 fos  divertit per tots i amb els ingredients que afegim per trobar-nos-hi b\u00e9  al seu costat i procurant no portar-lo per lloc on pugu\u00e9s pendre mal.<\/p>\n<p>Hem sortit en direcci\u00f3 al bosc de Can Deu, de la veina localitat de  Sabadell, on hem fet uns canvis, xerrades i el caracter\u00edstic entrenament  on tots ens fem costat, i fotografies, videos, de recordatori i on  enfortim vincles amistosos amb els que es va fent habituals.<\/p>\n<p>De part de tots els &#8220;Mossenaires&#8221; i ara que ja et tenim de &#8220;Mossenaire&#8221;,  molta i molta sort i que aconsegueixis tot all\u00f2 per ho que est\u00e0s  lluitant.<\/p>\n<p><img data-recalc-dims=\"1\" decoding=\"async\" src=\"https:\/\/i0.wp.com\/lh5.googleusercontent.com\/-pKIKUVJT_Y0\/Tp1ldsTFEjI\/AAAAAAAAGsg\/OUTvvYnGgF0\/s400\/PA152145.JPG?ssl=1\" border=\"0\" alt=\"\" \/><\/p>\n<p>Avui el nostre regal era en Jaume Leiva: est\u00e0vem a punt d&#8217;entrenar amb ell<\/p>\n<p><img data-recalc-dims=\"1\" decoding=\"async\" src=\"https:\/\/i0.wp.com\/lh6.googleusercontent.com\/-oy-ScmXgwXc\/Tp1laJF0o0I\/AAAAAAAAGsQ\/kfwzSQ43jN4\/s400\/PA152141.JPG?ssl=1\" border=\"0\" alt=\"\" \/><br \/>\nEngeguem tots plegats, els cinquanta set amigues i amics que ens hem aplegat per anar a fer un bon entrenament<br \/>\n<img data-recalc-dims=\"1\" decoding=\"async\" src=\"https:\/\/i0.wp.com\/lh4.googleusercontent.com\/-ZWZviLnPgLc\/Tp1lbDQeE_I\/AAAAAAAAGsU\/Anxc8WGKOxM\/s400\/PA152142.JPG?ssl=1\" border=\"0\" alt=\"\" \/><br \/>\n<img data-recalc-dims=\"1\" decoding=\"async\" src=\"https:\/\/i0.wp.com\/lh5.googleusercontent.com\/-VEyq-jf0vFQ\/Tp1lbwdoEEI\/AAAAAAAAGsY\/JSkQl9D5VVw\/s400\/PA152143.JPG?ssl=1\" border=\"0\" alt=\"\" \/><br \/>\n<img data-recalc-dims=\"1\" decoding=\"async\" src=\"https:\/\/i0.wp.com\/lh5.googleusercontent.com\/-ldLhL3h891I\/Tp1lctF580I\/AAAAAAAAGsc\/5uVuaMOy8N4\/s400\/PA152144.JPG?ssl=1\" border=\"0\" alt=\"\" \/><br \/>\n<img data-recalc-dims=\"1\" decoding=\"async\" src=\"https:\/\/i0.wp.com\/lh6.googleusercontent.com\/-f8mTdDNUg5A\/Tp1leW3PI8I\/AAAAAAAAGsk\/wWnsLUonI-U\/s400\/PA152146.JPG?ssl=1\" border=\"0\" alt=\"\" \/><br \/>\nAvui les boires ens tapen la nostra Mola, tan present en els entrenaments<br \/>\n<img data-recalc-dims=\"1\" decoding=\"async\" src=\"https:\/\/i0.wp.com\/lh5.googleusercontent.com\/-FZ_ZItC7wDM\/Tp1lfOj_oYI\/AAAAAAAAGso\/jc0FacQTM4U\/s400\/PA152147.JPG?ssl=1\" border=\"0\" alt=\"\" \/><br \/>\nLa Roser amb en Jaume Leiva<br \/>\n<img data-recalc-dims=\"1\" decoding=\"async\" src=\"https:\/\/i0.wp.com\/lh4.googleusercontent.com\/-7hG1EzoMMSs\/Tp1lf50T-SI\/AAAAAAAAGss\/r9DV-yWnijg\/s400\/PA152148.JPG?ssl=1\" border=\"0\" alt=\"\" \/><br \/>\nens apropem al primer reagrupament mossenaire<br \/>\n<img data-recalc-dims=\"1\" decoding=\"async\" src=\"https:\/\/i0.wp.com\/lh5.googleusercontent.com\/-26PUyrCWfFo\/Tp1lg6ckw2I\/AAAAAAAAGsw\/MpucUULlfpk\/s400\/PA152149.JPG?ssl=1\" border=\"0\" alt=\"\" \/><br \/>\n<img data-recalc-dims=\"1\" decoding=\"async\" src=\"https:\/\/i0.wp.com\/lh3.googleusercontent.com\/-gb5BWbSkZdo\/Tp1lh-POLRI\/AAAAAAAAGs0\/qI-eL4tNg4E\/s400\/PA152150.JPG?ssl=1\" border=\"0\" alt=\"\" \/><br \/>\nI aqu\u00ed, com fem sovint, anar a buscar als amics que venen un xic m\u00e9s  endarrerits, com \u00e9s el cas del nostre mossenaire m\u00e9s veter\u00e0, l&#8217;Agustin  Salvador que li ha fet il\u00b7llusi\u00f3 estar un dia tan assenyalat. I  d&#8217;esquena en LLuis, fent ho propi. Amb un dada interessant: cumplia  seixanta-anys aquest noi.<br \/>\n<img data-recalc-dims=\"1\" decoding=\"async\" src=\"https:\/\/i0.wp.com\/lh6.googleusercontent.com\/-Qr62IJdUPJ8\/Tp1lkern2sI\/AAAAAAAAGs8\/9-MGsmnwdOw\/s400\/PA152152.JPG?ssl=1\" border=\"0\" alt=\"\" \/><br \/>\n<img data-recalc-dims=\"1\" decoding=\"async\" src=\"https:\/\/i0.wp.com\/lh6.googleusercontent.com\/-2F89veMn5Gk\/Tp1llCTAPJI\/AAAAAAAAGtA\/z1vRlyuRO_A\/s400\/PA152153.JPG?ssl=1\" border=\"0\" alt=\"\" \/><br \/>\n<img data-recalc-dims=\"1\" decoding=\"async\" src=\"https:\/\/i0.wp.com\/lh6.googleusercontent.com\/-n4eanFAAL4Q\/Tp1ll25lv3I\/AAAAAAAAGtE\/CsSScEEdKrg\/s400\/PA152154.JPG?ssl=1\" border=\"0\" alt=\"\" \/><br \/>\n<img data-recalc-dims=\"1\" decoding=\"async\" src=\"https:\/\/i0.wp.com\/lh6.googleusercontent.com\/-SpnD2oNAfQg\/Tp1lm_JZdkI\/AAAAAAAAGtI\/etSgqShEbto\/s400\/PA152155.JPG?ssl=1\" border=\"0\" alt=\"\" \/><br \/>\n<img data-recalc-dims=\"1\" decoding=\"async\" src=\"https:\/\/i0.wp.com\/lh3.googleusercontent.com\/-VvYEGmvJ-IM\/Tp1lnbdIArI\/AAAAAAAAGtM\/OutfNudhxho\/s400\/PA152156.JPG?ssl=1\" border=\"0\" alt=\"\" \/><br \/>\ni el sol comen\u00e7a a ensenyar el barret<br \/>\n<img data-recalc-dims=\"1\" decoding=\"async\" src=\"https:\/\/i0.wp.com\/lh5.googleusercontent.com\/-2j3rEV2rKHk\/Tp1loXCigWI\/AAAAAAAAGtQ\/f3_n8qt7Md4\/s400\/PA152157.JPG?ssl=1\" border=\"0\" alt=\"\" \/><br \/>\nEn el primer canvi en baixada, el nostre campi\u00f3 ha estat l&#8217;Adri\u00e0 i es mostrava aix\u00ed d&#8217;euf\u00f2ric<br \/>\n<img data-recalc-dims=\"1\" decoding=\"async\" src=\"https:\/\/i0.wp.com\/lh4.googleusercontent.com\/-XXWs9_uSZA0\/Tp1lpHYSk-I\/AAAAAAAAGtU\/1hl1ztrAWqQ\/s400\/PA152158.JPG?ssl=1\" border=\"0\" alt=\"\" \/><br \/>\nanem arribant tots<br \/>\n<img data-recalc-dims=\"1\" decoding=\"async\" src=\"https:\/\/i0.wp.com\/lh3.googleusercontent.com\/-XHRjGj4To-E\/Tp1lqFil4SI\/AAAAAAAAGtY\/hv2RNg1d8k4\/s400\/PA152159.JPG?ssl=1\" border=\"0\" alt=\"\" \/><br \/>\n<img data-recalc-dims=\"1\" decoding=\"async\" src=\"https:\/\/i0.wp.com\/lh6.googleusercontent.com\/-AFYWvdg5xHE\/Tp1lrBMonAI\/AAAAAAAAGtc\/FNId4ZvmJSQ\/s400\/PA152160.JPG?ssl=1\" border=\"0\" alt=\"\" \/><br \/>\nAqu\u00ed els mossenaires est\u00e0tics<br \/>\n<img data-recalc-dims=\"1\" decoding=\"async\" src=\"https:\/\/i0.wp.com\/lh6.googleusercontent.com\/--O5txRpLdZ8\/Tp1lsEnoRbI\/AAAAAAAAGtg\/TUxqqezYWU4\/s400\/PA152161.JPG?ssl=1\" border=\"0\" alt=\"\" \/><br \/>\nEl Joaquim es retrata amb el Xavi, que s&#8217;estrenava a la trobada<br \/>\n<img data-recalc-dims=\"1\" decoding=\"async\" src=\"https:\/\/i0.wp.com\/lh5.googleusercontent.com\/-JBcJDmpQzlg\/Tp1ltM07tNI\/AAAAAAAAGtk\/Pbv06TTlNyk\/s400\/PA152162.JPG?ssl=1\" border=\"0\" alt=\"\" \/><br \/>\nI aqu\u00ed el mateix Jaume exercint de mossenaire: a la cerca del que ve per darrera<\/p>\n<p><img data-recalc-dims=\"1\" decoding=\"async\" src=\"https:\/\/i0.wp.com\/lh3.googleusercontent.com\/-MDv5L6YrmJc\/Tp1luS1gqII\/AAAAAAAAGto\/nQM2UXA5J54\/s400\/PA152163.JPG?ssl=1\" border=\"0\" alt=\"\" \/><br \/>\nCap aqu\u00ed, deia l&#8217;Enric.<br \/>\n<img data-recalc-dims=\"1\" decoding=\"async\" src=\"https:\/\/i0.wp.com\/lh6.googleusercontent.com\/-p9h5OIokTD4\/Tp1lvXj_ejI\/AAAAAAAAGts\/f6NytM8WJow\/s400\/PA152164.JPG?ssl=1\" border=\"0\" alt=\"\" \/><br \/>\n<img data-recalc-dims=\"1\" decoding=\"async\" src=\"https:\/\/i0.wp.com\/lh3.googleusercontent.com\/-k6gpbCAXbJw\/Tp1lwhZX0oI\/AAAAAAAAGtw\/fle1r7oG9aE\/s400\/PA152165.JPG?ssl=1\" border=\"0\" alt=\"\" \/><br \/>\n<img data-recalc-dims=\"1\" decoding=\"async\" src=\"https:\/\/i0.wp.com\/lh5.googleusercontent.com\/-BVU3ROnvwtc\/Tp1lx8zAj6I\/AAAAAAAAGt0\/zNUCl7Lz9tw\/s400\/PA152166.JPG?ssl=1\" border=\"0\" alt=\"\" \/><br \/>\nI no ho sembla, per\u00f2 hi ha cami<br \/>\n<img data-recalc-dims=\"1\" decoding=\"async\" src=\"https:\/\/i0.wp.com\/lh6.googleusercontent.com\/-V77JrutPjrQ\/Tp1ly2EZLbI\/AAAAAAAAGt4\/p7M0dZAv3qI\/s400\/PA152167.JPG?ssl=1\" border=\"0\" alt=\"\" \/><br \/>\nI ara tancant el grup, una vegada passada la carretera de Matadepera-Sabadell: en Jaume<\/p>\n<p><img data-recalc-dims=\"1\" decoding=\"async\" src=\"https:\/\/i0.wp.com\/lh4.googleusercontent.com\/-uapwKI2pp4k\/Tp1lz-QbYHI\/AAAAAAAAGt8\/ZH5wsI4VLD4\/s400\/PA152168.JPG?ssl=1\" border=\"0\" alt=\"\" \/><br \/>\n<img data-recalc-dims=\"1\" decoding=\"async\" src=\"https:\/\/i0.wp.com\/lh3.googleusercontent.com\/-f7vmeDzyh8A\/Tp1l1ruDyOI\/AAAAAAAAGuA\/YnJmT97uKZQ\/s400\/PA152169.JPG?ssl=1\" border=\"0\" alt=\"\" \/><br \/>\n<img data-recalc-dims=\"1\" decoding=\"async\" src=\"https:\/\/i0.wp.com\/lh5.googleusercontent.com\/-ANZQ7_mzLIg\/Tp1l28jUwnI\/AAAAAAAAGuE\/rR931RA4Du4\/s400\/PA152170.JPG?ssl=1\" border=\"0\" alt=\"\" \/><br \/>\nEn Jaume ens explicava com \u00e9s la dura vida de l&#8217;atleta i com li agradava estar aqu\u00ed avu\u00ed,<\/p>\n<p><img data-recalc-dims=\"1\" decoding=\"async\" src=\"https:\/\/i0.wp.com\/lh6.googleusercontent.com\/-QUg5b4iiPdc\/Tp1l6oxuyHI\/AAAAAAAAGuQ\/80A0bYX8D4E\/s400\/PA152173.JPG?ssl=1\" border=\"0\" alt=\"\" \/><\/p>\n<p>Hem fet un bon canvi en baixada, com veieu encap\u00e7alat en aquest segon  grup, per en CAsi. El primer anava m\u00e9s avan\u00e7at fins a l&#8217;Ermita de Sant  Vicen\u00e7 de Verders.<br \/>\n<img data-recalc-dims=\"1\" decoding=\"async\" src=\"https:\/\/i0.wp.com\/lh5.googleusercontent.com\/-MEbKzRYiaUM\/Tp1l7pAl6eI\/AAAAAAAAGuU\/6vJDy26JigY\/s400\/PA152174.JPG?ssl=1\" border=\"0\" alt=\"\" \/><br \/>\n<img data-recalc-dims=\"1\" decoding=\"async\" src=\"https:\/\/i0.wp.com\/lh3.googleusercontent.com\/-7UDm6-juDT8\/Tp1l89LOu8I\/AAAAAAAAGuY\/vXd_l3j3_mQ\/s400\/PA152175.JPG?ssl=1\" border=\"0\" alt=\"\" \/><br \/>\n<img data-recalc-dims=\"1\" decoding=\"async\" src=\"https:\/\/i0.wp.com\/lh4.googleusercontent.com\/-D2Cl84-J2oU\/Tp1l9yMDstI\/AAAAAAAAGuc\/98uSgsDMvfI\/s400\/PA152176.JPG?ssl=1\" border=\"0\" alt=\"\" \/><br \/>\n<img data-recalc-dims=\"1\" decoding=\"async\" src=\"https:\/\/i0.wp.com\/lh3.googleusercontent.com\/-21hQCo4SHUY\/Tp1l-nATfRI\/AAAAAAAAGug\/Kvi6KwVYOOM\/s400\/PA152177.JPG?ssl=1\" border=\"0\" alt=\"\" \/><br \/>\n<img data-recalc-dims=\"1\" decoding=\"async\" src=\"https:\/\/i0.wp.com\/lh3.googleusercontent.com\/-vyTpWAcYKpc\/Tp1l_iZDnDI\/AAAAAAAAGuk\/phVy6gYhJMo\/s400\/PA152178.JPG?ssl=1\" border=\"0\" alt=\"\" \/><br \/>\n<img data-recalc-dims=\"1\" decoding=\"async\" src=\"https:\/\/i0.wp.com\/lh6.googleusercontent.com\/-lAmS-oJG-9Y\/Tp1mAwHJdhI\/AAAAAAAAGuo\/0zt8AUixBwY\/s400\/PA152179.JPG?ssl=1\" border=\"0\" alt=\"\" \/><br \/>\n<img data-recalc-dims=\"1\" decoding=\"async\" src=\"https:\/\/i0.wp.com\/lh5.googleusercontent.com\/-FN1cvwvPfMU\/Tp1mB0pwFQI\/AAAAAAAAGus\/6HKjWQsPqI0\/s400\/PA152180.JPG?ssl=1\" border=\"0\" alt=\"\" \/><br \/>\n<img data-recalc-dims=\"1\" decoding=\"async\" src=\"https:\/\/i0.wp.com\/lh4.googleusercontent.com\/-OqZDYUIX8Jw\/Tp1mDaFxJ9I\/AAAAAAAAGuw\/KiL5l-1VyP8\/s400\/PA152181.JPG?ssl=1\" border=\"0\" alt=\"\" \/><br \/>\n<img data-recalc-dims=\"1\" decoding=\"async\" src=\"https:\/\/i0.wp.com\/lh4.googleusercontent.com\/-j94nGIQsSn8\/Tp1mEmOI4WI\/AAAAAAAAGu0\/cQyYzGgs6wQ\/s400\/PA152182.JPG?ssl=1\" border=\"0\" alt=\"\" \/><br \/>\n<img data-recalc-dims=\"1\" decoding=\"async\" src=\"https:\/\/i0.wp.com\/lh6.googleusercontent.com\/-3uS5rbtkI0E\/Tp1mF9tx_bI\/AAAAAAAAGu4\/8lf1VIPyiT4\/s400\/PA152183.JPG?ssl=1\" border=\"0\" alt=\"\" \/><br \/>\n<img data-recalc-dims=\"1\" decoding=\"async\" src=\"https:\/\/i0.wp.com\/lh6.googleusercontent.com\/-K7jiBAqqUH8\/Tp1mHAyU5CI\/AAAAAAAAGu8\/bYwOCOp0KiE\/s400\/PA152184.JPG?ssl=1\" border=\"0\" alt=\"\" \/><br \/>\n<img data-recalc-dims=\"1\" decoding=\"async\" src=\"https:\/\/i0.wp.com\/lh4.googleusercontent.com\/-KNOnhbB-QNs\/Tp1mIVbV9xI\/AAAAAAAAGvA\/oEANsZpUpJE\/s400\/PA152185.JPG?ssl=1\" border=\"0\" alt=\"\" \/><br \/>\nEn Marc Roura, el nostre Jardiner, de la Jardineria el Roura, que est\u00e0 a l&#8217;entrada de Matadepera, amb bona conversa amb en Jaume<\/p>\n<p><img data-recalc-dims=\"1\" decoding=\"async\" src=\"https:\/\/i0.wp.com\/lh3.googleusercontent.com\/-F4Zzot58AnU\/Tp1mJrSX_UI\/AAAAAAAAGvE\/pZVvbg2dXYs\/s400\/PA152186.JPG?ssl=1\" border=\"0\" alt=\"\" \/><br \/>\nEn Victor seguit de prop per en Ruben Leiva, que tamb\u00e9 va \u00e9sser un lux\u00f3s &#8220;Mossenaire de la setmana&#8221;<br \/>\n<img data-recalc-dims=\"1\" decoding=\"async\" src=\"https:\/\/i0.wp.com\/lh4.googleusercontent.com\/-5hXCVG4f7FA\/Tp1mLLWW2JI\/AAAAAAAAGvI\/-rbvZy8xAek\/s400\/PA152187.JPG?ssl=1\" border=\"0\" alt=\"\" \/><br \/>\n<img data-recalc-dims=\"1\" decoding=\"async\" src=\"https:\/\/i0.wp.com\/lh6.googleusercontent.com\/-vUhUrMoe2U0\/Tp1mMZ0nMuI\/AAAAAAAAGvM\/xHKDA9cSbmk\/s400\/PA152188.JPG?ssl=1\" border=\"0\" alt=\"\" \/><br \/>\n<img data-recalc-dims=\"1\" decoding=\"async\" src=\"https:\/\/i0.wp.com\/lh4.googleusercontent.com\/-pjzsXgZygM0\/Tp1mNkFMgWI\/AAAAAAAAGvQ\/L9E9B_cWyOY\/s400\/PA152189.JPG?ssl=1\" border=\"0\" alt=\"\" \/><br \/>\n<img data-recalc-dims=\"1\" decoding=\"async\" src=\"https:\/\/i0.wp.com\/lh4.googleusercontent.com\/-TbqjzumFv0o\/Tp1mO96DhEI\/AAAAAAAAGvU\/O439T0D8OS4\/s400\/PA152190.JPG?ssl=1\" border=\"0\" alt=\"\" \/><br \/>\nAvui, en Jordi Bellart samarreta fosca, s&#8217;estrenava de mossenaire, al  costat de l&#8217;Oscar, que tamb\u00e9 va estar el seu primer dia mossenaire de la  setmana<br \/>\n<img data-recalc-dims=\"1\" decoding=\"async\" src=\"https:\/\/i0.wp.com\/lh6.googleusercontent.com\/-wMgWe2EjEu0\/Tp1mQX9vcxI\/AAAAAAAAGvY\/yvG3aBhM7fs\/s400\/PA152191.JPG?ssl=1\" border=\"0\" alt=\"\" \/><\/p>\n<p>I ara hem fet una bona sessi\u00f3 fotogr\u00e0fica amb en Jaume Leiva<\/p>\n<p><img data-recalc-dims=\"1\" decoding=\"async\" src=\"https:\/\/i0.wp.com\/lh5.googleusercontent.com\/-eXyjQPiDxZ8\/Tp1mRKyTydI\/AAAAAAAAGvc\/GsaTZ-yxUrE\/s400\/PA152192.JPG?ssl=1\" border=\"0\" alt=\"\" \/><br \/>\nL&#8217;Anna Cos i en Jaume. Dos campions impressionants !<\/p>\n<p><img data-recalc-dims=\"1\" decoding=\"async\" src=\"https:\/\/i0.wp.com\/lh6.googleusercontent.com\/-7kyOF6fXJF0\/Tp1mSdMvfRI\/AAAAAAAAGvg\/_EmncW8kHqs\/s400\/PA152193.JPG?ssl=1\" border=\"0\" alt=\"\" \/><br \/>\nen Jaume i en Josep Jim\u00e9nez<br \/>\n<img data-recalc-dims=\"1\" decoding=\"async\" src=\"https:\/\/i0.wp.com\/lh6.googleusercontent.com\/-0wFk2xQmMUw\/Tp1mTb8P07I\/AAAAAAAAGvk\/lc9W18nGxRg\/s400\/PA152194.JPG?ssl=1\" border=\"0\" alt=\"\" \/><\/p>\n<p>En Jaume i en Victor, que va ser mossenaire de la setmana i va fer-nos el fam\u00f3s documental del &#8220;Corredor Popular&#8221;<br \/>\n<img data-recalc-dims=\"1\" decoding=\"async\" src=\"https:\/\/i0.wp.com\/lh5.googleusercontent.com\/-Sg63DGuZWys\/Tp1mUfsKyrI\/AAAAAAAAGvo\/X3y1KfbOa28\/s400\/PA152195.JPG?ssl=1\" border=\"0\" alt=\"\" \/><br \/>\nMossenaire nova, la Silena Y\u00e9pez, que ha vingut acompanyant al Jaume i l&#8217;Oscar del Rio<\/p>\n<p><img data-recalc-dims=\"1\" decoding=\"async\" src=\"https:\/\/i0.wp.com\/lh4.googleusercontent.com\/-2Of7wLrzIXY\/Tp1mVu8oYpI\/AAAAAAAAGvs\/5GESMLZRv4w\/s400\/PA152196.JPG?ssl=1\" border=\"0\" alt=\"\" \/><br \/>\nLa Roser i en Jaume<br \/>\n<img data-recalc-dims=\"1\" decoding=\"async\" src=\"https:\/\/i0.wp.com\/lh5.googleusercontent.com\/-PLLCo4-8mZA\/Tp1mYEfX3PI\/AAAAAAAAGv0\/0Y0HZBTd47Y\/s400\/PA152198.JPG?ssl=1\" border=\"0\" alt=\"\" \/><br \/>\nJoan i Pedro Molina, amb en Jaume<br \/>\n<img data-recalc-dims=\"1\" decoding=\"async\" src=\"https:\/\/i0.wp.com\/lh4.googleusercontent.com\/-6PaMWqfSqdM\/Tp1mZXlpdkI\/AAAAAAAAGv4\/58xNBRW9-Q0\/s400\/PA152199.JPG?ssl=1\" border=\"0\" alt=\"\" \/><br \/>\nJose Maria Cuadrado  en Jaume ens ha assegurat que \u00e9s un dels millors triatletes Catalans del moment<\/p>\n<p><img data-recalc-dims=\"1\" decoding=\"async\" src=\"https:\/\/i0.wp.com\/lh6.googleusercontent.com\/-KhA0_YgdIz0\/Tp1mam1qTKI\/AAAAAAAAGv8\/y7_2VQoLf9c\/s400\/PA152200.JPG?ssl=1\" border=\"0\" alt=\"\" \/><br \/>\nEN Jaume i en Jordi Bellart<br \/>\n<img data-recalc-dims=\"1\" decoding=\"async\" src=\"https:\/\/i0.wp.com\/lh5.googleusercontent.com\/-GST7EtL-rrM\/Tp1mbpfNOAI\/AAAAAAAAGwA\/f1S-GcgzXhg\/s400\/PA152201.JPG?ssl=1\" border=\"0\" alt=\"\" \/><br \/>\nl&#8217;Emilio i en Casi, amb en Jaume<br \/>\n<img data-recalc-dims=\"1\" decoding=\"async\" src=\"https:\/\/i0.wp.com\/lh3.googleusercontent.com\/-GvSEUTVZCVI\/Tp1mcn3b9yI\/AAAAAAAAGwE\/1SwteZWs3Uk\/s400\/PA152202.JPG?ssl=1\" border=\"0\" alt=\"\" \/><\/p>\n<p>l&#8217;Agustin Mart\u00ednez i en Jaume<br \/>\n<img data-recalc-dims=\"1\" decoding=\"async\" src=\"https:\/\/i0.wp.com\/lh6.googleusercontent.com\/-QPkfEab6iTg\/Tp1md90lTlI\/AAAAAAAAGwI\/C3GG0Gamp74\/s400\/PA152203.JPG?ssl=1\" border=\"0\" alt=\"\" \/><br \/>\nEn Jos\u00e9 P\u00e9rez i en Jaume<br \/>\n<img data-recalc-dims=\"1\" decoding=\"async\" src=\"https:\/\/i0.wp.com\/lh6.googleusercontent.com\/-kGhcESW18mE\/Tp1mfI1YoVI\/AAAAAAAAGwM\/onMisIqDXpY\/s400\/PA152204.JPG?ssl=1\" border=\"0\" alt=\"\" \/><br \/>\nToni Granados i Jaume<br \/>\n<img data-recalc-dims=\"1\" decoding=\"async\" src=\"https:\/\/i0.wp.com\/lh6.googleusercontent.com\/-zXIASH8J634\/Tp1mgftXZjI\/AAAAAAAAGwQ\/YPamzdMuc8A\/s400\/PA152205.JPG?ssl=1\" border=\"0\" alt=\"\" \/><br \/>\nEn Carles i en Toni, amb en Jaume<br \/>\n<img data-recalc-dims=\"1\" decoding=\"async\" src=\"https:\/\/i0.wp.com\/lh6.googleusercontent.com\/-XEoYus_UaxU\/Tp1mhtzia1I\/AAAAAAAAGwU\/XtHYQhiUe04\/s400\/PA152206.JPG?ssl=1\" border=\"0\" alt=\"\" \/><br \/>\nCarles i Manel, amb en Jaume<br \/>\n<img data-recalc-dims=\"1\" decoding=\"async\" src=\"https:\/\/i0.wp.com\/lh5.googleusercontent.com\/-QE8mAI5zp8c\/Tp1migjReQI\/AAAAAAAAGwY\/DRvpr9EbThw\/s400\/PA152207.JPG?ssl=1\" border=\"0\" alt=\"\" \/><br \/>\nEn Carles Salmer\u00f3n, amb en Jaume<br \/>\n<img data-recalc-dims=\"1\" decoding=\"async\" src=\"https:\/\/i0.wp.com\/lh5.googleusercontent.com\/-FgXsko9146U\/Tp1mjs4VzEI\/AAAAAAAAGwc\/lFEut0Wv_Ng\/s400\/PA152208.JPG?ssl=1\" border=\"0\" alt=\"\" \/><br \/>\nRamon i Jaume<br \/>\n<img data-recalc-dims=\"1\" decoding=\"async\" src=\"https:\/\/i0.wp.com\/lh4.googleusercontent.com\/-zd1Cp46tcTw\/Tp1mk-GX1UI\/AAAAAAAAGwg\/Wd4m0Azqf1g\/s400\/PA152209.JPG?ssl=1\" border=\"0\" alt=\"\" \/><br \/>\nXavier i Joaquim, amb en Jaume<br \/>\n<img data-recalc-dims=\"1\" decoding=\"async\" src=\"https:\/\/i0.wp.com\/lh4.googleusercontent.com\/-_BUwW4B8_8g\/Tp1mlzMrecI\/AAAAAAAAGwk\/vkub23QQXQg\/s400\/PA152210.JPG?ssl=1\" border=\"0\" alt=\"\" \/><br \/>\nl&#8217;Oscar i en Jaume<br \/>\n<img data-recalc-dims=\"1\" decoding=\"async\" src=\"https:\/\/i0.wp.com\/lh5.googleusercontent.com\/-i9zpGvRR2sE\/Tp1mnG47KhI\/AAAAAAAAGwo\/6W6-tUpCqO8\/s400\/PA152211.JPG?ssl=1\" border=\"0\" alt=\"\" \/><br \/>\nEl pare Martin Molina, amb el seus fills Adrian i Mart\u00edn, amb en Jaume<br \/>\n<img data-recalc-dims=\"1\" decoding=\"async\" src=\"https:\/\/i0.wp.com\/lh6.googleusercontent.com\/-Ez0smWyLDRI\/Tp1mopt67VI\/AAAAAAAAGws\/T-odoUbcOVo\/s400\/PA152212.JPG?ssl=1\" border=\"0\" alt=\"\" \/><br \/>\n<img data-recalc-dims=\"1\" decoding=\"async\" src=\"https:\/\/i0.wp.com\/lh3.googleusercontent.com\/-3VFd7EofPz8\/Tp1mqJfJAJI\/AAAAAAAAGww\/1v75aHKyh2k\/s400\/PA152213.JPG?ssl=1\" border=\"0\" alt=\"\" \/><br \/>\npare i fill Casasola, en Josep i l&#8217;Oriol, i en Jaume<br \/>\n<img data-recalc-dims=\"1\" decoding=\"async\" src=\"https:\/\/i0.wp.com\/lh4.googleusercontent.com\/--DMaaUk_IKs\/Tp1mraN96II\/AAAAAAAAGw0\/ImEJ237L1kw\/s400\/PA152214.JPG?ssl=1\" border=\"0\" alt=\"\" \/><br \/>\nl&#8217;Adri\u00e0 amb en Jaume<br \/>\n<img data-recalc-dims=\"1\" decoding=\"async\" src=\"https:\/\/i0.wp.com\/lh6.googleusercontent.com\/-F9QzcyR_YTI\/Tp1msrquXAI\/AAAAAAAAGw4\/dMdFI4J9URo\/s400\/PA152215.JPG?ssl=1\" border=\"0\" alt=\"\" \/><br \/>\nl&#8217;Oriol Farr\u00e9 amb en Jaume<br \/>\n<img data-recalc-dims=\"1\" decoding=\"async\" src=\"https:\/\/i0.wp.com\/lh4.googleusercontent.com\/-yRMZxepobY4\/Tp1mtopAHYI\/AAAAAAAAGw8\/Y4q06to5C20\/s400\/PA152216.JPG?ssl=1\" border=\"0\" alt=\"\" \/><br \/>\nl&#8217;Antonio Gallardo, amb en Jaume<br \/>\n<img data-recalc-dims=\"1\" decoding=\"async\" src=\"https:\/\/i0.wp.com\/lh5.googleusercontent.com\/-lKqt5OVczYc\/Tp1mu9b0caI\/AAAAAAAAGxA\/H2wAITpFi6I\/s400\/PA152217.JPG?ssl=1\" border=\"0\" alt=\"\" \/><br \/>\nL&#8217;Eva amb en Jaume<br \/>\n<img data-recalc-dims=\"1\" decoding=\"async\" src=\"https:\/\/i0.wp.com\/lh6.googleusercontent.com\/-RW_4BmnhN_w\/Tp1mwGwU9oI\/AAAAAAAAGxE\/NN9vg6T3IZY\/s400\/PA152218.JPG?ssl=1\" border=\"0\" alt=\"\" \/><br \/>\nToni Rubio, amb en Jaume<br \/>\n<img data-recalc-dims=\"1\" decoding=\"async\" src=\"https:\/\/i0.wp.com\/lh5.googleusercontent.com\/-MOGnz7BD7Sk\/Tp1mxQe-4oI\/AAAAAAAAGxI\/pJPoz4WL_Bk\/s400\/PA152219.JPG?ssl=1\" border=\"0\" alt=\"\" \/><br \/>\nEm Jordi Codinas, amb en Jaume<br \/>\n<img data-recalc-dims=\"1\" decoding=\"async\" src=\"https:\/\/i0.wp.com\/lh4.googleusercontent.com\/-l0NnNb3UCPk\/Tp1mysDgqQI\/AAAAAAAAGxM\/-AoOHxTMV6Y\/s400\/PA152220.JPG?ssl=1\" border=\"0\" alt=\"\" \/><br \/>\nRub\u00e9n Leiva i Oscar del Rio, amb en Jaume<br \/>\n<img data-recalc-dims=\"1\" decoding=\"async\" src=\"https:\/\/i0.wp.com\/lh5.googleusercontent.com\/-CjLsRyzm_dU\/Tp1mzjUpU_I\/AAAAAAAAGxQ\/jhW7PUXqHm0\/s400\/PA152221.JPG?ssl=1\" border=\"0\" alt=\"\" \/><br \/>\nPep i en Jaume . En Jaume \u00e9s el de vert.<\/p>\n<p><img data-recalc-dims=\"1\" decoding=\"async\" src=\"https:\/\/i0.wp.com\/lh4.googleusercontent.com\/-4UZazLAh7xQ\/Tp1m1I1WtcI\/AAAAAAAAGxU\/GtjcJMsV430\/s400\/PA152223.JPG?ssl=1\" border=\"0\" alt=\"\" \/><br \/>\nAvui s&#8217;estrenava com a mossenaire, crec que recordo que de l&#8217;\u00e8poca del  Club Atletisme Terrassa, i coneix a tota la gent de l&#8217;\u00e8poca. Crec que es  diu Joan, per\u00f2 com que s&#8217;ho ha passat molt b\u00e9 i tornar\u00e0, tindrem la  sort de coneixe&#8217;t millor<\/p>\n<div><strong> <\/strong><\/div>\n<div><a href=\"http:\/\/mossenhoms.netfreehost.com\/viewtopic.php?p=12621&amp;mforum=mossenhoms#12621\"><img data-recalc-dims=\"1\" decoding=\"async\" style=\"border: 0px solid;height: 90%;width: 90%\" src=\"https:\/\/i0.wp.com\/lh5.googleusercontent.com\/-Ry7U_EyWl1s\/Tp1m4Jxj4aI\/AAAAAAAAGxY\/xjRMXA7f3TI\/s400\/PA152172a.jpg?ssl=1\" alt=\"\" \/><\/a><\/div>\n<p><span class=\"postbody\"><span style=\"font-size: 18px;line-height: normal\"> Foto hist\u00f2rica de Familia Mossenaire amb en Jaume Leiva: proclamat &#8220;Mossenaire de la Setmana&#8221;<\/span><\/span><span class=\"gensmall\"> <\/span><br \/>\n<span class=\"gensmall\"><br \/>\n<\/span><br \/>\n<span class=\"gensmall\"><br \/>\n<\/span><br \/>\n<span class=\"gensmall\"><br \/>\n<\/span><br \/>\n<span class=\"postbody\"><span style=\"font-size: 18px;line-height: normal\">En  Jaume Leiva ens recomana per coneixe&#8217;l l&#8217;excepcional entrevista que li  han fet a un blog molt bo anomenat &#8220;Agafa&#8217;m si pots&#8221; on es pot tenir una  idea ben clara del nostre gran campi\u00f3 , i l&#8217;entrevista \u00e9s aqu\u00ed<br \/>\n<a class=\"postlink\" href=\"http:\/\/agafemsipots.blogspot.com\/2011\/09\/catalunya-model-de-talent-ii-entrevista.html\" target=\"_blank\">Catalunya, model de talent (II). Entrevista a Jaume Leiva<\/a> <\/span><\/span><\/p>\n<p>Per les xarxes socials i quan feia poca estona de l&#8217;entrenament, les seves paraules eren afagalagadores i que tots agra\u00efm.<\/p>\n<p><img data-recalc-dims=\"1\" decoding=\"async\" src=\"https:\/\/i0.wp.com\/lh4.googleusercontent.com\/-Ym7BwPJe4JM\/Tp20Ws8AqHI\/AAAAAAAAGxo\/enYZEN_BGiU\/s400\/jl1.jpg?ssl=1\" border=\"0\" alt=\"\" \/><br \/>\n<img data-recalc-dims=\"1\" decoding=\"async\" src=\"https:\/\/i0.wp.com\/lh4.googleusercontent.com\/-LaOXc4PBFgc\/Tp20XrmEpMI\/AAAAAAAAGxs\/AtypY0sbMYs\/s400\/jl2.jpg?ssl=1\" border=\"0\" alt=\"\" \/><br \/>\n<img data-recalc-dims=\"1\" decoding=\"async\" src=\"https:\/\/i0.wp.com\/lh6.googleusercontent.com\/-L5IMn31Cvo4\/Tp20aW-XdQI\/AAAAAAAAGxw\/aBG_QBhQV84\/s400\/jl3.jpg?ssl=1\" border=\"0\" alt=\"\" \/><br \/>\n<img data-recalc-dims=\"1\" decoding=\"async\" src=\"https:\/\/i0.wp.com\/lh5.googleusercontent.com\/-Or37EhTIWQ4\/Tp20beryGyI\/AAAAAAAAGx0\/kzVB-ps7gtE\/s400\/jl.jpg?ssl=1\" border=\"0\" alt=\"\" \/><br \/>\n<img data-recalc-dims=\"1\" decoding=\"async\" src=\"https:\/\/i0.wp.com\/lh3.googleusercontent.com\/-0nNQyEizTgQ\/Tp20cUQgWGI\/AAAAAAAAGx4\/ovGroPhPDzk\/s400\/jl6.jpg?ssl=1\" border=\"0\" alt=\"\" \/><\/p>\n<p><img data-recalc-dims=\"1\" loading=\"lazy\" decoding=\"async\" src=\"https:\/\/i0.wp.com\/lh4.googleusercontent.com\/-x9TfJrPZpjk\/Tp1m6iPc8nI\/AAAAAAAAGxc\/IHn24P4PI3M\/s640\/PA152226a.jpg?resize=442%2C640&#038;ssl=1\" border=\"0\" alt=\"\" width=\"442\" height=\"640\" \/><br \/>\n<span class=\"genmed\"><big><\/big><big><\/big><big><\/big><big><a href=\"http:\/\/mossenhoms.netfreehost.com\/viewtopic.php?p=12622&amp;mforum=mossenhoms#12622\"><img data-recalc-dims=\"1\" decoding=\"async\" style=\"border: 0px solid;height: 70%;width: 70%\" src=\"https:\/\/i0.wp.com\/lh3.googleusercontent.com\/-ykFsdjBKnSU\/Tp1m8o0rqdI\/AAAAAAAAGxg\/nSVzezmGdTQ\/s400\/PA152230a.jpg?ssl=1\" alt=\"\" \/><\/a><\/big><\/span><span class=\"postbody\"> <\/span><\/p>\n<p>En Jaume ens recomana per coneixe&#8217;l l&#8217;excepcional entrevista que li han  fet a un blog molt bo anomenat &#8220;Agafa&#8217;m si pots&#8221; on es pot tenir una  idea ben clara del nostre gran campi\u00f3 , i l&#8217;entrevista \u00e9s aqu\u00ed<br \/>\n<a class=\"postlink\" href=\"http:\/\/agafemsipots.blogspot.com\/2011\/09\/catalunya-model-de-talent-ii-entrevista.html\" target=\"_blank\">Catalunya, model de talent (II). Entrevista a Jaume Leiva<\/a><\/p>\n","protected":false},"excerpt":{"rendered":"<p>Jaume Leiva \u00e9s el millor maratoni\u00e0 de #Terrassa . Tamb\u00e9 un dels millors de Catalunya i com no de l&#8217;estat. Pels campionats del mon que es disputaven enguany, demanaven una marca que va fer de 2h15&#8242;, per\u00f2 no va ser suficent per \u00e9sser sel\u00b7leccionat i disputar-lo, perqu\u00e8 de cinc que tenien costum d&#8217;anar-hi, nom\u00e9s hi [&hellip;]<\/p>\n","protected":false},"author":171,"featured_media":0,"comment_status":"open","ping_status":"open","sticky":false,"template":"","format":"standard","meta":{"jetpack_post_was_ever_published":false,"_jetpack_newsletter_access":"","_jetpack_dont_email_post_to_subs":false,"_jetpack_newsletter_tier_id":0,"_jetpack_memberships_contains_paywalled_content":false,"_jetpack_memberships_contains_paid_content":false,"footnotes":"","jetpack_publicize_message":"","jetpack_publicize_feature_enabled":true,"jetpack_social_post_already_shared":false,"jetpack_social_options":{"image_generator_settings":{"template":"highway","default_image_id":0,"font":"","enabled":false},"version":2}},"categories":[1],"tags":[],"class_list":["post-1027","post","type-post","status-publish","format-standard","hentry","category-general"],"jetpack_publicize_connections":[],"jetpack_featured_media_url":"","jetpack_sharing_enabled":true,"jetpack_shortlink":"https:\/\/wp.me\/pagkiK-gz","jetpack-related-posts":[{"id":788,"url":"https:\/\/blogs.avui.cat\/pepmoliner\/2011\/06\/16\/788\/","url_meta":{"origin":1027,"position":0},"title":"Entrenant en Grup de Terrassa a Sabadell","author":"Pep Moliner","date":"16 de juny de 2011","format":false,"excerpt":"Fang ? ens l'hem jugat i sense novetats destacables. Sab\u00edem que hi havia possibilitat d'enfangar-nos i hem fet un cl\u00e0ssic. Ha anat prou b\u00e9 i hem estat una bona colla. Avui han vingut nous mossenaires, coneguts pel facebook, com altres setmanes ja havia passat. Hav\u00edem dit que aquesta propera setmana\u2026","rel":"","context":"A &quot;General&quot;","block_context":{"text":"General","link":"https:\/\/blogs.avui.cat\/pepmoliner\/category\/general\/"},"img":{"alt_text":"","src":"https:\/\/i0.wp.com\/lh4.googleusercontent.com\/-OcEQyEfeMGE\/TfjNrSk6eFI\/AAAAAAAAFwo\/RR97vhzZ7Hw\/s400\/DSC03276.JPG?resize=350%2C200&ssl=1","width":350,"height":200},"classes":[]},{"id":218,"url":"https:\/\/blogs.avui.cat\/pepmoliner\/2010\/02\/22\/un-fred-que-pela\/","url_meta":{"origin":1027,"position":1},"title":"Un fred que pela","author":"Pep Moliner","date":"22 de febrer de 2010","format":false,"excerpt":"Fred. \u00c9s el que molts tenim al cap i al cos. Fred. No deixa de sorprendre'ns que hi hagi gent disposada a matinar, si a les vuit \u00e9s aviat, per entrenar una estona acompanyat de persones com nosaltres, que mentre entrenem aprofitem per fer bones converses i afiancem amistats. Sempre\u2026","rel":"","context":"A &quot;General&quot;","block_context":{"text":"General","link":"https:\/\/blogs.avui.cat\/pepmoliner\/category\/general\/"},"img":{"alt_text":"","src":"","width":0,"height":0},"classes":[]},{"id":1075,"url":"https:\/\/blogs.avui.cat\/pepmoliner\/2011\/11\/22\/corrent-cap-a-la-font-de-largelaguet\/","url_meta":{"origin":1027,"position":2},"title":"Corrent cap a la Font de l&#8217;Argelaguet","author":"Pep Moliner","date":"22 de novembre de 2011","format":false,"excerpt":"La Font de l'Argelaguet est\u00e0 situada en un punt on arbres alt\u00edssims i entorn preci\u00f3s la tenen protegida, a la part del damunt d'una bassa, que la seva funci\u00f3 era recollir aigua per donar de veure a bestiar i regar camps. Ara ens acull moltes setmanes en un punt on\u2026","rel":"","context":"A &quot;General&quot;","block_context":{"text":"General","link":"https:\/\/blogs.avui.cat\/pepmoliner\/category\/general\/"},"img":{"alt_text":"","src":"","width":0,"height":0},"classes":[]},{"id":3564,"url":"https:\/\/blogs.avui.cat\/pepmoliner\/2014\/12\/18\/mal-vent-pels-vallesans-i-pels-mossenaires\/","url_meta":{"origin":1027,"position":3},"title":"Mal vent pels Vallesans &#8230; i pels Mossenaires.","author":"Pep Moliner","date":"18 de desembre de 2014","format":false,"excerpt":"Dissabte marcat pel vent de dimarts. Quan reb\u00edem imatges dels entorns dels nostres llocs tan estimats, arrasats pel vent huracanat. Arbres centenaris, boscos sencers, camins i corriols quedaven del tot esborrats. Un ban de l'Ajuntament de Terrassa desaconsellant c\u00f3rrer pels nostres camins. Saber que incl\u00fas una cursa de la ciutat,\u2026","rel":"","context":"A &quot;General&quot;","block_context":{"text":"General","link":"https:\/\/blogs.avui.cat\/pepmoliner\/category\/general\/"},"img":{"alt_text":"","src":"","width":0,"height":0},"classes":[]},{"id":114,"url":"https:\/\/blogs.avui.cat\/pepmoliner\/2009\/01\/31\/entrenament-humitejat\/","url_meta":{"origin":1027,"position":4},"title":"Entrenament Humitejat","author":"Pep Moliner","date":"31 de gener de 2009","format":false,"excerpt":"Estem passant totes les proves i la climatologia no \u00e9s parany suficient per deixar de fer una bona colla una vegada m\u00e9s. I quina il\u00b7lusi\u00f3 de tenir nous mossenaires, la Cl\u00e0udia i en David. L'una de la m\u00e0 de'n Bru, el nostre mossenaire m\u00e9s jove, i en David aconsellat pels\u2026","rel":"","context":"A &quot;General&quot;","block_context":{"text":"General","link":"https:\/\/blogs.avui.cat\/pepmoliner\/category\/general\/"},"img":{"alt_text":"","src":"https:\/\/i0.wp.com\/lh4.ggpht.com\/_GgLw52r2N3I\/SYfkoB883DI\/AAAAAAAAJGM\/dRIW0W_epOM\/s800\/100_2098.jpg?resize=350%2C200","width":350,"height":200},"classes":[]},{"id":87,"url":"https:\/\/blogs.avui.cat\/pepmoliner\/2008\/12\/06\/entrenament-en-grup-el-dia-de-la-constitucio\/","url_meta":{"origin":1027,"position":5},"title":"Entrenament en Grup, el dia de la Constituci\u00f3","author":"Pep Moliner","date":"6 de desembre de 2008","format":false,"excerpt":"Trobada triple a la mateixa hora i circu\u00eft; el m\u00e9s repetit. El que va fins a Sant Vicen\u00e7 de Verders. Per qu\u00e8 triple ? la idea de la Mari Pau de fer una hora amb tota persona que vulgui fer un entrenament amb m\u00e9s predomini de la caminada i per\u2026","rel":"","context":"A &quot;General&quot;","block_context":{"text":"General","link":"https:\/\/blogs.avui.cat\/pepmoliner\/category\/general\/"},"img":{"alt_text":"","src":"https:\/\/i0.wp.com\/lh3.ggpht.com\/_GgLw52r2N3I\/ST4mgolivUI\/AAAAAAAAHtY\/pQzIRnyz8BM\/s800\/100_1205.jpg?resize=350%2C200","width":350,"height":200,"srcset":"https:\/\/i0.wp.com\/lh3.ggpht.com\/_GgLw52r2N3I\/ST4mgolivUI\/AAAAAAAAHtY\/pQzIRnyz8BM\/s800\/100_1205.jpg?resize=350%2C200 1x, https:\/\/i0.wp.com\/lh3.ggpht.com\/_GgLw52r2N3I\/ST4mgolivUI\/AAAAAAAAHtY\/pQzIRnyz8BM\/s800\/100_1205.jpg?resize=525%2C300 1.5x"},"classes":[]}],"_links":{"self":[{"href":"https:\/\/blogs.avui.cat\/pepmoliner\/wp-json\/wp\/v2\/posts\/1027","targetHints":{"allow":["GET"]}}],"collection":[{"href":"https:\/\/blogs.avui.cat\/pepmoliner\/wp-json\/wp\/v2\/posts"}],"about":[{"href":"https:\/\/blogs.avui.cat\/pepmoliner\/wp-json\/wp\/v2\/types\/post"}],"author":[{"embeddable":true,"href":"https:\/\/blogs.avui.cat\/pepmoliner\/wp-json\/wp\/v2\/users\/171"}],"replies":[{"embeddable":true,"href":"https:\/\/blogs.avui.cat\/pepmoliner\/wp-json\/wp\/v2\/comments?post=1027"}],"version-history":[{"count":3,"href":"https:\/\/blogs.avui.cat\/pepmoliner\/wp-json\/wp\/v2\/posts\/1027\/revisions"}],"predecessor-version":[{"id":1030,"href":"https:\/\/blogs.avui.cat\/pepmoliner\/wp-json\/wp\/v2\/posts\/1027\/revisions\/1030"}],"wp:attachment":[{"href":"https:\/\/blogs.avui.cat\/pepmoliner\/wp-json\/wp\/v2\/media?parent=1027"}],"wp:term":[{"taxonomy":"category","embeddable":true,"href":"https:\/\/blogs.avui.cat\/pepmoliner\/wp-json\/wp\/v2\/categories?post=1027"},{"taxonomy":"post_tag","embeddable":true,"href":"https:\/\/blogs.avui.cat\/pepmoliner\/wp-json\/wp\/v2\/tags?post=1027"}],"curies":[{"name":"wp","href":"https:\/\/api.w.org\/{rel}","templated":true}]}}