{"id":5195,"date":"2025-12-17T13:10:39","date_gmt":"2025-12-17T19:10:39","guid":{"rendered":"https:\/\/blogs.avui.cat\/joanot\/?p=5195"},"modified":"2026-01-10T10:45:34","modified_gmt":"2026-01-10T16:45:34","slug":"sobre-lantisemitisme","status":"publish","type":"post","link":"https:\/\/blogs.avui.cat\/joanot\/2025\/12\/17\/sobre-lantisemitisme\/","title":{"rendered":"Sobre l\u2019Antisemitisme"},"content":{"rendered":"<p>A la darrera fi de setmana molts vam quedar indignats i fins i tot aterroritzats veient com un grup de 21 jueus havia estat mort i alguns m\u00e9s ferits per trets disparats contra un poble que estava celebrant a una platja el primer dia del Hannukah, una festa abans poc celebrada pel Jueus que hi van veure fa anys la conveni\u00e8ncia de tenir una festa prop de les festes Cristianes de Nadal perqu\u00e8 tothom tingu\u00e9s una bona ocasi\u00f3 de celebrar. Resulta que el pare i el fill que van tirar havien passat recentment un mes a un camp d\u2019entrenament d\u2019un dels grups musulmans m\u00e9s agressius i antioccidentals, probablement Islamic State, a una illa Filipina on hi ha territoris musulmans, i d\u2019all\u00ed havia sortit la monstruositat. Ning\u00fa dubta en anomenar el cas Antisemisme i persones amb mem\u00f2ria igualment recordaran casos similars com identifiable, tirotejos i focs dintre una sinagoga (els Jueus en diuen Temples), assassinats o altres atacs a Jueus pel carrer que sovint poden ser identificats pels vestits, i moltes altres coses. Tot aix\u00f2 foren exemples indiscutibles d\u2019Antisemisme, conegut i establert des de fa no anys sin\u00f3 segles.A<br \/>\nCal no obstant parlar d\u2019altres casos que no ho s\u00f3n. Una cosa ha de quedar pr\u00e8viament ben clara: el cervell hum\u00e0 cont\u00e9 tries i inclinacions poc dominades pel nostre seny, per\u00f2\u2026.. Cap hum\u00e0 en t\u00e9 la culpa ni en pot fer canviar res per acte de voluntat si no li agraden els Jueus, els espanyols, els catalans, els negres, els xinesos, els indis o qui sigui perqu\u00e8 s\u00f3n coses que es fiquen dintre el cap i el subjecte no pot eliminar f\u00e1cilmentper\u00f2 per\u00f2btothom hde saber que expresar odi o hostilitat o encara menys actuar contra qualsevol membre d\u2019aquests grups \u00e9s intolerable, i contrari a la just\u00edcia, la llei i el dret que tots tenim a viure en pau i llibertat. Un home ha de saber com controlar les seves obsessions, que no interessen a ning\u00fa i no t\u00e9 cap dret de presentar-les o propagar-les a altres<br \/>\nSi aquests prejudicis van n\u00e8ixer a un cervell, all\u00ed s\u2019han de quedar i ning\u00fa t\u00e9 el dret de fer-ne res a l\u2019exterior.No seria doncs f\u00e0cil confondre realitzaci\u00f3 amb l\u2019Antisemitisme, que representa acceptaci\u00f3 d\u2019una cosa il.l\u00edcita i intolerable que homes de seny ha de saber reprimir inclinacions intolerables,comparables als pecats dels que parla sempre l\u2019Esgl\u00e9sia cat\u00f2lica<br \/>\nDep\u00e8n de com s\u2019usa el mot \u201cantisemita\u201d. oPer exemple, el govern americ\u00e0 l\u2019utilitza contra les universitats i estudiants que s\u2019oposen com molts molts organismes internacionals als atacs de l\u2019aviaci\u00f3 israeliana contra llars, homes,dones i nens de Gaza, ara ja destru\u00efdes, cases i \u00e0rees del L\u00edban, igual amb S\u00edria, com tamb\u00e9 permetre als colons civils la destrossa m\u00e9s cruel i barb\u00e0ricay del West Bank i l\u2019assassinat i empresonament de v\u00edctimes.<br \/>\nNo obstant tot aix\u00f2 certs organismes Jueus als Estats Units (no pas tots jueus) i molts pol\u00edtics elegits gr\u00e0cies als diners de l\u2019AIPAC han imposat que tots els adversaris dels bombardements de Gaza i altres territoris siguin declarats i tractats com Antisemites i negat cap mena d\u2019ajuts. I cap cr\u00edtica s\u2019ha sentit d\u2019aquest costat. I moltes Universitats i molts estudiants hi han hagut de patir.<br \/>\nLa guerra que estem veient \u00e9s una dirigida per un Primer Ministre corrupte,triat per un parlament dominat per un grup molt extremista d\u2019extrema dreta, a les ordres d\u2019un home sota judgement civil per tres actes de corrupci\u00f3, que no pot abandonar el c\u00e0rrec de Primer Ministre perqu\u00e8 aix\u00f2 permetria als seus adversaris detenir-lo.<\/p>\n<p>Joan Gil<br \/>\nAfegit 23 Desembre<br \/>\nRecent investigacions policials a Australia tant per ag\u00e8ncies australianes com brit\u00e0niques semblen indicar una relaci\u00f3 entre els darrers crims i incidents greus previs a Birmingham (England) i Par\u00eds i aquesta nova trag\u00e8dia . Hi hauria doncs una ag\u00e8ncia central dirigint-ho tot? Sembla que la policia ha pogut aturar un nou ultratge a Birmingham.<\/p>\n","protected":false},"excerpt":{"rendered":"<p>A la darrera fi de setmana molts vam quedar indignats i fins i tot aterroritzats veient com un grup de 21 jueus havia estat mort i alguns m\u00e9s ferits per trets disparats contra un poble que estava celebrant a una platja el primer dia del Hannukah, una festa abans poc celebrada pel Jueus que hi [&hellip;]<\/p>\n","protected":false},"author":183,"featured_media":0,"comment_status":"open","ping_status":"open","sticky":false,"template":"","format":"standard","meta":{"_jetpack_newsletter_access":"","_jetpack_dont_email_post_to_subs":false,"_jetpack_newsletter_tier_id":0,"_jetpack_memberships_contains_paywalled_content":false,"_jetpack_memberships_contains_paid_content":false,"footnotes":""},"categories":[816],"tags":[],"class_list":["post-5195","post","type-post","status-publish","format-standard","hentry","category-general"],"jetpack_featured_media_url":"","jetpack_sharing_enabled":true,"jetpack_shortlink":"https:\/\/wp.me\/pagkh3-1lN","jetpack-related-posts":[],"_links":{"self":[{"href":"https:\/\/blogs.avui.cat\/joanot\/wp-json\/wp\/v2\/posts\/5195","targetHints":{"allow":["GET"]}}],"collection":[{"href":"https:\/\/blogs.avui.cat\/joanot\/wp-json\/wp\/v2\/posts"}],"about":[{"href":"https:\/\/blogs.avui.cat\/joanot\/wp-json\/wp\/v2\/types\/post"}],"author":[{"embeddable":true,"href":"https:\/\/blogs.avui.cat\/joanot\/wp-json\/wp\/v2\/users\/183"}],"replies":[{"embeddable":true,"href":"https:\/\/blogs.avui.cat\/joanot\/wp-json\/wp\/v2\/comments?post=5195"}],"version-history":[{"count":13,"href":"https:\/\/blogs.avui.cat\/joanot\/wp-json\/wp\/v2\/posts\/5195\/revisions"}],"predecessor-version":[{"id":5222,"href":"https:\/\/blogs.avui.cat\/joanot\/wp-json\/wp\/v2\/posts\/5195\/revisions\/5222"}],"wp:attachment":[{"href":"https:\/\/blogs.avui.cat\/joanot\/wp-json\/wp\/v2\/media?parent=5195"}],"wp:term":[{"taxonomy":"category","embeddable":true,"href":"https:\/\/blogs.avui.cat\/joanot\/wp-json\/wp\/v2\/categories?post=5195"},{"taxonomy":"post_tag","embeddable":true,"href":"https:\/\/blogs.avui.cat\/joanot\/wp-json\/wp\/v2\/tags?post=5195"}],"curies":[{"name":"wp","href":"https:\/\/api.w.org\/{rel}","templated":true}]}}