{"id":4798,"date":"2024-10-25T15:38:44","date_gmt":"2024-10-25T21:38:44","guid":{"rendered":"https:\/\/blogs.avui.cat\/joanot\/?p=4798"},"modified":"2024-10-27T09:46:42","modified_gmt":"2024-10-27T15:46:42","slug":"financament-singular-una-paraula-singular-que-mata","status":"publish","type":"post","link":"https:\/\/blogs.avui.cat\/joanot\/2024\/10\/25\/financament-singular-una-paraula-singular-que-mata\/","title":{"rendered":"Finan\u00e7ament  SINGULAR: una paraula que singularitza"},"content":{"rendered":"<p style=\"text-align: left\">Jo en la meva vida he viscut 7 mesos a l&#8217;antiga Alemanya Federal de l&#8217;Oest, 10 anys a la Confederaci\u00f3 Su\u00efssa i bastant m\u00e9s de 40 anys als Estats Units, que probablement s\u00f3n la Uni\u00f3 m\u00e9s forta en exist\u00e8ncia. Tot aix\u00f2 eren i son, ara encara m\u00e9s que abans, pa\u00efsos rics i pr\u00f2spers amb una estructura federal molt clara i ben organitzada, molt allunyada de les barbaritats i absurditats de l&#8217;organitzaci\u00f3 de les regions ib\u00e8riques impotents, algunes d&#8217;elles obligades a entrar dintre l&#8217;organitzaci\u00f3 per for\u00e7a per reduir el pes de Catalunya. Es veu que a Madrid accepten Euskadi i Navarra com a diferents per\u00f2 ning\u00fa m\u00e9s. El federalisme fort\u00edssim dels EUA \u00e9s molt diferent de l&#8217;Europeu i els Americans no han tingut mai res comparable amb la Uni\u00f3 Europea. Per\u00f2 als EUA si un problema \u00e9s de jurisdicci\u00f3 estatal, els Federals no s&#8217;hi poden ficar de cap manera. Hi ha gent que s&#8217;admira que cap Estat americ\u00e0 s&#8217;hagi volgut independitzar mai (deixant de banda la Guerra Civil, que era molt complicada). Jo crec que caldria estar molt malament del cap per voler independitzar-se als EUA. Els Estats tenen llibertat, executius forts, drets intocables i majorit\u00e0riament considerable prosperitat. Calif\u00f2rnia i Texas tenen ind\u00fastries i economia superiors a les de molts pa\u00efsos independents. Tant deb\u00f2 aquesta conviv\u00e8ncia exist\u00eds entre Catalunya i Madrid, per\u00f2 no existeix i la culpa no \u00e9s pas nostra.<\/p>\n<p>I ara parlem del fam\u00f3s atribut SINGULAR, un mot que segons el cas o qui parli t\u00e9 un significat positiu o negatiu, com qualsevol ciutad\u00e0 que parli i entengui catal\u00e0 o castell\u00e0 pot establir. Fou clarament introdu\u00eft per ajudar al PP, veient f\u00e0cilment com seria usat per activar els seus creients i per fer impossibles de realitzar els acords \u00a0fets amb Junts per S\u00e1nchez per obligaci\u00f3 i contra branques del seu PSOE per atiar la creuada sacrosanta contra Catalunya i lliurar-se de la promesa feta per S\u00e1nchez. El PP s\u2019agafaria a la Singularitat i l\u2019ensorraria. El mot, mal interpretat, arribaria a molts ciutadans. Sens dubte la paraula assassina en questi\u00f3 ve de l&#8217;oficina del Sr Pedro S\u00e1nchez, patr\u00f3 del seu exministre Salvador Illa, al seu servei. No, ning\u00fa es pensa que S\u00e1nchez sigui una persona d&#8217;intel\u00b7lig\u00e8ncia o seny limitats (com era en Rajoy), sin\u00f3 tot el contrari. Un dia fa mesos ell estava arraconat per les dures peticions de Junts i la necessitat d&#8217;obtenir els seus vots. Quina cosa millor que introduir la bisexual paraula SINGULAR per encendre el foc i odi anticatalans, (sense recordar mai, com dit abans, Euskadi i Navarra) donant la impressi\u00f3 d&#8217;haver cedit amb dolor a una demanda\u00a0 financera tossuda de Catalunya, que dissortadament el Congr\u00e9s no li permetria satisfer perqu\u00e8 a Espanya totes les regions semi-auton\u00f2miques tenen nom\u00e9s el dret a rebre totes el mateix (?), no obstant el suport de S\u00e1nchez. El desenlla\u00e7 no seria culpa seva. Arreglat. Una idea ben SINGULAR. Hi ha paraules i adjectius que poden matar sense que ho sembli. Hi ha genis del mal que tamb\u00e9 son singulars.<\/p>\n<p>No he sentit dir mai que els estats (o com es diguin, L\u00e4nder o Kantons o com sigui) es barallin entre ells per subvencions de llur Governs centrals ni encara menys que tots rebin exactament la mateixa quantitat de diners del Govern central, una cosa absurda perqu\u00e8 cadasc\u00fa t\u00e9 necessitats i projectes diferents. Sap alg\u00fa si tothom que treballa a una firma rep el mateix sou? Que contesten quan demaneu una millora de paga? I Alemanya i Fran\u00e7a reben els mateixos diners de la UE que Espanya, Portugal o Tx\u00e8quia? I tenen aquests pa\u00efsos el mateix pressupost nacional? O son SINGULARS, com jo em temo? No hauria de tenir Espanya a la butxaca tants diners com Fran\u00e7a? I seria Portugal com +Espanya? Segur que tots aquests pa\u00efsos volen trencar la unitat de la UE? Hi veuria seny i sentit com\u00fa alg\u00fa si aix\u00f2 fos veritat? En llocs civilitzats els Governs Centrals en general han de distribuir sempre fons rebuts per\u00f2 si algun estat est\u00e0 embolicat en un projecte car per\u00f2 prometedor d&#8217;\u00e8xit, o ha patit una desgr\u00e0cia molt greu i cara, dif\u00edcil d&#8217;arreglar, com ara els huracans Americans, o est\u00e0 for\u00e7at a rebre ones imparables de refugiats, o han vist tancar f\u00e0briques molt grans, un estat en aquesta situaci\u00f3 sempre t\u00e9 l&#8217;opci\u00f3 SINGULAR de dirigir-se individualment al Govern Central a demanar ajut. Per\u00f2 els Federals no sempre accepten. Ja fa anys i est\u00e0 mig oblidat, per\u00f2 la Ciutat de Nova York, famosa a tot el m\u00f3n, un cop fa temps es va declarar insolvent i el President a Washington es va negar a ajudar en res, ni un c\u00e8ntim. Va decidir que tot era culpa de Nova York. S&#8217;ho havien buscat. Van acabar sortint-se\u2019n tots sols amb el temps sota la direcci\u00f3 d\u2019un economista fam\u00f2s, fent sacrificis. Contra la resoluci\u00f3 del Govern Federal no hi havia recurs i els altres estats evidentment no donarien ni un c\u00e8ntim. Aqu\u00ed a Catalunya el PP i els del PSOE ho tenen arreglat millor. Catalunya est\u00e0 perdent cont\u00ednuament pes econ\u00f2mic i comen\u00e7a a ensorrar-se. Cal que es presenti Catalunya a la reuni\u00f3 de tots els altres Presidents que ens odien, i ens ho neguen tot per voler ser SINGULARS com ens va voler fer creure el superior de Salvador Illa? En aquest cas, que fou i \u00e9s un cop magistral, astut i fosc del Sr S\u00e1nchez, probablement el PP i molta gent del PSOE li estaran agra\u00efts. Ells volen un progr\u00e9s comercial distribu\u00eft de forma m\u00e9s favorable ignorant comparacions amb Madrid o Euskadi i probablement esperen tenir aviat un \u00e8xit SINGULAR.<\/p>\n<p>Hi ha una altra cosa que pocs articulistes volen comentar: l&#8217;afer de l&#8217;odi anticatal\u00e0. No \u00e9s dificil saber d&#8217;on va sortir, probablement de la Guerra de Successi\u00f3 i l&#8217;entrada fatal dels Borbons, per\u00f2 es curi\u00f3s que hagi durat m\u00e9s de 300 anys amb tanta intensitat. No conec cap altre exemple. A la B\u00edblia podeu llegir com estaven d\u2019oposats els jueus i els samaritans, per\u00f2 ja fa molt de temps que ning\u00fa en parla. Com \u00e9s que hom ha vist i pot veure encara f\u00e0cilment molts odis nacionals, que prefereixo no anomenar, en for\u00e7a i en guerra, per\u00f2 en general aquests conflictes no han durat 300 anys i sobretot no son mai reservats o dirigits a un sol pa\u00eds. Hi ha sens dubte coses gaireb\u00e9 folkl\u00f2riques que fan riure com a Alemanya entre els Bavaresos i el Prussians, o als EUA entre el Nord i el Sud o a Su\u00efssa per petites coses indignants que potser no interessarien al lector. Per\u00f2 \u00e9s sempre broma i tothom sap que els altres son germans. Seria intolerable que un estat membre insult\u00e9s o amenac\u00e9s un altre de la mateixa Federaci\u00f3 o que volgu\u00e9s\u00a0 ficar-se en els seus assumptes interiors, reputaci\u00f3 o pressuposts. I aix\u00f2 no ho han apr\u00e9s mai a Madrid on segueixen insistint en assimilar-nos, com si Espanya encara fos una prov\u00edncia \u00fanica.<\/p>\n<p>Saluts molt singulars a tots els estimats lectors<\/p>\n<p>&nbsp;<\/p>\n<p>Joan Gil<\/p>\n","protected":false},"excerpt":{"rendered":"<p>Jo en la meva vida he viscut 7 mesos a l&#8217;antiga Alemanya Federal de l&#8217;Oest, 10 anys a la Confederaci\u00f3 Su\u00efssa i bastant m\u00e9s de 40 anys als Estats Units, que probablement s\u00f3n la Uni\u00f3 m\u00e9s forta en exist\u00e8ncia. Tot aix\u00f2 eren i son, ara encara m\u00e9s que abans, pa\u00efsos rics i pr\u00f2spers amb una [&hellip;]<\/p>\n","protected":false},"author":183,"featured_media":0,"comment_status":"open","ping_status":"open","sticky":false,"template":"","format":"standard","meta":{"_jetpack_newsletter_access":"","_jetpack_dont_email_post_to_subs":false,"_jetpack_newsletter_tier_id":0,"_jetpack_memberships_contains_paywalled_content":false,"_jetpack_memberships_contains_paid_content":false,"footnotes":""},"categories":[816],"tags":[34522,34524,32645,34523],"class_list":["post-4798","post","type-post","status-publish","format-standard","hentry","category-general","tag-anticatalanisme","tag-federalisme","tag-pedro-sanchez","tag-singular"],"jetpack_featured_media_url":"","jetpack_sharing_enabled":true,"jetpack_shortlink":"https:\/\/wp.me\/pagkh3-1fo","jetpack-related-posts":[],"_links":{"self":[{"href":"https:\/\/blogs.avui.cat\/joanot\/wp-json\/wp\/v2\/posts\/4798","targetHints":{"allow":["GET"]}}],"collection":[{"href":"https:\/\/blogs.avui.cat\/joanot\/wp-json\/wp\/v2\/posts"}],"about":[{"href":"https:\/\/blogs.avui.cat\/joanot\/wp-json\/wp\/v2\/types\/post"}],"author":[{"embeddable":true,"href":"https:\/\/blogs.avui.cat\/joanot\/wp-json\/wp\/v2\/users\/183"}],"replies":[{"embeddable":true,"href":"https:\/\/blogs.avui.cat\/joanot\/wp-json\/wp\/v2\/comments?post=4798"}],"version-history":[{"count":15,"href":"https:\/\/blogs.avui.cat\/joanot\/wp-json\/wp\/v2\/posts\/4798\/revisions"}],"predecessor-version":[{"id":4808,"href":"https:\/\/blogs.avui.cat\/joanot\/wp-json\/wp\/v2\/posts\/4798\/revisions\/4808"}],"wp:attachment":[{"href":"https:\/\/blogs.avui.cat\/joanot\/wp-json\/wp\/v2\/media?parent=4798"}],"wp:term":[{"taxonomy":"category","embeddable":true,"href":"https:\/\/blogs.avui.cat\/joanot\/wp-json\/wp\/v2\/categories?post=4798"},{"taxonomy":"post_tag","embeddable":true,"href":"https:\/\/blogs.avui.cat\/joanot\/wp-json\/wp\/v2\/tags?post=4798"}],"curies":[{"name":"wp","href":"https:\/\/api.w.org\/{rel}","templated":true}]}}