{"id":3612,"date":"2021-08-27T19:12:36","date_gmt":"2021-08-28T01:12:36","guid":{"rendered":"https:\/\/blogs.avui.cat\/joanot\/?p=3612"},"modified":"2021-08-28T06:55:50","modified_gmt":"2021-08-28T12:55:50","slug":"la-fi-dernesto-che-guevara","status":"publish","type":"post","link":"https:\/\/blogs.avui.cat\/joanot\/2021\/08\/27\/la-fi-dernesto-che-guevara\/","title":{"rendered":"La fi d\u2019Ernesto Che Guevara"},"content":{"rendered":"<p>&nbsp;<\/p>\n<div id=\"attachment_3617\" style=\"width: 244px\" class=\"wp-caption alignleft\"><img loading=\"lazy\" decoding=\"async\" aria-describedby=\"caption-attachment-3617\" data-attachment-id=\"3617\" data-permalink=\"https:\/\/blogs.avui.cat\/joanot\/2021\/08\/27\/la-fi-dernesto-che-guevara\/che-guevara\/\" data-orig-file=\"https:\/\/blogs.avui.cat\/joanot\/files\/2021\/08\/CHE-Guevara.jpg\" data-orig-size=\"1200,1538\" data-comments-opened=\"1\" data-image-meta=\"{&quot;aperture&quot;:&quot;0&quot;,&quot;credit&quot;:&quot;&quot;,&quot;camera&quot;:&quot;&quot;,&quot;caption&quot;:&quot;&quot;,&quot;created_timestamp&quot;:&quot;0&quot;,&quot;copyright&quot;:&quot;&quot;,&quot;focal_length&quot;:&quot;0&quot;,&quot;iso&quot;:&quot;0&quot;,&quot;shutter_speed&quot;:&quot;0&quot;,&quot;title&quot;:&quot;&quot;,&quot;orientation&quot;:&quot;0&quot;}\" data-image-title=\"CHE Guevara\" data-image-description=\"\" data-image-caption=\"&lt;p&gt;Famosa foto d&amp;#8217;Ernesto&lt;br \/&gt;\nChe Guevara&lt;\/p&gt;\n\" data-medium-file=\"https:\/\/blogs.avui.cat\/joanot\/files\/2021\/08\/CHE-Guevara-234x300.jpg\" data-large-file=\"https:\/\/blogs.avui.cat\/joanot\/files\/2021\/08\/CHE-Guevara-799x1024.jpg\" class=\"size-medium wp-image-3617\" src=\"https:\/\/blogs.avui.cat\/joanot\/files\/2021\/08\/CHE-Guevara-234x300.jpg\" alt=\"\" width=\"234\" height=\"300\" srcset=\"https:\/\/blogs.avui.cat\/joanot\/files\/2021\/08\/CHE-Guevara-234x300.jpg 234w, https:\/\/blogs.avui.cat\/joanot\/files\/2021\/08\/CHE-Guevara-799x1024.jpg 799w, https:\/\/blogs.avui.cat\/joanot\/files\/2021\/08\/CHE-Guevara-768x984.jpg 768w, https:\/\/blogs.avui.cat\/joanot\/files\/2021\/08\/CHE-Guevara-1198x1536.jpg 1198w, https:\/\/blogs.avui.cat\/joanot\/files\/2021\/08\/CHE-Guevara.jpg 1200w\" sizes=\"auto, (max-width: 234px) 100vw, 234px\" \/><p id=\"caption-attachment-3617\" class=\"wp-caption-text\">Famosa foto d&#8217;Ernesto<br \/>Che Guevara<\/p><\/div>\n<p>El metge natural de Rosario (Argentina) Ernesto Guevara de la Serna (1928-1967) mor\u00ed executat a un poble remot de Bol\u00edvia per\u00f2 continua essent tan o m\u00e9s fam\u00f3s com fou durant els seus 39 anys d&#8217; exist\u00e8ncia, i segueix vist per molts com un model d\u2019anticonformisme, rebel\u00b7li\u00f3, antiracisme i progressisme. Encara avui en dia hom troba a molts llocs la seva imatge fins i tot en T-Shirts . Fou, despr\u00e9s de Fidel Castro, la figura m\u00e9s coneguda a tot el m\u00f3n de la Revoluci\u00f3 cubana. Com passa sempre en casos similars els qui el volen jutjar trobaran racons foscos i coses admirables per\u00f2 sobretot una sinceritat revolucion\u00e0ria amb devoci\u00f3 per les classes oprimides que li van guanyar la gran popularitat del poble cub\u00e0 i finalment del m\u00f3n.\u00a0 All\u00f2 que hom li retreu m\u00e9s \u00e9s la seva actuaci\u00f3 com a director de la pres\u00f3 d&#8217;Havana immediatament despr\u00e9s de l&#8217;entrada dels castristes, on van ser afusellats molts ciutadans. Ja s\u2019ho faran els historiadors. Vet aqu\u00ed com va viure:<\/p>\n<p><b>Comen\u00e7ament<\/b><\/p>\n<p>Nascut a una fam\u00edlia benestant, es va fer fam\u00f3s interrompent els seus estudis de medicina per fer un viatge en motocicleta per la majoria del continent sud-americ\u00e0, publicat (i filmat molts anys despr\u00e9s) en forma de diari quan ja era metge. Va comen\u00e7ar la seva carrera progressista a la desventurada naci\u00f3 de Guatemala, empobrida i explotada per la infame companyia bananera United Fruit. Quan un president leg\u00edtim, Jacobo \u00c1rbenz, va intentar arreglar-ho amb una reforma agr\u00e0ria, fou enderrocat per un cop conjunt de la CIA i d\u2019United Fruit. La Guerra Freda havia comen\u00e7at. Veien comunistes per tot arreu. El Che va fugir a M\u00e8xic, on aviat es trobaria amb Fidel Castro i el seu germ\u00e0 Ra\u00fal. El Che i Ra\u00fal sense cap mena d&#8217;afiliaci\u00f3, ja es declaraven comunistes conven\u00e7uts. En Fidel simpatitzava per\u00f2 de forma encara vacil\u00b7lant en aquells temps. Tots tres van sobreviure el viatge amb el vaixell desartillat GRANMA i, sobrevivint l\u2019atac inicial de soldats en desembarcar, van aconseguir arribar vius a la Sierra Maestra. En Fidel nomenaria el Che \u201cComandante\u201d. Pocs anys despr\u00e9s, el Che manaria un dels dos destacaments que van derrotar l\u2019ex\u00e8rcit cub\u00e0 a Santa Clara (on el Che est\u00e0 enterrat), obligant el Dictador Batista a fugir-se i donant el poder absolut a Fidel Castro. Poc temps despr\u00e9s, Guevara aconsegu\u00ed entrar al primer gabinet de Castro, que encara es reunia a una sala de l\u2019Hotel Havana-Hilton, esdevenint \u00a0ministre primer de finances i despr\u00e9s d\u2019ind\u00fastria, c\u00e0rrec on va seguir fins la seva disputa final amb Castro en 1965.<\/p>\n<p><b>Al Poder<\/b><\/p>\n<p>Mentre que avui en dia els nous ministres s\u00f3n sovint gent amb experi\u00e8ncia i flexibilitat, en Guevara era un somniador rom\u00e0ntic d\u2019ideologia tan ferma i revolucion\u00e0ria com inflexible. Era tamb\u00e9 un home molt sincer que connectava b\u00e9 amb el poble i va esdevenir popular, un home molt recte i conven\u00e7ut en la seva ideologia i creen\u00e7a en un futur millor. La primera topada amb Fidel Castro fou el resultat\u00a0 d&#8217;un projecte de llei manant la industrialitzaci\u00f3 r\u00e0pida de Cuba i accelerant el centralisme. En Fidel va arronsar el nas. El Che va anar de viatge a molts pa\u00efsos des de la Xina a Nova York, fent discursos, cada dia m\u00e9s hostils a la Uni\u00f3 Sovi\u00e8tica i potser tamb\u00e9 discretament al r\u00e8gim cub\u00e0. La Xina i Mao Zedong l\u2019atreien m\u00e9s. Calia seguir fent revolucions.<\/p>\n<p><b>La Baralla<\/b><\/p>\n<p>En Fidel el va cridar i van discutir per 40 hores. Al final de la llarga conversa, el Che havia sortit del govern i de Cuba (abandonant una companyona i una nena petita) sense explicar res a la naci\u00f3, que va quedar molt sorpresa,\u00a0 com en Fidel tampoc faria. L\u2019acord secret era que amb ajut cub\u00e0 el Che aniria al Congo, l\u2019ex-col\u00f2nia belga que no tenia cap classe dirigent ni gent educada, on s\u2019havia desenvolupat immediatament despr\u00e9s de la independ\u00e8ncia un caos violent terrible. Al centre del gran pa\u00eds, Che Guevara suportaria el \u00a0nou Primer Ministre progressiu Patrice Lumumba, que aviat fou enderrocat i assassinat. Che Guevara va fugir a Tanz\u00e0nia i despr\u00e9s a Txecoslov\u00e0quia, on va necessitar tractament m\u00e8dic. Despr\u00e9s va volar molt secretament a Havana a retrobar-se amb en Fidel, que seguia afirmant que d&#8217;ell no en sabia res.<\/p>\n<p><b>La Mort a Bol\u00edvia<\/b><\/p>\n<p>Van decidir entre els dos que era l\u2019hora d\u2019encendre i atiar la revoluci\u00f3 contra minories dominants entre els indis i altres masses oprimides i pobres a Sud-Am\u00e8rica. No obstant el poc ajut que rebria de Castro, el Che va aplegar uns quants revolucionaris i va anar a un lloc remot de Bol\u00edvia. Tot va anar malament. Els nadius indis no eren receptius i sempre hi havia perill de ser delatats. El Che havia estudiat absurdament la llengua ind\u00edgena Qu\u00e8chua per\u00f2 dissortadament els indis locals eren Aymaras (com l\u2019ex-President Evo Morales) i no entenien el Qu\u00e8chua i poc el castell\u00e0.<\/p>\n<p>Els primers tres mesos semblaven triomfals. El Che havia perdut en aquest breu temps sols un guerriller per\u00f2 mort 20 soldats bolivians regulars. Molt esverat i havent sentit rumors que el cap de la rebel\u00b7li\u00f3 era en Che, el President de Bol\u00edvia va demanar ajut als EUA, que immediatament la van atorgar. Es van negar a enviar unitats de l&#8217;ex\u00e8rcit regular per\u00f2 van organitzar una mil\u00edcia forta d\u2019exiliats cubans amb alguns \u201cberets\u201d americans (forces especials), entre ells el temible operatiu cub\u00e0 de la CIA <em>F\u00e8lix Rodr\u00edguez<\/em>, que acabaria amb la insurrecci\u00f3. Si algun lector s\u2019interessa, \u00e9s possible llegir tota la correspond\u00e8ncia desclassificada americana:<\/p>\n<p><a href=\"http:\/\/nsarchive2.gwu.edu\/NSAEBB5\/index.html\">http:\/\/nsarchive2.gwu.edu\/NSAEBB5\/index.html<\/a><\/p>\n<p>El Che havia arribat amb els seus a un poble indi perdut anomenat La Higuera, on una reuni\u00f3 amb els locals va acabar malament i es va retirar a la selva. Una pastora amb cabres els va trobar. El Che li va donar diners perqu\u00e8 no en parl\u00e9s per\u00f2 sembla haver estat una equivocaci\u00f3 molt gran. A m\u00e9s el Che sembla haver estat tra\u00eft per un subaltern disgustat anomenat Ciro Bustros. En Rodr\u00edguez, el de la CIA, va revisar tota la informaci\u00f3 disponible, va mirar el mapa i va assenyalar el lloc on els guerrillers havien d\u2019estar, que fou exactament on estaven. Gaireb\u00e9 tots els soldats enviats al lloc eren bolivians. Tot va anar molt malament pel Che. Gaireb\u00e9 tots els seus guerrillers van caure sense vida r\u00e0pidament i el Che fou ferit a la cama. Com que no podia caminar, un company se&#8217;l va carregar a l\u2019esquena intentant fugir per\u00f2 els perseguidors els van enxampar. Hi ha diferents versions de com tot va acabar per\u00f2 es segur que el Che viuria encara 24 hores. Sembla que el seu company fou mort a trets i que ell, ferit com estava, potser tamb\u00e9 al bra\u00e7, ja era incapa\u00e7 de disparar. Quan els soldats es van acostar a matar-lo, ell va dir que no ho fessin perqu\u00e8 era el Che Guevara. El van lligar de peus i mans ferit com estava i se\u2019l van endur en una manta aguantada per quatre soldats cap a l\u2019escola de La Higuera on el van tancar tal com estava, ferit i lligat, a una habitaci\u00f3 amb altres companys morts o malferits, a passar la nit, sense assist\u00e8ncia m\u00e8dica.<\/p>\n<p>Hi ha entrevistes filmades amb en<em> F\u00e8lix Rodr\u00edguez<\/em> que es va presentar a La Higuera en helic\u00f2pter a prendre c\u00e0rrec. Ell diu que es va horroritzar veient l\u2019estat del Che, ferit, lligat, mig despullat, sense sabates. En Che el va rebre amb insults, per\u00f2 en Rodr\u00edguez el va deslligar i li va parlar amb respecte, cosa que el Che va apreciar. El Che, sospitant qu\u00e8 passaria, va dir que no volia morir amb la panxa buida i sembla que li van donar algun menjar.<\/p>\n<p>En Rodr\u00edguez, en c\u00e0rrec de tot, va haver de resoldre un problema molt greu. Els seus caps nord-americans insistien en tractar m\u00e8dicament al Che i enviar-lo a un lloc secret de la CIA per ser interrogat. Ja havien fet arribar un helic\u00f2pter que el conduiria a un avi\u00f3 que ja l&#8217;estava esperant. El President bolivi\u00e0, en canvi, insistia en fer-lo executar en l\u2019acte sense proc\u00e9s per evitar complicacions. En Rodr\u00edguez va reflexionar i decidir al final que la mort era el resultat m\u00e9s digne i que a m\u00e9s ell estava a Bol\u00edvia envoltat de soldats bolivians i li calia obeir el President. Havent fet la tria, va tornar a veure el Che i li va notificar. El condemnat li va encarregar transmetre uns missatges verbals per a la seva dona i\u2026 per a Fidel Castro. Despr\u00e9s es va quadrar, esperant que Rodr\u00edguez el mat\u00e9s en l&#8217;acte, cosa que l&#8217;agent de la CIA no va va voler fer. Va sortir al passad\u00eds fora de l&#8217;habitaci\u00f3 i va donar l\u2019ordre d\u2019executar en Che Guevara a un sergent bolivi\u00e0 que estava de gu\u00e0rdia, de forma que sembl\u00e9s una mort de combat enlloc d&#8217;una execuci\u00f3. El sergent va entrar i veient el Che no va poder. Va tornar, no obstant, i el Che li va dir que no tingu\u00e9s por, que nom\u00e9s li calia matar un home.<\/p>\n<p>La premsa boliviana va anunciar la seva mort. Periodistes van venir i van fer i publicar fotos bastant denigrants del mort a una taula sense camisa. Era el 9 d\u2019octubre de 1967. Li van tallar les dues mans per facilitar la seva identificaci\u00f3 per les empremtes digitals, que van ser preservades en formalina i despr\u00e9s analitzades per dos experts argentins. El cos fou enterrat sense cap identificaci\u00f3 o marca a la perif\u00e8ria d\u2019un petit aer\u00f2drom local. Recentment els locals han organitzat una petita industria tur\u00edstica ensenyant el lloc on el Che havia parlat i lluitat i on fou retingut i assassinat. Vaig veure un article a un peri\u00f2dic.<\/p>\n<p><b>Gl\u00f2ria Post-Mortem<\/b><\/p>\n<p>El ministre d\u2019Afers Estrangers sovi\u00e8tic Kossygin es va presentar a Havana a queixar-se que Castro promogu\u00e9s guerres a Llatino-Am\u00e8rica. D\u2019aix\u00f2 res, deia.<\/p>\n<p>Els Cubans despr\u00e9s de la seva mort ja havien comen\u00e7at en 1982 a construir a Santa Clara un memorial hist\u00f2ric del Che amb fotos, records, escrits i un monument. Al final Castro va aconseguir que hom identifiqu\u00e9s la sepultura original a Bol\u00edvia. Fou desenterrat en 1997, f\u00e0cil d&#8217;identificar perqu\u00e8 a l\u2019esquelet \u00a0li faltaven les mans. Fou dut a Santa Clara per ser enterrat amb pompa i cerim\u00f2nia \u00a0al seu memorial i mausoleu de Santa Clara en companyia de 7 guerrillers morts al seu costat, amb m\u00e9s que hi van ser afegits posteriorment. Per a Fidel Castro la mort del Che havia estat un martiri glori\u00f3s i hist\u00f2ric. Un mili\u00f3 de Cubans s\u2019havien aplegat a una pla\u00e7a d\u2019Havana per sentir el discurs funerari. Quan Castro va acabar, es van disparar 21 canonades i totes les sirenes del pa\u00eds van sonar una llarga estona.<\/p>\n<p>Joan Gil<\/p>\n<p>&nbsp;<\/p>\n","protected":false},"excerpt":{"rendered":"<p>&nbsp; El metge natural de Rosario (Argentina) Ernesto Guevara de la Serna (1928-1967) mor\u00ed executat a un poble remot de Bol\u00edvia per\u00f2 continua essent tan o m\u00e9s fam\u00f3s com fou durant els seus 39 anys d&#8217; exist\u00e8ncia, i segueix vist per molts com un model d\u2019anticonformisme, rebel\u00b7li\u00f3, antiracisme i progressisme. Encara avui en dia hom [&hellip;]<\/p>\n","protected":false},"author":183,"featured_media":0,"comment_status":"open","ping_status":"open","sticky":false,"template":"","format":"standard","meta":{"_jetpack_newsletter_access":"","_jetpack_dont_email_post_to_subs":false,"_jetpack_newsletter_tier_id":0,"_jetpack_memberships_contains_paywalled_content":false,"_jetpack_memberships_contains_paid_content":false,"footnotes":""},"categories":[2934,4098,34238,816],"tags":[],"class_list":["post-3612","post","type-post","status-publish","format-standard","hentry","category-bolivia","category-che-guevara","category-felix-rodriguez","category-general"],"jetpack_featured_media_url":"","jetpack_sharing_enabled":true,"jetpack_shortlink":"https:\/\/wp.me\/pagkh3-Wg","jetpack-related-posts":[],"_links":{"self":[{"href":"https:\/\/blogs.avui.cat\/joanot\/wp-json\/wp\/v2\/posts\/3612","targetHints":{"allow":["GET"]}}],"collection":[{"href":"https:\/\/blogs.avui.cat\/joanot\/wp-json\/wp\/v2\/posts"}],"about":[{"href":"https:\/\/blogs.avui.cat\/joanot\/wp-json\/wp\/v2\/types\/post"}],"author":[{"embeddable":true,"href":"https:\/\/blogs.avui.cat\/joanot\/wp-json\/wp\/v2\/users\/183"}],"replies":[{"embeddable":true,"href":"https:\/\/blogs.avui.cat\/joanot\/wp-json\/wp\/v2\/comments?post=3612"}],"version-history":[{"count":10,"href":"https:\/\/blogs.avui.cat\/joanot\/wp-json\/wp\/v2\/posts\/3612\/revisions"}],"predecessor-version":[{"id":3623,"href":"https:\/\/blogs.avui.cat\/joanot\/wp-json\/wp\/v2\/posts\/3612\/revisions\/3623"}],"wp:attachment":[{"href":"https:\/\/blogs.avui.cat\/joanot\/wp-json\/wp\/v2\/media?parent=3612"}],"wp:term":[{"taxonomy":"category","embeddable":true,"href":"https:\/\/blogs.avui.cat\/joanot\/wp-json\/wp\/v2\/categories?post=3612"},{"taxonomy":"post_tag","embeddable":true,"href":"https:\/\/blogs.avui.cat\/joanot\/wp-json\/wp\/v2\/tags?post=3612"}],"curies":[{"name":"wp","href":"https:\/\/api.w.org\/{rel}","templated":true}]}}