{"id":3375,"date":"2021-03-06T13:48:11","date_gmt":"2021-03-06T19:48:11","guid":{"rendered":"https:\/\/blogs.avui.cat\/joanot\/?p=3375"},"modified":"2021-03-07T07:04:39","modified_gmt":"2021-03-07T13:04:39","slug":"el-virus-tira-enrere-als-eua-amb-entrebancs","status":"publish","type":"post","link":"https:\/\/blogs.avui.cat\/joanot\/2021\/03\/06\/el-virus-tira-enrere-als-eua-amb-entrebancs\/","title":{"rendered":"El virus tira enrere als EUA amb entrebancs"},"content":{"rendered":"<p><b>Coses que no tenen res a veure<\/b><\/p>\n<p>Aqu\u00ed la Food &amp; Drug Administration (FDA) ha aprovat l\u2019us d\u2019emerg\u00e8ncia (que podria ser revocat si hi hagu\u00e9s mals resultats) de tres vaccins: Pfizer, Moderna i Johnson &amp; Johnson que estan essent distribu\u00efdes gr\u00e0cies en part al President Biden, que ha mobilitzat els serveis federals d\u2019emerg\u00e8ncies que saben com tractar a milers de ciutadans i tenen o saben trobar qualsevol cosa que faci falta per obrir grans centres de vaccinaci\u00f3 a estadis, centres de congressos o qualsevol altre lloc molt gran amb l\u2019ajut de Gu\u00e0rdies Nacionals que han apr\u00e8s com vaccinar. En algun cas, estan oberts 24 hores i han arribat als dos milions de vaccins diaris als EUA. Ni els estats ni els comtats sabien o podien fer-ho. De moment, ning\u00fa pot triar encara quin vacc\u00ed vol rebre. En canvi, Astra-Zeneca no ha demanat mai ser aprovada per la FDA i no pot ser administrada als EUA. No ha explicat mai perqu\u00e8.<\/p>\n<p>A un grup de bisbes cat\u00f2lics probablement sobrevivents del temps del Papa Wojtyla se\u00b4ls va acudir publicar que els Cat\u00f2lics no poden prendre el producte de J&amp;J. Perqu\u00e8? S\u2019han assabentat o creuen que est\u00e0 fet amb c\u00e8l\u00b7lules d\u2019infants avortats. \u00c9s absurd i ignorant. El vacc\u00ed de J&amp;J est\u00e0 fet amb vectors virals, en general adenovirus, totalment inofensius per homes, que son els qui condueixen el vacc\u00ed verdader a l\u2019interior. Segons sembla, en algun moment del proc\u00e9s els virus vectors han de ser tractats amb c\u00e8l\u00b7lules humans multipotents no diferenciades, que poden tenir molts or\u00edgens i sovint son immortalitzades. El Vatic\u00e0 amb molt de seny va publicar una resposta dient que aquest vacc\u00ed no cont\u00e9 res contrari a la doctrina i salva vides. \u00c9s inofensiu l\u2019incident? Qui sap. Tenim l\u2019anomenada \u201cdreta religiosa\u201d, gaireb\u00e9 sempre Baptista i molt aliada amb Trump que es pensa que l\u2019avortament \u00e9s el problema principal condemnat a la B\u00edblia i els Evangelis.<\/p>\n<p>Molt pitjor \u00e9s el problema social de la discriminaci\u00f3 que ja est\u00e0 en l\u2019aire. De moment la FDA no ha rebut sol\u00b7licituds d\u2019aprovar els vaccins rus, xin\u00e8s, cub\u00e0 ni el de Astra-Zeneca, ni molts altres que vindran i ja molts d\u2019aquests estan circulant. Ahir el Sr Alcalde de Detroit, la ciutat empobrida dels autom\u00f2bils va anunciar de sobte que ell no volia que el vacc\u00ed de J&amp;J fos utilitzat a Detroit perqu\u00e8 tenia una efic\u00e0cia inferior i que ell nom\u00e9s acceptaria a la seva ciutat Moderna and Pfizer. Ouch. La Salut P\u00fablica molt enfadada va respondre en l\u2019acte que els tres vaccins autoritzats son igual de bons. Molts altres vaccins tenen pitjors efic\u00e0cies per\u00f2 fan molt de b\u00e9. Del que es tracta no \u00e9s de bloquejar el virus al 100% sin\u00f3 d\u2019evitar les formes greus que duen a l\u2019UCI o la mort i aix\u00f2 ELS TRES VACCINS ho aconsegueixen igualment. Amb els altres que sembla que venen, ja en parlarem. La FDA \u00e9s extraordin\u00e0riament dura en els seus jutjaments. Un cas entre persones vaccinades no passaria de semblar un refredat.<\/p>\n<p>Per\u00f2 el problema no s\u2019ha acabat. Els diaris i els grups socials han parlat massa dels efectes secundaris, rars i lleus per\u00f2 tamb\u00e9 de les reaccions tardives, tamb\u00e9 rares i que no han fet mal. La gent ho entenen poc i en fan massa. Amb aix\u00f2, el nombre dels esc\u00e8ptics ha pujat. Es deixar\u00e0 vaccinar prou gent per atansar la immunitat col\u00b7lectiva que acabaria amb la pand\u00e8mia?<\/p>\n<p>La q\u00fcesti\u00f3 de la discriminaci\u00f3 social, racial i econ\u00f2mica est\u00e0 esdevenint un problema greu. Hom llegeix que la Xina i R\u00fassia estan repartint vaccins de franc o a bon preu pel tercer m\u00f3n. S\u00f3n tan bons com els de Pfizer i Moderna, o s\u00f3n articles de segona per a la gent pobre? I la de J&amp;J amb menys efic\u00e0cia on es distribuir\u00e0? Als barris pobres potser?En honor a la veritat cal recordar que l\u2019inoblidable Trump havia firmat una ordre executiva prohibint exportar vaccins mentre Americans els necessitessin. Una altra q\u00fcesti\u00f3 molt discutida que ara s\u2019ha aclarit \u00e9s si cal vaccinar la gent que ha patit del Covid i s\u2019ha recuperat. La resposta \u00e9s que s\u00ed, perqu\u00e8 a vegades la immunitat donada per la malaltia dura molt poc, potser tres mesos. Cal esperar, no obstant, uns 90 dies.<\/p>\n<p><b>Mutacions<\/b><\/p>\n<p>Diuen que ja hi ha unes 34 mutacions trobades, entre elles l\u2019anglesa i sobretot la m\u00e9s amena\u00e7adora de Sud-\u00c0frica, ja present a molts llocs. Abans era dif\u00edcil estudiar aix\u00f2, no pas ara. Hi ha instruments que llegeixen f\u00e0cilment les seq\u00fc\u00e8ncies del genoma (el RNA dels virus) i ja est\u00e0. Tothom pot recon\u00e8ixer la mutaci\u00f3 sud-africana que est\u00e0 preocupant perqu\u00e8 com passa amb les variants de la grip, no respon b\u00e9 als vaccins actuals i \u00e9s m\u00e9s agressiva i nociva. Moderna i probablement molts altres ja estan preparant un vacc\u00ed suplemental, per\u00f2 molts fan notar que poc a poc el problema ja se sembla a una Grip2, que quedar\u00e0 entre nosaltres i tornar\u00e0 cada hivern amb variants noves. Gr\u00e0cies a les mutacions.<\/p>\n<p>El gran i admirable Dr Anthony Fauci sembla que s\u2019enrab\u00efi quan parla de les mutacions i ning\u00fa l\u2019ent\u00e9n. Ell explica sempre que les mutacions tenen lloc nom\u00e9s a l\u2019interior de la gent infectada, mai fora, i que si la gent es pos\u00e9s les mascaretes sempre i observ\u00e9s la dist\u00e0ncia social evitant grups i aglomeracions, aix\u00f2 de les mutacions s\u2019acabaria, que \u00e9s veritat. Les variants s\u2019estenen quan el malalt on l\u2019evoluci\u00f3 ha tingut lloc transmet els seus nous virus a un altre. Caldria que la gent segu\u00eds observant amb mascareta la separaci\u00f3 social i la cadena quedaria trencada. Si no, hi haur\u00e0 repunts i brots per molt de temps, potser malgrat els vaccins. Hi ha molts coronavirus que afecten els humans: la grip, el refredat com\u00fa i tots muten cont\u00ednuament cosa que en general no t\u00e9 conseq\u00fc\u00e8ncies.<\/p>\n<p>Una q\u00fcesti\u00f3 greu i trista sense resoldre \u00e9s el problema dels malalts immunocompromesos tant per malaltia com per tractament m\u00e8dic perqu\u00e8 no poden ser vaccinats i estan en considerable perill. A m\u00e9s dissortadament, la mutaci\u00f3 del virus dintre d\u2019un malalt sembla tenir lloc en persones amb resposta immunol\u00f2gica d\u00e8bil.<\/p>\n<p>Ja han comen\u00e7at estudis per determinar si els nens petits poden ser vaccinats o no. All\u00f2 que fan \u00e9s comen\u00e7ar amb nens grans, gaireb\u00e9 adolescents i si no passa res, seguir amb nens 1 o 2 anys m\u00e9s joves i tornar a veure si va b\u00e9 o no, i tirar endavant amb el sistema. El m\u00e9s proable \u00e9s que acabin rebent el vacc\u00ed per\u00f2 a una dosi m\u00e9s petita. Els resultats no poden ser coneguts abans de primers del 2022.<\/p>\n<p>Per\u00f2 ara la gent despr\u00e9s de m\u00e9s d\u2019un any ja en t\u00e9 prou. Ja n\u2019hi ha prou de mascaretes, d\u2019atur, restaurants i teatres tancats, escoles buides&#8230; Prou, prou. I obliden una cosa: un que ha caigut involunt\u00e0riament a l\u2019aigua per salvar-se ha de nedar i nom\u00e9s pot deixar de nedar despr\u00e9s d\u2019arribar a un lloc segur. No hi som encara.<\/p>\n<p>Joan Gil<\/p>\n<p>&nbsp;<\/p>\n","protected":false},"excerpt":{"rendered":"<p>Coses que no tenen res a veure Aqu\u00ed la Food &amp; Drug Administration (FDA) ha aprovat l\u2019us d\u2019emerg\u00e8ncia (que podria ser revocat si hi hagu\u00e9s mals resultats) de tres vaccins: Pfizer, Moderna i Johnson &amp; Johnson que estan essent distribu\u00efdes gr\u00e0cies en part al President Biden, que ha mobilitzat els serveis federals d\u2019emerg\u00e8ncies que saben [&hellip;]<\/p>\n","protected":false},"author":183,"featured_media":0,"comment_status":"open","ping_status":"open","sticky":false,"template":"","format":"standard","meta":{"_jetpack_newsletter_access":"","_jetpack_dont_email_post_to_subs":false,"_jetpack_newsletter_tier_id":0,"_jetpack_memberships_contains_paywalled_content":false,"_jetpack_memberships_contains_paid_content":false,"footnotes":""},"categories":[34164,34165,9689,34163],"tags":[],"class_list":["post-3375","post","type-post","status-publish","format-standard","hentry","category-mascaretes","category-mutacions","category-pandemia","category-vaccins-pfizer-moderna"],"jetpack_featured_media_url":"","jetpack_sharing_enabled":true,"jetpack_shortlink":"https:\/\/wp.me\/pagkh3-Sr","jetpack-related-posts":[],"_links":{"self":[{"href":"https:\/\/blogs.avui.cat\/joanot\/wp-json\/wp\/v2\/posts\/3375","targetHints":{"allow":["GET"]}}],"collection":[{"href":"https:\/\/blogs.avui.cat\/joanot\/wp-json\/wp\/v2\/posts"}],"about":[{"href":"https:\/\/blogs.avui.cat\/joanot\/wp-json\/wp\/v2\/types\/post"}],"author":[{"embeddable":true,"href":"https:\/\/blogs.avui.cat\/joanot\/wp-json\/wp\/v2\/users\/183"}],"replies":[{"embeddable":true,"href":"https:\/\/blogs.avui.cat\/joanot\/wp-json\/wp\/v2\/comments?post=3375"}],"version-history":[{"count":6,"href":"https:\/\/blogs.avui.cat\/joanot\/wp-json\/wp\/v2\/posts\/3375\/revisions"}],"predecessor-version":[{"id":3382,"href":"https:\/\/blogs.avui.cat\/joanot\/wp-json\/wp\/v2\/posts\/3375\/revisions\/3382"}],"wp:attachment":[{"href":"https:\/\/blogs.avui.cat\/joanot\/wp-json\/wp\/v2\/media?parent=3375"}],"wp:term":[{"taxonomy":"category","embeddable":true,"href":"https:\/\/blogs.avui.cat\/joanot\/wp-json\/wp\/v2\/categories?post=3375"},{"taxonomy":"post_tag","embeddable":true,"href":"https:\/\/blogs.avui.cat\/joanot\/wp-json\/wp\/v2\/tags?post=3375"}],"curies":[{"name":"wp","href":"https:\/\/api.w.org\/{rel}","templated":true}]}}