{"id":2744,"date":"2019-12-30T19:56:46","date_gmt":"2019-12-31T01:56:46","guid":{"rendered":"https:\/\/blogs.avui.cat\/joanot\/?p=2744"},"modified":"2020-01-07T04:51:11","modified_gmt":"2020-01-07T10:51:11","slug":"el-regne-unit-de-gran-bretanya-i-irlanda-del-nord-en-perill-de-desintegracio","status":"publish","type":"post","link":"https:\/\/blogs.avui.cat\/joanot\/2019\/12\/30\/el-regne-unit-de-gran-bretanya-i-irlanda-del-nord-en-perill-de-desintegracio\/","title":{"rendered":"El Regne Unit de Gran Bretanya i Irlanda del Nord, en perill de desintegraci\u00f3"},"content":{"rendered":"<p>Dem\u00e0 s&#8217;acaba l&#8217;any i potser es l&#8217;hora de recordar altres coses que tamb\u00e9 estan en perill de desintegraci\u00f3. I el patiment dels presos pol\u00edtics s&#8217;acabara? Rebran Espanya i la nova dinastia Borbon-Franco una bona lli\u00e7\u00f3 de com aquests problemes es poden tractar de forma civilitzada i democr\u00e0tica? Haurien de superar la seva actitud hist\u00f2rica anticonstitucionalista i condemnar els seus avantpassats. Com gosen rec\u00f3rrer ara a pseudo-constitucionalismes hip\u00f2crites?<\/p>\n<p><strong>El problema del Regne Unit<\/strong><\/p>\n<p>Com el nom diu, el Regne Unit es la suma agregada de diverses nacions que podrien rebel\u00b7lar-se.\u00a0Fins despr\u00e9s de la Guerra Mundial, el pa\u00eds era un imperi enorme, com no n&#8217;hi ha hagut mai cap altre al mon, la superpot\u00e8ncia mes gran. Anglaterra feia com una mena de gran Castella (per\u00f2 democr\u00e0ticament). Sobtadament en pocs anys el Regne Unit va esdevenir un modest pa\u00eds insular amb grav\u00edssims problemes socials i econ\u00f2mics. Es van arruinar. Amb el dram\u00e0tic resultat de l&#8217;elecci\u00f3 recent dirigida per Boris Johnson per tal d&#8217;assolir el Brexit, a m\u00e9s del seu \u00e8xit personal, tres nacions encloses al Regne Unit podrien donar el pit.<\/p>\n<p><strong>Els llenguatges ga\u00e8lics o c\u00e8ltics<\/strong><\/p>\n<p>S\u00f3n lleng\u00fces indoeuropees reconegudes per la UE. Famoses per ser tan dif\u00edcils d&#8217;aprendre i pronunciar, n&#8217;hi ha unes quantes, per\u00f2 hom pot simplificar:<\/p>\n<p>1) El Ga\u00e8lic parlat per sectors de la poblaci\u00f3 irlandesa es ling\u00fc\u00edsticament similar al ga\u00e8lic parlat al nord de l&#8217;Esc\u00f2cia. Tinc ent\u00e8s que es poden entendre m\u00fatuament, per\u00f2 tant si poden com si no, en els ulls d&#8217;un ling\u00fcista son la mateixa llengua.<\/p>\n<p>2) Al pa\u00eds de Gales, en canvi, parlen un ga\u00e8lic dr\u00e0sticament diferent i molt antic.<\/p>\n<p>No obstant el grau de penetraci\u00f3 variable, sovint modest, \u00a0amb l&#8217;angl\u00e8s ja son tres idiomes diferents.<\/p>\n<p><strong>Esc\u00f2cia<\/strong><\/p>\n<p>Els admirats bons amics escocesos ja donen per fet que d&#8217;aqu\u00ed poc temps repetiran el refer\u00e8ndum i molts observadors creuen que podrien \u00a0guanyar. Ells volen quedar-se la Uni\u00f3 Europea, no obstant ser obligats a sortir-se&#8217;n ara degut al Brexit imminent. Quan intentin entrar tots sols, sense Regne Unit, \u00a0seran tractats igual com vam haver de patir els Catalans? Ja ho veurem. Jo crec que serien ben rebuts si el cas es present\u00e9s.<\/p>\n<p><strong>Irlanda del Nord<\/strong><\/p>\n<p>La frontera tan especial que separa la Rep\u00fablica Irlandesa de l&#8217;Ulster ha estat sempre el problema m\u00e9s greu i important del Brexit. Si Johnson fa un mal pas, la viol\u00e8ncia podria ressorgir. Cal recordar que els Cat\u00f2lics del Nord tenen dret a votar com si visquessin a la Rep\u00fablica i envien diputats triats per ells al Parlament de Dubl\u00edn i a ning\u00fa se li ha acudit dir que aix\u00f2 sigui unconstitucional. La situaci\u00f3 tr\u00e0gica amb la viol\u00e8ncia de la IRA Provisional liderada per Gerry Adams que existia i que el mediador nord-americ\u00e0 Mitchell va aconseguir resoldre amb el Pacte del Divendres Sant, ha canviat molt. Els unionistes s&#8217;han mig ensorrat i perdut la majoria i ja fa anys que degut a la confrontaci\u00f3 no poden o volen formar govern. En canvi els Cat\u00f2lics son m\u00e9s nombrosos i poderosos que mai. El refer\u00e8ndum que ells voldrien no seria per fer-se independents sin\u00f3 per unir-se amb la Rep\u00fablica Irlandesa, unificant la illa despr\u00e9s de segles de lluita.<\/p>\n<p><strong>Gales<\/strong><\/p>\n<p>La gent en sap poc. Jo recomanaria els interessats l&#8217;episodi sis\u00e8 de la tercera temporada de la s\u00e8rie de Netflix\u00a0 <em>La Corona.<\/em> La reina envia el seu fill i hereu Carles a Gales per ser proclamat oficialment Pr\u00edncep de Gales. Per\u00f2 la reina no ho fa pas estil espanyol. Mana a Carles anar primer a una universitat galesa a estudiar la llengua i fer el discurs ceremonial davant tot el govern brit\u00e0nic i el poble local televisat exclusivament en llengua galesa. Aqu\u00ed en canvi, el pr\u00edncep de Girona no es va dignar. Van triar de mestre per a Carles un professor que era republic\u00e0 i fortament Nacionalista. Sense dir res, Carles va parlar amb la gent, es va informar i afeg\u00ed al discurs expressions de simpatia pel poble gal\u00e8s que patia per no tenir autoritat per fer com els ciutadans voldrien per ser mestres del seu dest\u00ed. Els nacionalistes acaben de guanyar fa unes setmanes amb bona majoria. Cal afegir no obstant que fins ara no han dit res d&#8217;independ\u00e8ncia, per\u00f2 \u00a0ja veurem com es prenen la situaci\u00f3 si els Escocesos trenquen amb el Regne Unit.<\/p>\n<p>Tot aix\u00f2 son coses que cal anar seguint amb inter\u00e8s. En qualsevol cas, el Govern brit\u00e0nic no t\u00e9 les eines meravelloses \u201econstitucionals\u201c de les que disfrutaven Rajoy i S\u00e1nchez, el seu company del PSOE, quan es van posar d&#8217;acord sense objeccions per suprimir els drets civils de 9 milions de ciutadans i empresonar uns quants dels nostres millors pol\u00edtics. I fins ara el PSOE no ha millorat res ni demanat perd\u00f3 i aconseguir\u00e0 quedar-se a la Moncloa sense pagar lloguer.<\/p>\n<p>&nbsp;<\/p>\n<p><strong>Desitjant un Bon i Millor Any per a tothom us saluda des de Washington DC el vostre<\/strong><\/p>\n<p>&nbsp;<\/p>\n<p><strong>Joan Gil<\/strong><\/p>\n<p>&nbsp;<\/p>\n<p>&nbsp;<\/p>\n<p>&nbsp;<\/p>\n","protected":false},"excerpt":{"rendered":"<p>Dem\u00e0 s&#8217;acaba l&#8217;any i potser es l&#8217;hora de recordar altres coses que tamb\u00e9 estan en perill de desintegraci\u00f3. I el patiment dels presos pol\u00edtics s&#8217;acabara? Rebran Espanya i la nova dinastia Borbon-Franco una bona lli\u00e7\u00f3 de com aquests problemes es poden tractar de forma civilitzada i democr\u00e0tica? Haurien de superar la seva actitud hist\u00f2rica anticonstitucionalista [&hellip;]<\/p>\n","protected":false},"author":183,"featured_media":0,"comment_status":"open","ping_status":"open","sticky":false,"template":"","format":"standard","meta":{"_jetpack_newsletter_access":"","_jetpack_dont_email_post_to_subs":false,"_jetpack_newsletter_tier_id":0,"_jetpack_memberships_contains_paywalled_content":false,"_jetpack_memberships_contains_paid_content":false,"footnotes":""},"categories":[816],"tags":[199,32743,33981,32744,33982,276],"class_list":["post-2744","post","type-post","status-publish","format-standard","hentry","category-general","tag-anglaterra","tag-brexit","tag-gales","tag-irlanda-del-nord","tag-llengua-gaelica","tag-regne-unit"],"jetpack_featured_media_url":"","jetpack_sharing_enabled":true,"jetpack_shortlink":"https:\/\/wp.me\/pagkh3-Ig","jetpack-related-posts":[],"_links":{"self":[{"href":"https:\/\/blogs.avui.cat\/joanot\/wp-json\/wp\/v2\/posts\/2744","targetHints":{"allow":["GET"]}}],"collection":[{"href":"https:\/\/blogs.avui.cat\/joanot\/wp-json\/wp\/v2\/posts"}],"about":[{"href":"https:\/\/blogs.avui.cat\/joanot\/wp-json\/wp\/v2\/types\/post"}],"author":[{"embeddable":true,"href":"https:\/\/blogs.avui.cat\/joanot\/wp-json\/wp\/v2\/users\/183"}],"replies":[{"embeddable":true,"href":"https:\/\/blogs.avui.cat\/joanot\/wp-json\/wp\/v2\/comments?post=2744"}],"version-history":[{"count":7,"href":"https:\/\/blogs.avui.cat\/joanot\/wp-json\/wp\/v2\/posts\/2744\/revisions"}],"predecessor-version":[{"id":2753,"href":"https:\/\/blogs.avui.cat\/joanot\/wp-json\/wp\/v2\/posts\/2744\/revisions\/2753"}],"wp:attachment":[{"href":"https:\/\/blogs.avui.cat\/joanot\/wp-json\/wp\/v2\/media?parent=2744"}],"wp:term":[{"taxonomy":"category","embeddable":true,"href":"https:\/\/blogs.avui.cat\/joanot\/wp-json\/wp\/v2\/categories?post=2744"},{"taxonomy":"post_tag","embeddable":true,"href":"https:\/\/blogs.avui.cat\/joanot\/wp-json\/wp\/v2\/tags?post=2744"}],"curies":[{"name":"wp","href":"https:\/\/api.w.org\/{rel}","templated":true}]}}