{"id":2668,"date":"2019-09-10T11:36:33","date_gmt":"2019-09-10T17:36:33","guid":{"rendered":"https:\/\/blogs.avui.cat\/joanot\/?p=2668"},"modified":"2019-09-10T14:44:14","modified_gmt":"2019-09-10T20:44:14","slug":"democracia-perduda","status":"publish","type":"post","link":"https:\/\/blogs.avui.cat\/joanot\/2019\/09\/10\/democracia-perduda\/","title":{"rendered":"Democr\u00e0cia Mig Guanyada i Perduda"},"content":{"rendered":"<p>Sovint envejo el poble nord-americ\u00e0: amb quina alegria celebren sense dissid\u00e8ncia el 4 de Juliol l&#8217;aniversari de la seva independ\u00e8ncia! Totes les cadenes de TV fan programes especials amb m\u00fasica, cant i focs artificials, hi ha diaris que reprodueixen la memorable Declaraci\u00f3 d&#8217;Independ\u00e8ncia: &#8220;Ens sembla evident que tots els homes hem nascut iguals&#8230;i tenim els mateixos drets&#8230;&#8221; No vivien a l&#8217;estat espanyol, on poder i manca de poder es confronten des de fa segles en una lluita identit\u00e0ria gratu\u00efta, perillosa i sovint en la forma de repressi\u00f3, ab\u00fas i viol\u00e8ncia cruels. Una lluita que tergiversa el nostre desenvolupament hist\u00f2ric, cultural, identitat i ignora drets col\u00b7lectius.<\/p>\n<p>A tots els pa\u00efsos civilitzats (en queden alguns), el cap d&#8217;estat i el govern, sobretot si es elegit, promouen la unitat i pau interiors accentuant la toler\u00e0ncia, respecte i conviv\u00e8ncia de tots els grups pol\u00edtics i identitaris existents a la naci\u00f3. Ens haur\u00edem d&#8217;estimar els uns als altres&#8230; sense excepcions. Qu\u00e8 \u00e9s aix\u00f2 de &#8220;<em>A por ellos<\/em>&#8221; Com \u00e9s que es que no ho denuncien un\u00e0nimement tots els mitjans i pol\u00edtics respectables? Detinguts pol\u00edtics al segle XXI com si estigu\u00e9ssim a Corea del Nord o la Rep\u00fablica del Congo? Tots ells han demostrat ser homes i dones que honren el seu pa\u00eds amb el seu esperit\u00a0 democr\u00e0tic i respecte de la llei. Ja m\u00e9s de dos anys de pres\u00f3 suposadament preventiva! Molts criminals comuns no passen tant de temps entre reixes i gaudeixen de r\u00e8gims especials. I perqu\u00e8 han de patir tant les seves fam\u00edlies? La llibertat provisional existeix perqu\u00e8 una persona que no ha estat condemnada a res t\u00e9 dret a tots els drets civils, el m\u00e9s gran dels quals es la llibertat. Com pot ser que ning\u00fa tingui dubtes sobre el contingut\u00a0 de la sent\u00e8ncia?<\/p>\n<p>Fa ja m\u00e9s de tres segles, d&#8217;en\u00e7\u00e0 de la destrucci\u00f3 pels borbons de l&#8217;organitzaci\u00f3 confederal del nostre estat per equiparar-nos a la seva Fran\u00e7a, de la qu\u00e8 volia ser rei, Catalunya ha estat i segueix sent avui en dia el gran problema d&#8217;Espanya, sovint l&#8217;\u00fanic. Com \u00e9s que no sols no el volen resoldre, sin\u00f3 que fins i tot es neguen a recon\u00e8ixer-lo i nom\u00e9s responen a l&#8217;enumeraci\u00f3 dels nostres greuges amb insults, amenaces, lleis promulgades pel seu inter\u00e8s,\u00a0 fiscals implacables al servei del partit governant. Fou el discurs del borb\u00f3 postfranquista despr\u00e9s del refer\u00e8ndum all\u00f2 que cal esperar del cap d&#8217;un pa\u00eds aven\u00e7at i democr\u00e0tic? \u00c9s aix\u00ed com un cap d&#8217;estat parla d&#8217;una minoria nacional? Va semblar com si parl\u00e9s d&#8217;una col\u00f2nia americana en rebel\u00b7li\u00f3 contra un estat sacrosant. Van ser violents, nosaltres no en som. Espanya estaria m\u00e9s unida i millor sense Catalunya.<\/p>\n<p><strong>La democr\u00e0cia al m\u00f3n ha canviat<\/strong><\/p>\n<p>Per segles, mil\u00b7lennis, la llei escrita cobria poques coses i no significava res comparada amb l&#8217;autoritat del rei o dictador. Intel\u00b7lectuals del segle XVII van comen\u00e7ar a somiar i escriure sobre un m\u00f3n millor que aviat arribaria, on el poble elegiria lliurement representants i un govern que els representaria i defensaria els seus drets, i que jutges independents serien nomenats. Molts es van pensar que aix\u00f2 s\u00ed que funcionaria b\u00e9 quan es va anar imposant poc a poc de pa\u00eds en pa\u00eds als segles XIX i XX, sobretot despr\u00e9s de la II Guerra Mundial. Fins i tot, incre\u00efble com sembli, va arribar a Espanya.<\/p>\n<p>Ara vivim el temps del desengany. Seguim esperant aquesta democr\u00e0cia per\u00f2 molts veiem que no \u00e9s perfecta ni representa sempre la voluntat popular, i que els jutges no s\u00f3n els que voldr\u00edem. Al segle XIX van apar\u00e8ixer els cacics pol\u00edtics que podien guanyar o fer perdre eleccions, que entenien que no hi havia cap ra\u00f3 per implementar les promeses electorals un cop elegits. Al m\u00f3n modern aquest sistema s&#8217;est\u00e0 reproduint de forma m\u00e9s amena\u00e7adora. Resulta que \u00e9s possible controlar i &#8220;formar&#8221; l&#8217;opini\u00f3 publica. Quants diaris espanyols presenten discussions serioses del problema catal\u00e0 sense insults? I ho fa el rei? I les not\u00edcies de la majoria de r\u00e0dios i televisions? I d&#8217;Internet, que amb les falses not\u00edcies i els insults sembla influir la pol\u00edtica de molts pa\u00efsos? I el silenci de moltes coses, sobretot corrupci\u00f3 pol\u00edtica? I els fiscals que el Govern S\u00e1nchez i el seu PSOE engega contra els Catalans i el seu President? \u00c9s un partit democr\u00e0tic el PSOE? No han descobert els governants al poder que no cal preocupar-se dels desitjos populars, sin\u00f3 que es millor &#8220;educar-los&#8221; perqu\u00e8 s\u00e0piguen com votar abans de la pr\u00f2xima elecci\u00f3? I sobretot, que no es facin &#8220;populistes&#8221;, sin\u00f3 que tornin a votar com cal a gent ben establerta!<\/p>\n<p>Exemples: Mireu qu\u00e8 han fet persones elegides en vots relativament lliures: Erdo\u011dan a la Turquia, el govern polon\u00e8s i l&#8217;hongar\u00e8s, el govern Trump, fins i tot Putin que segons les enquestes \u00e9s invencible? A l\u2019\u00cdndia, la democr\u00e0cia m\u00e9s gran, el Primer Ministre Modi ha liquidat la constituci\u00f3 de Catxemira tallant els els mitjans de comunicaci\u00f3. No obstant tenir una de les poblacions musulmanes m\u00e9s grans del m\u00f3n, diu ara que certs musulmans no s\u00f3n ciutadans i haurien de ser expulsats.\u00a0Qui es preocupa del mili\u00f3 de Rohingyes expulsats de Myanmar que viuen en la mis\u00e8ria a Bengladesh mentre aquesta senyora del Premi Noble segueix manant i sent reelegida? I de qu\u00e8 serveixen les manifestacions a Hong-Kong? La Xina \u00e9s prudent per ara perqu\u00e8 coneix la impot\u00e8ncia dels manifestants. Volen repetir a Hong-Kong el sistema b\u00e0ltic de les cadenes humanes, que ens va servir de tan poc. I qu\u00e8 en van treure les Armilles Grogues a Fran\u00e7a? I qui defensa la minoria Uigur a la Xina, que en l&#8217;actualitat pateix empresonament, adoctrinament for\u00e7at i silenci sota amenaces. I qui es preocupa de la vida di\u00e0ria a Palestina i Gaza? La defensa dels immigrants centre-americans que fan molts pol\u00edtics i agrupacions estatunidenques \u00e9s notable, nom\u00e9s que dissortadament no serveixen de gran cosa. Qui controla les maniobres antidemocr\u00e0tiques de la Uni\u00f3 Europea? Perqu\u00e8 segueixen negociant l&#8217;ingr\u00e9s de Turquia? Sabeu quins altres pa\u00efsos pensen admetre? Coneixia alg\u00fa els nous candidats als c\u00e0rrecs de Brussel\u00b7les? Negocien com cal el Brexit entenent el problema de la frontera nord-irlandesa? Llibertat, democr\u00e0cia, on has anat a parar?<\/p>\n<p>Hi ha qui pensa que el desenvolupament de l&#8217;internet potser algun dia ho canviar\u00e0 tot, permetent al poble fer saber els seus desitjos al Govern i fer creure als pol\u00edtics i no a l\u2019inrev\u00e8s com passa ara. \u00a0Potser s\u00ed, per\u00f2 com s&#8217;evita la influ\u00e8ncia del govern i dels rics (com passa als EUA) que han demostrat poder controlar l&#8217;opini\u00f3 publica? Potser a Espanya seguiran mentint al poble sobre Catalunya i evitant una soluci\u00f3 pacifica i negociada. I deixaran els presos pol\u00edtics a la pres\u00f3. O en faran m\u00e9s.<\/p>\n<p>Quina pena no poder escriure res millor per celebrar la Diada!<\/p>\n<p>&nbsp;<\/p>\n<p>Joan Gil<\/p>\n","protected":false},"excerpt":{"rendered":"<p>Sovint envejo el poble nord-americ\u00e0: amb quina alegria celebren sense dissid\u00e8ncia el 4 de Juliol l&#8217;aniversari de la seva independ\u00e8ncia! Totes les cadenes de TV fan programes especials amb m\u00fasica, cant i focs artificials, hi ha diaris que reprodueixen la memorable Declaraci\u00f3 d&#8217;Independ\u00e8ncia: &#8220;Ens sembla evident que tots els homes hem nascut iguals&#8230;i tenim els [&hellip;]<\/p>\n","protected":false},"author":183,"featured_media":0,"comment_status":"open","ping_status":"open","sticky":false,"template":"","format":"standard","meta":{"_jetpack_newsletter_access":"","_jetpack_dont_email_post_to_subs":false,"_jetpack_newsletter_tier_id":0,"_jetpack_memberships_contains_paywalled_content":false,"_jetpack_memberships_contains_paid_content":false,"footnotes":""},"categories":[816],"tags":[429,2109,32555,32800],"class_list":["post-2668","post","type-post","status-publish","format-standard","hentry","category-general","tag-democracia","tag-diada","tag-presos-politics","tag-vots"],"jetpack_featured_media_url":"","jetpack_sharing_enabled":true,"jetpack_shortlink":"https:\/\/wp.me\/pagkh3-H2","jetpack-related-posts":[],"_links":{"self":[{"href":"https:\/\/blogs.avui.cat\/joanot\/wp-json\/wp\/v2\/posts\/2668","targetHints":{"allow":["GET"]}}],"collection":[{"href":"https:\/\/blogs.avui.cat\/joanot\/wp-json\/wp\/v2\/posts"}],"about":[{"href":"https:\/\/blogs.avui.cat\/joanot\/wp-json\/wp\/v2\/types\/post"}],"author":[{"embeddable":true,"href":"https:\/\/blogs.avui.cat\/joanot\/wp-json\/wp\/v2\/users\/183"}],"replies":[{"embeddable":true,"href":"https:\/\/blogs.avui.cat\/joanot\/wp-json\/wp\/v2\/comments?post=2668"}],"version-history":[{"count":6,"href":"https:\/\/blogs.avui.cat\/joanot\/wp-json\/wp\/v2\/posts\/2668\/revisions"}],"predecessor-version":[{"id":2678,"href":"https:\/\/blogs.avui.cat\/joanot\/wp-json\/wp\/v2\/posts\/2668\/revisions\/2678"}],"wp:attachment":[{"href":"https:\/\/blogs.avui.cat\/joanot\/wp-json\/wp\/v2\/media?parent=2668"}],"wp:term":[{"taxonomy":"category","embeddable":true,"href":"https:\/\/blogs.avui.cat\/joanot\/wp-json\/wp\/v2\/categories?post=2668"},{"taxonomy":"post_tag","embeddable":true,"href":"https:\/\/blogs.avui.cat\/joanot\/wp-json\/wp\/v2\/tags?post=2668"}],"curies":[{"name":"wp","href":"https:\/\/api.w.org\/{rel}","templated":true}]}}