{"id":2591,"date":"2019-05-30T17:14:44","date_gmt":"2019-05-30T23:14:44","guid":{"rendered":"https:\/\/blogs.avui.cat\/joanot\/?p=2591"},"modified":"2019-05-31T07:14:07","modified_gmt":"2019-05-31T13:14:07","slug":"i-qui-era-en-roland-garros","status":"publish","type":"post","link":"https:\/\/blogs.avui.cat\/joanot\/2019\/05\/30\/i-qui-era-en-roland-garros\/","title":{"rendered":"I qui era en Roland Garros?"},"content":{"rendered":"<p>Sens dubte molts lectors son aficionats al tennis i estan seguint el torneig Roland Garros a Paris, oficialment el French Open. Pero qui era aquest senyor Garros?<\/p>\n<p>Una forma inesperada d&#8217;assabentar-se&#8217;n \u00e9s venir a Fort Worth TX i a deu minuts a peu del <img loading=\"lazy\" decoding=\"async\" data-attachment-id=\"2586\" data-permalink=\"https:\/\/blogs.avui.cat\/joanot\/2019\/05\/30\/i-qui-era-en-roland-garros\/avionetagarros\/\" data-orig-file=\"https:\/\/blogs.avui.cat\/joanot\/files\/2019\/05\/avionetagarros.jpg\" data-orig-size=\"948,711\" data-comments-opened=\"1\" data-image-meta=\"{&quot;aperture&quot;:&quot;0&quot;,&quot;credit&quot;:&quot;&quot;,&quot;camera&quot;:&quot;&quot;,&quot;caption&quot;:&quot;&quot;,&quot;created_timestamp&quot;:&quot;0&quot;,&quot;copyright&quot;:&quot;&quot;,&quot;focal_length&quot;:&quot;0&quot;,&quot;iso&quot;:&quot;0&quot;,&quot;shutter_speed&quot;:&quot;0&quot;,&quot;title&quot;:&quot;&quot;,&quot;orientation&quot;:&quot;0&quot;}\" data-image-title=\"avionetagarros\" data-image-description=\"\" data-image-caption=\"\" data-medium-file=\"https:\/\/blogs.avui.cat\/joanot\/files\/2019\/05\/avionetagarros-300x225.jpg\" data-large-file=\"https:\/\/blogs.avui.cat\/joanot\/files\/2019\/05\/avionetagarros.jpg\" class=\"aligncenter size-medium wp-image-2586\" src=\"https:\/\/blogs.avui.cat\/joanot\/files\/2019\/05\/avionetagarros-300x225.jpg\" alt=\"\" width=\"300\" height=\"225\" srcset=\"https:\/\/blogs.avui.cat\/joanot\/files\/2019\/05\/avionetagarros-300x225.jpg 300w, https:\/\/blogs.avui.cat\/joanot\/files\/2019\/05\/avionetagarros-768x576.jpg 768w, https:\/\/blogs.avui.cat\/joanot\/files\/2019\/05\/avionetagarros.jpg 948w\" sizes=\"auto, (max-width: 300px) 100vw, 300px\" \/>meu pis hi trobareu un memorial i una placa commemorativa, a un petit parc. L&#8217;avi\u00f3 que veieu en l&#8217;aire es gira seguint el vent. La hist\u00f2ria? Per con\u00e8ixer-la cal llegir la placa: <img loading=\"lazy\" decoding=\"async\" data-attachment-id=\"2587\" data-permalink=\"https:\/\/blogs.avui.cat\/joanot\/2019\/05\/30\/i-qui-era-en-roland-garros\/garrosplaque\/\" data-orig-file=\"https:\/\/blogs.avui.cat\/joanot\/files\/2019\/05\/garrosplaque.jpg\" data-orig-size=\"657,876\" data-comments-opened=\"1\" data-image-meta=\"{&quot;aperture&quot;:&quot;0&quot;,&quot;credit&quot;:&quot;&quot;,&quot;camera&quot;:&quot;&quot;,&quot;caption&quot;:&quot;&quot;,&quot;created_timestamp&quot;:&quot;0&quot;,&quot;copyright&quot;:&quot;&quot;,&quot;focal_length&quot;:&quot;0&quot;,&quot;iso&quot;:&quot;0&quot;,&quot;shutter_speed&quot;:&quot;0&quot;,&quot;title&quot;:&quot;&quot;,&quot;orientation&quot;:&quot;0&quot;}\" data-image-title=\"garrosplaque\" data-image-description=\"\" data-image-caption=\"\" data-medium-file=\"https:\/\/blogs.avui.cat\/joanot\/files\/2019\/05\/garrosplaque-225x300.jpg\" data-large-file=\"https:\/\/blogs.avui.cat\/joanot\/files\/2019\/05\/garrosplaque.jpg\" class=\"aligncenter size-medium wp-image-2587\" src=\"https:\/\/blogs.avui.cat\/joanot\/files\/2019\/05\/garrosplaque-225x300.jpg\" alt=\"\" width=\"225\" height=\"300\" srcset=\"https:\/\/blogs.avui.cat\/joanot\/files\/2019\/05\/garrosplaque-225x300.jpg 225w, https:\/\/blogs.avui.cat\/joanot\/files\/2019\/05\/garrosplaque.jpg 657w\" sizes=\"auto, (max-width: 225px) 100vw, 225px\" \/><\/p>\n<p>El vol inicial dels Germans Wright, que van inventar l&#8217;avio, fou una gran sensaci\u00f3. Fins aquell moment tothom havia pensat que volar nom\u00e9s era possible amb un vehicle estable com ara els dirigibles i zeppelins. Els germans Wright no ho veien aix\u00ed perqu\u00e8 eren fabricants de bicicletes i sabien que un ciclista es pot mantenir en equilibri sobre dues rodes i anar molt lluny sense caure. Al poc temps, els avions van millorar i aviat van sortir pilots (agosarats) que es compraven un avi\u00f3 i anaven de ciutat en ciutat fent espectacles i acceptant clients per volar.<\/p>\n<p>La placa diu que hi havia una firma a Chicago de la qual hom podia contractar un pilot de confian\u00e7a per fer una exhibici\u00f3. El franc\u00e8s Roland Garros va aterrir a una antiga pista de curses prop del monument (probablement de cavalls) el 12 de Gener de 1911 i aix\u00f2 fou el <em>First Flight<\/em>, el primer vol mai vist a Fort Worth. Probablement a m\u00e9s de fer exercicis aeris va prendre passatgers per veure Fort Worth des de l&#8217;aire.\u00a0 Ho van pagar dos milionaris locals que volien establir bases militars americanes d&#8217;aviaci\u00f3 a la ciutat. De fet, Fort Worth va tenir camps d&#8217;entrenament per a pilots americans i canadencs durant les dues guerres mundials. A m\u00e9s s&#8217;hi va descobrir un jaciment del gas heli, usat pels dirigibles i Fort Worth esdevingu\u00e9 un port d&#8217;aturada gaireb\u00e9 obligatori per aquests vehicles, que seguien volant no obstant els avions. Tot aix\u00f2 es va acabar, encara que la placa no diu que seguim tenint a la ciutat\u00a0 la f\u00e0brica que mesura almenys 1.5 qm de llarg\u00e0ria on s&#8217;han fabricat tots els avions F, incl\u00f2s naturalment el fam\u00f3s F35, l&#8217;arma m\u00e9s cara en la hist\u00f2ria de la humanitat. No \u00e9s cap secret. Fort Worth \u00e9s molt gran i aquests avions fan probes molt lluny d&#8217;on jo visc.<\/p>\n<p>Com va acabar el Sr. Garros? Va esdevenir un dels primers aviadors francesos a la Gran Guerra Mundial, i fou abatut pels alemanys. Va esdevenir un heroi nacional franc\u00e8s molt important (potser un xic oblidat ara) i diuen que sense haver participat en competicions, li agradava molt jugar al tennis.<\/p>\n<p>I aix\u00f2 \u00e9s tot<\/p>\n<p>&nbsp;<\/p>\n<p>Joan Gil<\/p>\n<p>&nbsp;<\/p>\n<p>&nbsp;<\/p>\n<p>&nbsp;<\/p>\n<p>&nbsp;<\/p>\n","protected":false},"excerpt":{"rendered":"<p>Sens dubte molts lectors son aficionats al tennis i estan seguint el torneig Roland Garros a Paris, oficialment el French Open. Pero qui era aquest senyor Garros? Una forma inesperada d&#8217;assabentar-se&#8217;n \u00e9s venir a Fort Worth TX i a deu minuts a peu del meu pis hi trobareu un memorial i una placa commemorativa, a [&hellip;]<\/p>\n","protected":false},"author":183,"featured_media":0,"comment_status":"open","ping_status":"open","sticky":false,"template":"","format":"standard","meta":{"_jetpack_newsletter_access":"","_jetpack_dont_email_post_to_subs":false,"_jetpack_newsletter_tier_id":0,"_jetpack_memberships_contains_paywalled_content":false,"_jetpack_memberships_contains_paid_content":false,"footnotes":""},"categories":[816],"tags":[4201,32764,32763],"class_list":["post-2591","post","type-post","status-publish","format-standard","hentry","category-general","tag-aviacio","tag-germans-wright","tag-roland-garros"],"jetpack_featured_media_url":"","jetpack_sharing_enabled":true,"jetpack_shortlink":"https:\/\/wp.me\/pagkh3-FN","jetpack-related-posts":[],"_links":{"self":[{"href":"https:\/\/blogs.avui.cat\/joanot\/wp-json\/wp\/v2\/posts\/2591","targetHints":{"allow":["GET"]}}],"collection":[{"href":"https:\/\/blogs.avui.cat\/joanot\/wp-json\/wp\/v2\/posts"}],"about":[{"href":"https:\/\/blogs.avui.cat\/joanot\/wp-json\/wp\/v2\/types\/post"}],"author":[{"embeddable":true,"href":"https:\/\/blogs.avui.cat\/joanot\/wp-json\/wp\/v2\/users\/183"}],"replies":[{"embeddable":true,"href":"https:\/\/blogs.avui.cat\/joanot\/wp-json\/wp\/v2\/comments?post=2591"}],"version-history":[{"count":3,"href":"https:\/\/blogs.avui.cat\/joanot\/wp-json\/wp\/v2\/posts\/2591\/revisions"}],"predecessor-version":[{"id":2595,"href":"https:\/\/blogs.avui.cat\/joanot\/wp-json\/wp\/v2\/posts\/2591\/revisions\/2595"}],"wp:attachment":[{"href":"https:\/\/blogs.avui.cat\/joanot\/wp-json\/wp\/v2\/media?parent=2591"}],"wp:term":[{"taxonomy":"category","embeddable":true,"href":"https:\/\/blogs.avui.cat\/joanot\/wp-json\/wp\/v2\/categories?post=2591"},{"taxonomy":"post_tag","embeddable":true,"href":"https:\/\/blogs.avui.cat\/joanot\/wp-json\/wp\/v2\/tags?post=2591"}],"curies":[{"name":"wp","href":"https:\/\/api.w.org\/{rel}","templated":true}]}}