{"id":2340,"date":"2018-10-25T15:37:58","date_gmt":"2018-10-25T21:37:58","guid":{"rendered":"https:\/\/blogs.avui.cat\/joanot\/?p=2340"},"modified":"2018-10-27T16:41:03","modified_gmt":"2018-10-27T22:41:03","slug":"com-triarem-els-nostres-jutges-a-texas","status":"publish","type":"post","link":"https:\/\/blogs.avui.cat\/joanot\/2018\/10\/25\/com-triarem-els-nostres-jutges-a-texas\/","title":{"rendered":"Com triarem els nostres jutges a Texas"},"content":{"rendered":"<p><img loading=\"lazy\" decoding=\"async\" data-attachment-id=\"2348\" data-permalink=\"https:\/\/blogs.avui.cat\/joanot\/2018\/10\/25\/com-triarem-els-nostres-jutges-a-texas\/butlleta\/\" data-orig-file=\"https:\/\/blogs.avui.cat\/joanot\/files\/2018\/10\/Butlleta.jpg\" data-orig-size=\"1498,2048\" data-comments-opened=\"1\" data-image-meta=\"{&quot;aperture&quot;:&quot;0&quot;,&quot;credit&quot;:&quot;&quot;,&quot;camera&quot;:&quot;&quot;,&quot;caption&quot;:&quot;&quot;,&quot;created_timestamp&quot;:&quot;0&quot;,&quot;copyright&quot;:&quot;&quot;,&quot;focal_length&quot;:&quot;0&quot;,&quot;iso&quot;:&quot;0&quot;,&quot;shutter_speed&quot;:&quot;0&quot;,&quot;title&quot;:&quot;&quot;,&quot;orientation&quot;:&quot;0&quot;}\" data-image-title=\"Butlleta\" data-image-description=\"\" data-image-caption=\"\" data-medium-file=\"https:\/\/blogs.avui.cat\/joanot\/files\/2018\/10\/Butlleta-219x300.jpg\" data-large-file=\"https:\/\/blogs.avui.cat\/joanot\/files\/2018\/10\/Butlleta-749x1024.jpg\" class=\"alignright size-medium wp-image-2348\" src=\"https:\/\/blogs.avui.cat\/joanot\/files\/2018\/10\/Butlleta-219x300.jpg\" alt=\"\" width=\"219\" height=\"300\" srcset=\"https:\/\/blogs.avui.cat\/joanot\/files\/2018\/10\/Butlleta-219x300.jpg 219w, https:\/\/blogs.avui.cat\/joanot\/files\/2018\/10\/Butlleta-768x1050.jpg 768w, https:\/\/blogs.avui.cat\/joanot\/files\/2018\/10\/Butlleta-749x1024.jpg 749w, https:\/\/blogs.avui.cat\/joanot\/files\/2018\/10\/Butlleta.jpg 1498w\" sizes=\"auto, (max-width: 219px) 100vw, 219px\" \/><\/p>\n<p>&nbsp;<\/p>\n<p>Cara de davant de la butlleta electoral (parcial, l&#8217;original te dues bandes)A pocs dies de les eleccions a mig termini se m&#8217;ha acudit fer una foto a la cuina de totes dues bandes de la butlleta electoral (mal fetes, perqu\u00e8 no en s\u00e9 m\u00e9s ni tinc equipament) i ensenyar als lectors com ho fem. Perqu\u00e8 la tinc? A aquest Estat la gent de la meva edat tenim dret a votar per correu amb la gent absent sense haver d&#8217;anar al col\u00b7legi electoral. La butlleta me l&#8217;envien a casa sense haver de demanar-la i la tornar\u00e9 per correu. Nom\u00e9s haure de pagar un segell. A m\u00e9s els Col\u00b7legis electorals ja estan oberts, alguns d&#8217;ells fins i tot al cap de setmana. Els \u00fanics estats que no volen saber res del vot anticipat s\u00f3n els de la Costa Atl\u00e0ntica (i Europa) i ning\u00fa ent\u00e9n perqu\u00e8. Els dos darrers dies hi ha hagut cues llargues a tots els Col\u00b7legis oberts<\/p>\n<p><strong>Texas \u00e9s un Estat molt llibertari<\/strong><\/p>\n<p>Cal entendre que aquest vot vinent no \u00e9s de fet federal, sin\u00f3 que \u00e9s una elecci\u00f3 feta, organitzada i dirigida pels 50 estats de la Uni\u00f3, que s\u00f3n completament sobirans en totes les facultats que la Constituci\u00f3 federal no atribueix al Govern de Washington, sempre que respectin\u00a0 certs drets fonamentals. Les eleccions es fan de forma diferent a cada Estat, com \u00e9s el seu dret. Elegirem Representants (els Diputats, termini de dos anys) i un senador (termini de sis anys, la tercera part elegida cada dos anys), que aniran a la capital sabent que entre altres coses han de representar l&#8217;estat i els electors que els han triat individualment. Si no ens respecten, si no responen missatges, si no fan reunions locals, si no expliquen localment els seus vots, que esperin la nova elecci\u00f3 d&#8217;aqu\u00ed dos anys. Ni el Senat ni la Casa dels Representats poden ser dissoltes. Els nous elegits entren en funcions l&#8217;any nou i els vells se&#8217;n van a casa. El mateix passa amb les Assemblees i Governs estatals.<\/p>\n<p>Potser a alg\u00fa no li agrada la pol\u00edtica actual dels Texans, molt de dretes i associada amb la dreta religiosa (certs predicadors baptistes), per\u00f2 cal recon\u00e8ixer sense retic\u00e8ncia que el pa\u00eds \u00e9s lliure i molt democr\u00e0tic. Els texans van haver de lluitar contra M\u00e8xic per la seva independ\u00e8ncia. Van guanyar la guerra i uns deu anys m\u00e9s tard van demanar volunt\u00e0riament ser admesos a la Uni\u00f3 Nord-Americana i van deixar de ser independents, per\u00f2 hi ha pocs pa\u00efsos al m\u00f3n que creguin m\u00e9s en la sobirania popular i l&#8217;elecci\u00f3 i control continus de tots els elegits tant a Austin (la capital) com a Washington.<\/p>\n<p>Votarem d&#8217;aqu\u00ed uns dies un Governador, un Vice-Governador, un Fiscal General,un Senador i un Representants de tots els districtes i molts altres c\u00e0rrecs. Qualsevol demanda de fer despeses extraordin\u00e0ries ha de ser sotmesa a vot popular per refer\u00e8ndum.<\/p>\n<p>I sobretot TOTS ELS JUTGES s\u00f3n elegits per\u00a0 terminis fixos, mai per tota la vida, des del Tribunal d&#8217;Apel\u00b7lacions, que \u00e9s una mena de Suprem de Texas fins al Jutge de la Pau que resol baralles ve\u00efnals i desordre en p\u00fablic.<\/p>\n<p><strong>Com elegir els jutges<\/strong><\/p>\n<p>Es una q\u00fcesti\u00f3 que s&#8217;ha discutit molt, pero els EUA la resposta \u00e9s molt clara. Els jutges estatals han de ser elegits en eleccions generals. Perqu\u00e8? Els Pares Fundadors tenien molta por del poder de l&#8217;estat que podria sens dubte ofegar els ciutadans que havien fet la Revoluci\u00f3. Execucions, empresonaments per ordre de l&#8217;estat a ciutadans? I van deixar ben clar que la sobirania rau en el poble que la delega per elecci\u00f3 universal en tres institucions independents: l&#8217;Executiu, el Congr\u00e9s i els Jutges. Amb aquesta formulaci\u00f3 queda clar\u00edssim que els jutges s\u00f3n independents per\u00f2 estan al servei del poble i si fan interpretacions absurdes i falses de la llei que molesten, o semblen corruptes o ximples, que esperin la nova elecci\u00f3 per passar comptes. Alguns estats permeten la destituci\u00f3 fora del termini per haver fet una bestiesa mal rebuda. Hi ha moltes lleis que es poden interpretar de manera diferent, veient sublevacions, rebel\u00b7lions i desobedi\u00e8ncia on no hi havia m\u00e9s que respecte al poble,\u00a0 per\u00f2 hi ha coses que el poble no tolera. I aqu\u00ed no tenen perqu\u00e8 tolerar-ho.<\/p>\n<p>El problema a Espanya \u00e9s que els jutges diuen ser independents, pero ho son nom\u00e9s del poble, no pas de la gent desconeguda i no elegida que els ha anomenat i dels quals dep\u00e8n la seva carrera. I es veuen com a governants per damunt i superiors al poble, que els ha d&#8217;obeir sense q\u00fcestionar-los ni poder controlar-los com fan els que manen. I els ciutadans, lluny de ser sobirans, esdevenen s\u00fabdits que han d&#8217;obeir sense dir res, com passava sota el franquisme i sota la monarquia borb\u00f2nica. I com es pensa el jutge Llarena.<\/p>\n<p>Es un malent\u00e8s molt gran, perqu\u00e8 aix\u00f2 ni \u00e9s\u00a0 democr\u00e0cia ni llibertat.<\/p>\n<p><strong>Els jutges Federals<\/strong><\/p>\n<p>A la TV hom parla nom\u00e9s dels jutges del Suprem Federal, per\u00f2 absolutament <strong>tots<\/strong> els Jutges Federals a tots els nivells\u00a0 (no n&#8217;hi ha gaires) han de ser nomenats per la Casa Blanca i el seu nom ha de ser enviat al Comit\u00e8 Judicial del Senat. El seu passat com advocat, trajecte i interessos s\u00f3n examinats i el candidat ha de respondre preguntes dels Senadors en p\u00fablic. Si el Comit\u00e8 l&#8217;aprova, el seu nom es enviat al ple del Senat que \u00e9s qui l&#8217;ha de confirmar, si li sembla be.<\/p>\n<p>Encara que una elecci\u00f3 directa pel poble \u00e9s impossible, la participaci\u00f3 p\u00fablica d&#8217;un cos elegit com el Senat\u00a0 \u00e9s transparent i compleix la condici\u00f3 que el jutge ha de servir el seu poble i no a l&#8217;inrev\u00e9s. Alguns dels Senadors que van aprovar Kavanaugh pel Tribunal Suprem Federal tindran dificultats d&#8217;aqu\u00ed una setmana. Els cal pensar molt qu\u00e8 volen fer i com s&#8217;ho prendran els seus constituents.<\/p>\n<p><em>\u00a0<\/em><\/p>\n<p>Joan Gil<\/p>\n","protected":false},"excerpt":{"rendered":"<p>&nbsp; Cara de davant de la butlleta electoral (parcial, l&#8217;original te dues bandes)A pocs dies de les eleccions a mig termini se m&#8217;ha acudit fer una foto a la cuina de totes dues bandes de la butlleta electoral (mal fetes, perqu\u00e8 no en s\u00e9 m\u00e9s ni tinc equipament) i ensenyar als lectors com ho fem. [&hellip;]<\/p>\n","protected":false},"author":183,"featured_media":0,"comment_status":"open","ping_status":"open","sticky":false,"template":"","format":"standard","meta":{"_jetpack_newsletter_access":"","_jetpack_dont_email_post_to_subs":false,"_jetpack_newsletter_tier_id":0,"_jetpack_memberships_contains_paywalled_content":false,"_jetpack_memberships_contains_paid_content":false,"footnotes":""},"categories":[816],"tags":[88,2464,567,11138],"class_list":["post-2340","post","type-post","status-publish","format-standard","hentry","category-general","tag-eleccions","tag-jutges","tag-llibertat","tag-texas"],"jetpack_featured_media_url":"","jetpack_sharing_enabled":true,"jetpack_shortlink":"https:\/\/wp.me\/pagkh3-BK","jetpack-related-posts":[],"_links":{"self":[{"href":"https:\/\/blogs.avui.cat\/joanot\/wp-json\/wp\/v2\/posts\/2340","targetHints":{"allow":["GET"]}}],"collection":[{"href":"https:\/\/blogs.avui.cat\/joanot\/wp-json\/wp\/v2\/posts"}],"about":[{"href":"https:\/\/blogs.avui.cat\/joanot\/wp-json\/wp\/v2\/types\/post"}],"author":[{"embeddable":true,"href":"https:\/\/blogs.avui.cat\/joanot\/wp-json\/wp\/v2\/users\/183"}],"replies":[{"embeddable":true,"href":"https:\/\/blogs.avui.cat\/joanot\/wp-json\/wp\/v2\/comments?post=2340"}],"version-history":[{"count":6,"href":"https:\/\/blogs.avui.cat\/joanot\/wp-json\/wp\/v2\/posts\/2340\/revisions"}],"predecessor-version":[{"id":2350,"href":"https:\/\/blogs.avui.cat\/joanot\/wp-json\/wp\/v2\/posts\/2340\/revisions\/2350"}],"wp:attachment":[{"href":"https:\/\/blogs.avui.cat\/joanot\/wp-json\/wp\/v2\/media?parent=2340"}],"wp:term":[{"taxonomy":"category","embeddable":true,"href":"https:\/\/blogs.avui.cat\/joanot\/wp-json\/wp\/v2\/categories?post=2340"},{"taxonomy":"post_tag","embeddable":true,"href":"https:\/\/blogs.avui.cat\/joanot\/wp-json\/wp\/v2\/tags?post=2340"}],"curies":[{"name":"wp","href":"https:\/\/api.w.org\/{rel}","templated":true}]}}