{"id":1421,"date":"2016-09-04T11:19:13","date_gmt":"2016-09-04T17:19:13","guid":{"rendered":"http:\/\/blogs.avui.cat\/joanot\/?p=1421"},"modified":"2016-09-04T11:19:13","modified_gmt":"2016-09-04T17:19:13","slug":"teresa-de-calcutta-i-la-mort","status":"publish","type":"post","link":"https:\/\/blogs.avui.cat\/joanot\/2016\/09\/04\/teresa-de-calcutta-i-la-mort\/","title":{"rendered":"Teresa de Calcutta i la mort"},"content":{"rendered":"<p>La canonitzaci\u00f3 de Teresa, servidora dels m\u00e9s desemparats i destacada per l&#8217;amor i caritat envers la gent que vivia en la mis\u00e8ria i acabaven morint tots sols i sense atenci\u00f3 pel carrer a la ciutat de Calcutta, que \u00e9s com es deia abans Kolkata, fa pensar en all\u00f2 del que pocs volen pensar: la mort. Hi ha molta gent que no volen sentir-ne parlar, cosa molt il\u00b7l\u00f2gica, perqu\u00e8 la mort \u00e9s inevitable. Si alg\u00fa ho prefereix, \u00e9s el moment de sortir del blog i tornar al Bar\u00e7a. A m\u00e9s de celebrar la mem\u00f2ria de Teresa, \u00e9s tamb\u00e9 el moment de reflexionar sobre el que ella feia i probablement les Missioneres de Caritat que ella va fundar, segueixen fent.<\/p>\n<p><strong>Hospicis als EUA<\/strong><br \/>\nNo s\u00e9 res de com est\u00e0 organitzat a Catalunya, per\u00f2 als EUA quan el metge decideix que ja no hi ha res a fer i el pacient morir\u00e0 dintre de quatre mesos, pot demanar ingressar-lo a un Hospici, i les assegurances, incl\u00f2s el Medicare, l&#8217;asseguran\u00e7a federal dels s\u00e9niors de m\u00e9s de 65 anys, ho accepten i paguen. Alguns Hospicis s\u00f3n verdaders hospitals, per\u00f2 altres plans permeten als pacients quedar-se a casa amb visitadors entrenats. A vegades tractar la fam\u00edlia \u00e9s la part m\u00e9s dif\u00edcil de la situaci\u00f3 i cal saber com fer-ho.<\/p>\n<p>L&#8217;Hospici t\u00e9 metges i infermeres, est\u00e0 regulat pel govern i ja no administra als pacients cap tractament dirigit a la causa de la malaltia, cosa que faria patir in\u00fatilment i ja no serveix de res. El tractament es limita a combatre el dolor i patiment, millorant la qualitat de vida de la recta final. Per\u00f2 tamb\u00e9 tenen gent que saben parlar i escoltar. Aqu\u00ed \u00e9s quan hom recorda Teresa. <\/p>\n<p>Sa o malalt, tothom t\u00e9 problemes per dintre i hi ha molta gent que no pot parlar de res important amb la fam\u00edlia. Aix\u00f2 esdev\u00e9 important quan el final s&#8217;acosta.<\/p>\n<p>La paraula &#8220;Espiritualitat&#8221; entre Catalans es refereix sempre a la religi\u00f3, per\u00f2 tamb\u00e9 t\u00e9 un significat m\u00e9s ampli: espiritualitat \u00e9s la preocupaci\u00f3 per coses immaterials, com diguem el significat de la vida i la mort, perqu\u00e8 hem nascut, la ra\u00f3 de viure, els lligams humans, la just\u00edcia&#8230; Sovint cal parlar d&#8217;algunes d&#8217;aquestes coses que preocupen a molts malalts i la fam\u00edlia no far\u00e0. La religi\u00f3 i les preg\u00e0ries naturalment estan incloses, si el malalt ho vol.<\/p>\n<p>Hi ha llistats publicats de les coses que preocupen m\u00e9s: vergonya i penediment per alguna cosa, preocupacions econ\u00f2miques causades per la malaltia i la mort imminents, falta de previsi\u00f3 pel futur, explotaci\u00f3 i mals tractes rebuts, esperances sense base realista, desitjos de reconciliaci\u00f3, cust\u00f2dia d&#8217;un menor, baralles familiars que no s&#8217;han pogut reconduir, coses sense acabar, incidents i separaci\u00f3 d&#8217;un familiar, projectes frustrats. Evidentment el terapeuta no podr\u00e0 resoldre res d&#8217;aix\u00f2, per\u00f2 pot ajudar a recordar el passat sense r\u00e0bia, amb serenitat i realisme i treure&#8217;n conseq\u00fc\u00e8ncies que permeten restaurar la pau interior. Pel que es refereix a la situaci\u00f3 m\u00e8dica, hi ha pacients que volen saber exactament qu\u00e8 passar\u00e0 (cosa que cal discutir sobretot amb la fam\u00edlia que no ent\u00e9n el sistema) i hi ha pacients que en volen saber res. Tot s&#8217;ha de respectar.<\/p>\n<p>Cal recon\u00e8ixer que aquesta feina tan emocional &#8220;crema&#8221; molt als terapeutes i consellers, que sovint es veuen obligats a plegar per protegir la seva sanitat emocional.<\/p>\n<p><strong>Tornant als carrers de Kolkata<\/strong><br \/>\nReligi\u00f3s o no, seria molt dif\u00edcil negar reconeixement a l&#8217;obra humanit\u00e0ria i la solidaritat i respecte a la condici\u00f3 humana demostrades per Teresa i est\u00e0 b\u00e9 que sigui honorada i recordada, cosa que no exclou certes consideracions cr\u00edtiques sobre la seva forma d&#8217;actuar.<\/p>\n<p>L&#8217;orde de les seves Missioneres est\u00e0 estesa per molts pa\u00efsos del m\u00f3n i no tinc dubtes que fan el que han de fer de formes diferents segons on treballin. Em voldria limitar a la seva instituci\u00f3 original que segueix admetent visites i estades temporals de voluntaris a la ciutat de Kolkata. Qui vulgui, pot informar-se i apuntar-se  l&#8217;Internet. Mentre que la majoria de visitants en surten colpits i conven\u00e7uts, hi ha qui critica alguns aspectes i han triat parlar-ne.<\/p>\n<p>El desig i el plan de Teresa era clar i contundent: ajudar als pobres i desemparats a morir amb dignitat i redimir-los en aquell temps final del mal tracte que la societat i el sistema de castes havia imposat. Donava Amor a desconeguts, sovint d&#8217;altres religions, que s&#8217;estaven morint al carrer tots sols sense assist\u00e8ncia, com si fossin animals. Esdevenia la seva darrera fam\u00edlia que aquesta vegada l&#8217;estimaria i el cuidaria abans d&#8217;acomiadar-lo.<\/p>\n<p>Per\u00f2 estem al segle XXI i cal recon\u00e8ixer que el sistema ha produ\u00eft una instituci\u00f3 m\u00e8dica que hauria de complir certs m\u00ednims i estar subjecta a inspeccions i lleis. Per\u00f2 no \u00e9s aix\u00ed com funciona.Algun visitant ha criticat les condicions higi\u00e8niques, la manca d&#8217;instruments que no s\u00f3n separats i protegits com cal, les agulles d&#8217;injecci\u00f3 utilitzades per m\u00e9s d&#8217;un pacient, la manca i els l\u00edmits excessius d&#8217;assist\u00e8ncia m\u00e8dica, la falta de mesures protectores. De fet, la Instituci\u00f3 que visiten els voluntaris ha esdevingut un museu de la pobresa i mis\u00e8ria humanes, enlloc de ser una den\u00fancia lluitant pels drets dels pobres en una situaci\u00f3 tan dura com inevitable. L&#8217;humanitarisme de Teresa no inclo\u00efa elements de cr\u00edtica o millora social. Un visitant explica que havia vist com les monges netejaven i banyaven un home en una banyera, per\u00f2 els escalfadors d&#8217;aigua eren insuficients i les monges acabaven omplint la banyera amb aigua freda. El visitant, esverat, els va oferir que sabria com obtenir ajut per comprar escalfadors millors, per\u00f2 una monja li va respondre que no, que ho feien tot com Jes\u00fas voldria. Sense ser important o representatiu, aquest cas simbolitza la situaci\u00f3. El que caldria seria una instituci\u00f3 amb participaci\u00f3 de metges i infermeres a l&#8217;estil dels Hospicis occidentals. I la caritat, dedicaci\u00f3 i treball de les monges seguirien essent necess\u00e0ries i no farien nosa.<\/p>\n<p><strong>La q\u00fcesti\u00f3 dels diners<\/strong><br \/>\nAvui en dia, l&#8217;orde fundat per la Mare Teresa \u00e9s molt gran i admirat i rep donacions molt importants de tot el m\u00f3n administrades des del Vatic\u00e0. No se&#8217;n sap res. Tristament \u00e9s molt dif\u00edcil fer entendre a les monges, que haurien de saber- ho tot sobre la mis\u00e8ria humana, que el perill de corrupci\u00f3 \u00e9s tan gran dintre les obres de caritat com entre els pol\u00edtics. Un dia o altre, un senyor o senyora acaben decidint que amb la feina tan important que fan i els milions que troben, tamb\u00e9 es mereixerien alguna recompensa. Ha passat moltes, moltes vegades i seria f\u00e0cil trobar exemples i el secretisme de la C\u00faria Vaticana \u00e9s perillos\u00edssim. No se sap res ni ensenyen comptes.<br \/>\nSi no canvien i no es fan p\u00fablics, que D\u00e9u els protegeixi.<\/p>\n<p><strong>La q\u00fcesti\u00f3 dels miracles<br \/>\n<\/strong><br \/>\nLa llei can\u00f2nica vigent exigeix un miracle atribu\u00eft a la intercessi\u00f3 del difunt per a la beatificaci\u00f3 i un altre despr\u00e9s de la beatificaci\u00f3 per a la canonitzaci\u00f3 que ha rebut avui Teresa de Calcutta. El segon miracle de la Mare Teresa \u00e9s controvertit. Es tracta de la curaci\u00f3 d&#8217;un c\u00e0ncer a una dona \u00edndia. Algun metge va dir que no era cap tumor maligne sin\u00f3 un quist i que havia estat eliminat pel tractament m\u00e8dic. El marit es va manifestar en suport d&#8217;aquesta interpretaci\u00f3. L&#8217;Esgl\u00e9sia diu sempre que hi ha investigacions profundes abans d&#8217;acceptar el miracle, per\u00f2 resulta que quan consulten un expert independent no pregunten mai si hi ha un miracle, sin\u00f3 si hi ha una explicaci\u00f3 natural de la curaci\u00f3. \u00c9s molt diferent. Els metges podrien escriure llibres amb coses que han passat o ells han vist i ning\u00fa pot entendre. Ara el marit ja s&#8217;ha corregit i diu que s\u00ed que era un miracle. No seria m\u00e9s digne canonitzar, quan cal, sobre la base de qu\u00e8 un home o dona candidats han dit i fet en vida? La Mare Teresa en tindria prou.<\/p>\n<p>Joan Gil<\/p>\n","protected":false},"excerpt":{"rendered":"<p>La canonitzaci\u00f3 de Teresa, servidora dels m\u00e9s desemparats i destacada per l&#8217;amor i caritat envers la gent que vivia en la mis\u00e8ria i acabaven morint tots sols i sense atenci\u00f3 pel carrer a la ciutat de Calcutta, que \u00e9s com es deia abans Kolkata, fa pensar en all\u00f2 del que pocs volen pensar: la mort. [&hellip;]<\/p>\n","protected":false},"author":183,"featured_media":0,"comment_status":"open","ping_status":"open","sticky":false,"template":"","format":"standard","meta":{"_jetpack_newsletter_access":"","_jetpack_dont_email_post_to_subs":false,"_jetpack_newsletter_tier_id":0,"_jetpack_memberships_contains_paywalled_content":false,"_jetpack_memberships_contains_paid_content":false,"footnotes":""},"categories":[32367,5461,32369,32366,946],"tags":[],"class_list":["post-1421","post","type-post","status-publish","format-standard","hentry","category-calcutta","category-espiritualitat","category-hospici","category-mare-teresa","category-mort"],"jetpack_featured_media_url":"","jetpack_sharing_enabled":true,"jetpack_shortlink":"https:\/\/wp.me\/pagkh3-mV","jetpack-related-posts":[],"_links":{"self":[{"href":"https:\/\/blogs.avui.cat\/joanot\/wp-json\/wp\/v2\/posts\/1421","targetHints":{"allow":["GET"]}}],"collection":[{"href":"https:\/\/blogs.avui.cat\/joanot\/wp-json\/wp\/v2\/posts"}],"about":[{"href":"https:\/\/blogs.avui.cat\/joanot\/wp-json\/wp\/v2\/types\/post"}],"author":[{"embeddable":true,"href":"https:\/\/blogs.avui.cat\/joanot\/wp-json\/wp\/v2\/users\/183"}],"replies":[{"embeddable":true,"href":"https:\/\/blogs.avui.cat\/joanot\/wp-json\/wp\/v2\/comments?post=1421"}],"version-history":[{"count":3,"href":"https:\/\/blogs.avui.cat\/joanot\/wp-json\/wp\/v2\/posts\/1421\/revisions"}],"predecessor-version":[{"id":1426,"href":"https:\/\/blogs.avui.cat\/joanot\/wp-json\/wp\/v2\/posts\/1421\/revisions\/1426"}],"wp:attachment":[{"href":"https:\/\/blogs.avui.cat\/joanot\/wp-json\/wp\/v2\/media?parent=1421"}],"wp:term":[{"taxonomy":"category","embeddable":true,"href":"https:\/\/blogs.avui.cat\/joanot\/wp-json\/wp\/v2\/categories?post=1421"},{"taxonomy":"post_tag","embeddable":true,"href":"https:\/\/blogs.avui.cat\/joanot\/wp-json\/wp\/v2\/tags?post=1421"}],"curies":[{"name":"wp","href":"https:\/\/api.w.org\/{rel}","templated":true}]}}