{"id":996,"date":"2008-12-26T23:24:48","date_gmt":"2008-12-26T23:24:48","guid":{"rendered":"http:\/\/blogs.avui.cat\/jaumepubill\/2008\/12\/26\/obriu-els-paraiges-caur-pedra-grossa\/"},"modified":"2008-12-26T23:24:48","modified_gmt":"2008-12-26T23:24:48","slug":"obriu-els-paraiges-caur-pedra-grossa-2","status":"publish","type":"post","link":"https:\/\/blogs.avui.cat\/jaumepubill\/2008\/12\/26\/obriu-els-paraiges-caur-pedra-grossa-2\/","title":{"rendered":"Obriu els paraig&#252;es: caur&#224; pedra grossa."},"content":{"rendered":"<p><img data-recalc-dims=\"1\" loading=\"lazy\" decoding=\"async\" height=\"327\" src=\"https:\/\/i0.wp.com\/www.zonalibre.org\/blog\/tenampa\/archives\/paraguas.jpg?resize=270%2C327\" width=\"270\" \/> <\/p>\n<p>S\u2019est\u00e0 preparant tormenta. Tot fa olorar que les coses v\u00e9nen maldades. Ens podem equivocar, per\u00f2 tothom, menys el PSC-PSOE (m\u00e9s PSOE que PSC), tenen poques paraules d\u2019esperan\u00e7a i optimisme. Tot anir\u00e0 b\u00e9, segons ells i Catalunya sortir\u00e0 afavorida; Zapatero complir\u00e0 la seva paraula (jajaja\u2026) i tot seran flors i violes.<\/p>\n<p>Per\u00f2 el que se\u2019ns atansa \u00e9s tota una altra cosa. El x\u00e0fec ser\u00e0 gros, segons comenta la resta del m\u00f3n assenyat i l\u00facid. I \u00e9s que no hi ha motius que ens puguin fer pensar el contrari. Vegem:<\/p>\n<p>-El diner ha desaparegut. Els que en tenen, l\u2019amaguen i els que no en tenen no en troben per enlloc. El mercats estan parats del tot i seguiran parats una bona temporada. Quant Bancs aniran tancant?\u2026<\/p>\n<p>-L\u2019Estatut sortir\u00e0 m\u00e9s pelat que una gallina abans d\u2019anar cap a l\u2019olla. Ja podem preparar plans A,B, C i D\u2026. que no hi haur\u00e0 res a fer per contestar amb una mica de dignitat a un Tribunal que de constitucional no en t\u00e9 res. En podrien dir Tribunal Pol\u00edtic, que seria m\u00e9s exacte. I com a bona \u201cvoz de su amo\u201d i com a bons tutors de lo \u201cejpa\u00f1ol\u201d de la \u201cunidad de Espa\u00f1a\u201d donaran caf\u00e9 para todos i ben descafe\u00efnat per tal de que no ens faci mal i no ens posi nerviosos. Heu vist que satisfets n\u2019han sortit de la Moncloa una tal Aguirre, un tal Camps i genteta d\u2019aquest tipus?.<\/p>\n<p>-Ara no tenim una RENFE que funcioni ni la tindrem. Com que no hi ha diners, no hi haur\u00e0 RENFE, ni Rodalies ni res de res. Condemnats a anar en bici, a peu o en cotxe particular (caldr\u00e0 aprofitar-ho ara que la gasolina \u00e9s barata i abans de que es tripliqui el preu, cosa que passar\u00e0 aviat, diu alg\u00fa\u2026)<\/p>\n<p>-Tindrem un gran aeroport a Barcelona per\u00f2 mig buit. Com que no tindrem vols internacionals, la meitat de l\u2019aeroport no servir\u00e0 de res. L\u2019economista Tremosa \u201cdixit\u201d. I els catalans que vagin demanant un aeroport internacional amb cara i ulls que a les Castilles ni se n\u2019assabenten ni se\u2019n volen assabentar per cuidar els propis interessos de Barajas.<\/p>\n<p>-El finan\u00e7ament de Catalunya&#160; ja us podeu imaginar el que ser\u00e0. De bon principi pinten bastos perqu\u00e8 \u00e9s el pitjor moment de la hist\u00f2ria i, \u00e9s clar, no ens podran donar ni la meitat del que ens mereixem per just\u00edcia i necessitem si no volem ser un vag\u00f3 de cua. Ara ja no sm locomotora ni res. Som el vag\u00f3 del carb\u00f3 per seguir alimentant unes altres locomotores.<\/p>\n<p>-I la llengua, i la cultura. I les ajudes socials que ja no arribaran a temps per a molts vells, i la sanitat i les empreses que tancaran, i la gent que quedar\u00e0 sense feina, i els emigrants que es tornaran conflictius quan no puguin ni menjar ni tornar al seu pa\u00eds\u2026.<\/p>\n<p>-Internacionalment, Catalunya \u00e9s desconeguda i maltractada (tema Seleccions esportives) i ning\u00fa la defensa ni diu res. Al contrari, \u00e9s Ejpa\u00f1a mateixa qui posa pals a la roda a tot arreu on puguem aixecar una mica el cap.<\/p>\n<p>Podr\u00edem anar seguint una bona estona. Ens esperen problemes grans i governs petits. El PSC no ha estat a l\u2019al\u00e7ada , ni hi est\u00e0 i no cal pas esperar que hi estigui. ERC est\u00e0 fent el rid\u00edcul, un dia s\u00ed i l\u2019altre tamb\u00e9 llepant el cul de qui mana. La facci\u00f3 m\u00e9s digna ha de callar, de moment.<\/p>\n<p>Ja podem obrir el paraig\u00fces que caur\u00e0 una pedregada que ens matar\u00e0 si no ens aixopluguem aviat. D\u2019aqu\u00ed a pocs dies comen\u00e7arem a veure-ho i ja no pararem per una bona temporada.<\/p>\n<p>Mala manera de comen\u00e7ar l\u2019any!<\/p>\n<div>Etiquetes de Technorati: <a href=\"http:\/\/technorati.com\/tags\/Catalunya\" rel=\"tag\">Catalunya<\/a>,<a href=\"http:\/\/technorati.com\/tags\/Crisi\" rel=\"tag\">Crisi<\/a>,<a href=\"http:\/\/technorati.com\/tags\/Pol%c3%adtica\" rel=\"tag\">Pol&#237;tica<\/a>,<a href=\"http:\/\/technorati.com\/tags\/Economia\" rel=\"tag\">Economia<\/a><\/div>\n","protected":false},"excerpt":{"rendered":"<p>S\u2019est\u00e0 preparant tormenta. Tot fa olorar que les coses v\u00e9nen maldades. Ens podem equivocar, per\u00f2 tothom, menys el PSC-PSOE (m\u00e9s PSOE que PSC), tenen poques paraules d\u2019esperan\u00e7a i optimisme. Tot anir\u00e0 b\u00e9, segons ells i Catalunya sortir\u00e0 afavorida; Zapatero complir\u00e0 la seva paraula (jajaja\u2026) i tot seran flors i violes. Per\u00f2 el que se\u2019ns atansa [&hellip;]<\/p>\n","protected":false},"author":214,"featured_media":0,"comment_status":"open","ping_status":"open","sticky":false,"template":"","format":"standard","meta":{"_jetpack_memberships_contains_paid_content":false,"footnotes":"","jetpack_publicize_message":"","jetpack_publicize_feature_enabled":true,"jetpack_social_post_already_shared":false,"jetpack_social_options":{"image_generator_settings":{"template":"highway","default_image_id":0,"font":"","enabled":false},"version":2}},"categories":[877,220,172],"tags":[31833],"class_list":["post-996","post","type-post","status-publish","format-standard","hentry","category-catalunya","category-crisi","category-politica","tag-economia"],"jetpack_publicize_connections":[],"jetpack_featured_media_url":"","jetpack_shortlink":"https:\/\/wp.me\/pagkjs-g4","jetpack-related-posts":[],"jetpack_sharing_enabled":true,"_links":{"self":[{"href":"https:\/\/blogs.avui.cat\/jaumepubill\/wp-json\/wp\/v2\/posts\/996","targetHints":{"allow":["GET"]}}],"collection":[{"href":"https:\/\/blogs.avui.cat\/jaumepubill\/wp-json\/wp\/v2\/posts"}],"about":[{"href":"https:\/\/blogs.avui.cat\/jaumepubill\/wp-json\/wp\/v2\/types\/post"}],"author":[{"embeddable":true,"href":"https:\/\/blogs.avui.cat\/jaumepubill\/wp-json\/wp\/v2\/users\/214"}],"replies":[{"embeddable":true,"href":"https:\/\/blogs.avui.cat\/jaumepubill\/wp-json\/wp\/v2\/comments?post=996"}],"version-history":[{"count":0,"href":"https:\/\/blogs.avui.cat\/jaumepubill\/wp-json\/wp\/v2\/posts\/996\/revisions"}],"wp:attachment":[{"href":"https:\/\/blogs.avui.cat\/jaumepubill\/wp-json\/wp\/v2\/media?parent=996"}],"wp:term":[{"taxonomy":"category","embeddable":true,"href":"https:\/\/blogs.avui.cat\/jaumepubill\/wp-json\/wp\/v2\/categories?post=996"},{"taxonomy":"post_tag","embeddable":true,"href":"https:\/\/blogs.avui.cat\/jaumepubill\/wp-json\/wp\/v2\/tags?post=996"}],"curies":[{"name":"wp","href":"https:\/\/api.w.org\/{rel}","templated":true}]}}