{"id":958,"date":"2010-09-12T12:02:43","date_gmt":"2010-09-12T11:02:43","guid":{"rendered":"http:\/\/blogs.avui.cat\/jaumepubill\/2010\/09\/12\/la-riquesa-de-la-llengua-catalana\/"},"modified":"2010-09-12T12:02:43","modified_gmt":"2010-09-12T11:02:43","slug":"la-riquesa-de-la-llengua-catalana","status":"publish","type":"post","link":"https:\/\/blogs.avui.cat\/jaumepubill\/2010\/09\/12\/la-riquesa-de-la-llengua-catalana\/","title":{"rendered":"La riquesa de la llengua catalana"},"content":{"rendered":"<p><strong>Antoni Maria Alcover i Sureda<\/strong><\/p>\n<p><a href=\"http:\/\/ca.wikipedia.org\/wiki\/Fitxer:Antioni_M_Alcover.jpg\"><img loading=\"lazy\" decoding=\"async\" height=\"153\" alt=\"\" src=\"http:\/\/upload.wikimedia.org\/wikipedia\/commons\/thumb\/1\/13\/Antioni_M_Alcover.jpg\/200px-Antioni_M_Alcover.jpg\" width=\"123\" align=\"left\" \/><\/a>Aquest estiu, a Mallorca, una bona amiga em van fer el preuat regal d\u2019un llibre extraordinari: el \u201cDICCIONARI D\u2019EXPRESSIONS LING\u00dc\u00cdSTIQUES\u201d recollides de les \u201cRondaies Mallorquines d\u2019en Jordi des Rac\u00f3. El llibre \u00e9s d\u2019ANTONI LLULL MART\u00cd i \u00e9s editat per l\u2019Editorail MOLL.<\/p>\n<p>Jordi des Rac\u00f3&#160; \u00e9s el nom que va fer servir Mn. Antoni M. Alcover a l\u2019hora de publicar el recull de les seves rondaies. Parlar de Mn. Alcover \u00e9s parlar d\u2019un personatge riqu\u00edssim en tots sentits i \u00e9s tamb\u00e9 parlar d\u2019una de les persones que, sense cap mena de dubte, han fet m\u00e9s per la nostra llengua. <\/p>\n<p>Moss\u00e8n <b>Antoni Maria Alcover i Sureda<\/b> (<a href=\"http:\/\/ca.wikipedia.org\/wiki\/Santa_Cirga\">Santa Cirga<\/a>, <a href=\"http:\/\/ca.wikipedia.org\/wiki\/Manacor\">Manacor<\/a>, <a href=\"http:\/\/ca.wikipedia.org\/wiki\/1862\">1862<\/a> &#8211; <a href=\"http:\/\/ca.wikipedia.org\/wiki\/Palma\">Palma<\/a>, <a href=\"http:\/\/ca.wikipedia.org\/wiki\/1932\">1932<\/a>) fou un escriptor mallorqu\u00ed modernista, eclesi\u00e0stic, ling\u00fcista, folklorista, dissenyador de diverses esgl\u00e9sies i capelles i publicista. Molt popular arreu dels <a href=\"http:\/\/ca.wikipedia.org\/wiki\/Pa%C3%AFsos_Catalans\">Pa\u00efsos Catalans<\/a> per la seva tasca a favor de la llengua catalana, fou anomenat <i>ap\u00f2stol de la llengua<\/i>.<\/p>\n<p>Les principals obres d&#8217;Antoni M. Alcover foren el <i><a href=\"http:\/\/ca.wikipedia.org\/wiki\/Diccionari_catal%C3%A0-valenci%C3%A0-balear\">Diccionari catal\u00e0-valenci\u00e0-balear<\/a><\/i>, el recull <i><a href=\"http:\/\/ca.wikipedia.org\/wiki\/Aplec_de_rondalles_mallorquines_d%27en_Jordi_des_Rac%C3%B3\">Aplec de rondalles mallorquines d&#8217;en Jordi des Rac\u00f3<\/a><\/i>, <i><a href=\"http:\/\/ca.wikipedia.org\/w\/index.php?title=La_flexi%C3%B3_verbal_en_els_dialectes_catalans&amp;action=edit&amp;redlink=1\">La flexi\u00f3 verbal en els dialectes catalans<\/a><\/i> i la direcci\u00f3 i finan\u00e7ament de l&#8217;<i><a href=\"http:\/\/ca.wikipedia.org\/w\/index.php?title=Edici%C3%B3_de_les_Obres_de_Ramon_Llull&amp;action=edit&amp;redlink=1\">Edici\u00f3 de les Obres de Ramon Llull<\/a><\/i>.<\/p>\n<p>Form\u00e0, procedent de fonts orals, l&#8217;<i><a href=\"http:\/\/ca.wikipedia.org\/wiki\/Aplec_de_rondaies_mallorquines_d%27en_Jordi_des_Rac%C3%B3\">Aplec de rondaies mallorquines d&#8217;en Jordi des Rac\u00f3<\/a><\/i>, editat finalment en 22 volums. Es tracta d&#8217;una col\u00b7lecci\u00f3 de <a href=\"http:\/\/ca.wikipedia.org\/wiki\/Rondalles\">rondalles<\/a> populars refetes per Antoni M. Alcover a partir de les diferents versions recollides, gr\u00e0cies al seu propi do de rondallaire i amb el sed\u00e0s de la censura moral com a clergue que era.<\/p>\n<p>Doncs b\u00e9: el llibre del que us vull parlar avui \u00e9s el recull de m\u00e9s de 5.600 locucions,dites,refranys i tota casta d\u2019expressions ling\u00fc\u00edstiques, que constitueixen una bona mostra del mallorqu\u00ed col\u00b7loquial de principis del S. XX. Al llibre s\u2019hi explica el significat de cada una d\u2019elles i el lloc on es troba dins dels 24 toms de les Rondaies.<\/p>\n<p>\u00c9s un treball exhaustiu, molt ben fet, molt am\u00e8 i fet no per a ling\u00fcistes i gent especialitzada sin\u00f3 per al lector de tot tipus, que vulgui passar-s\u2019ho b\u00e9 amb aquestes expressions tan riques i que algunes d\u2019elles, o ja s\u2019han perdut o es perdran si no les fem servir.<\/p>\n<p>Els dies que vaig passar a Mallorca em van fer adonar que encara \u00e9s ben ric el llenguatge all\u00e0 i que tenen unes expressions pr\u00f2pies que la gent del Principat haurien de con\u00e9ixer una mica m\u00e9s. Segons el meu punt de vista, caldria que els mateixos mallorquins escrivissin m\u00e9s tal com parlen, encara que hi hagi unes normatives clares per part de l\u2019 Institut d\u2019 Estudis Catalans. Aquest catal\u00e0 potser \u00e9s el que s\u2019ha d\u2019ensenyar a les escoles. Per\u00f2 la riquesa del llenguatge popular, el que es parla al carrer, cada dia es reivindica m\u00e9s i s\u2019hi poden trobar molt arguments per fer-ho. No volem una llengua catalana r\u00edgida, uniforme, de cartr\u00f3 i igual a tot arreu. La volem viva, diferent, amb els diversos tons i les diferents paraules i expressions que ens far\u00e0 m\u00e9s rics a tots. <\/p>\n<p>Els mallorquins hi tenen molt a dir. O els valencians. Per\u00f2 tamb\u00e9 nosaltres des d\u2019aqu\u00ed al Principat. Haur\u00edeim d\u2019aconseguir que els mitjans de comunicaci\u00f3 acceptessin encara m\u00e9s la gent de Mallorca o de Val\u00e8ncia amb totes les seves variacions dialectals i la seva riquesafon\u00e8tica. I tant de bo tamb\u00e9 pass\u00e9s als altres territoris de parla catalana. Nom\u00e9s llavors podrem parlar d\u2019una llengua comuna, es digui com es vulgui dir (valenci\u00e0, balear, catal\u00e0\u2026) i l\u2019anomenem com volguem. La riquesa la tenim i les eines tamb\u00e9. Ara nom\u00e9s cal fer-les<\/p>\n<div>Etiquetas de Technorati: <a href=\"http:\/\/technorati.com\/tags\/LLengua+catalana\" rel=\"tag\">LLengua catalana<\/a>,<a href=\"http:\/\/technorati.com\/tags\/Mallorca\" rel=\"tag\">Mallorca<\/a>,<a href=\"http:\/\/technorati.com\/tags\/Val%c3%a8ncia\" rel=\"tag\">Val&#232;ncia<\/a>,<a href=\"http:\/\/technorati.com\/tags\/Catalunya\" rel=\"tag\">Catalunya<\/a>,<a href=\"http:\/\/technorati.com\/tags\/Mitjans+de+comunicaci%c3%b3\" rel=\"tag\">Mitjans de comunicaci&#243;<\/a><\/div>\n<p> servir.<\/p>\n","protected":false},"excerpt":{"rendered":"<p>Antoni Maria Alcover i Sureda Aquest estiu, a Mallorca, una bona amiga em van fer el preuat regal d\u2019un llibre extraordinari: el \u201cDICCIONARI D\u2019EXPRESSIONS LING\u00dc\u00cdSTIQUES\u201d recollides de les \u201cRondaies Mallorquines d\u2019en Jordi des Rac\u00f3. El llibre \u00e9s d\u2019ANTONI LLULL MART\u00cd i \u00e9s editat per l\u2019Editorail MOLL. Jordi des Rac\u00f3&#160; \u00e9s el nom que va fer [&hellip;]<\/p>\n","protected":false},"author":214,"featured_media":0,"comment_status":"open","ping_status":"closed","sticky":false,"template":"","format":"standard","meta":{"_jetpack_memberships_contains_paid_content":false,"footnotes":"","jetpack_publicize_message":"","jetpack_publicize_feature_enabled":true,"jetpack_social_post_already_shared":false,"jetpack_social_options":{"image_generator_settings":{"template":"highway","default_image_id":0,"font":"","enabled":false},"version":2}},"categories":[623,877,6645,81],"tags":[],"class_list":["post-958","post","type-post","status-publish","format-standard","hentry","category-catala","category-catalunya","category-llengua-societat","category-mitjans-de-comunicacio"],"jetpack_publicize_connections":[],"jetpack_featured_media_url":"","jetpack_shortlink":"https:\/\/wp.me\/pagkjs-fs","jetpack-related-posts":[],"jetpack_sharing_enabled":true,"_links":{"self":[{"href":"https:\/\/blogs.avui.cat\/jaumepubill\/wp-json\/wp\/v2\/posts\/958","targetHints":{"allow":["GET"]}}],"collection":[{"href":"https:\/\/blogs.avui.cat\/jaumepubill\/wp-json\/wp\/v2\/posts"}],"about":[{"href":"https:\/\/blogs.avui.cat\/jaumepubill\/wp-json\/wp\/v2\/types\/post"}],"author":[{"embeddable":true,"href":"https:\/\/blogs.avui.cat\/jaumepubill\/wp-json\/wp\/v2\/users\/214"}],"replies":[{"embeddable":true,"href":"https:\/\/blogs.avui.cat\/jaumepubill\/wp-json\/wp\/v2\/comments?post=958"}],"version-history":[{"count":0,"href":"https:\/\/blogs.avui.cat\/jaumepubill\/wp-json\/wp\/v2\/posts\/958\/revisions"}],"wp:attachment":[{"href":"https:\/\/blogs.avui.cat\/jaumepubill\/wp-json\/wp\/v2\/media?parent=958"}],"wp:term":[{"taxonomy":"category","embeddable":true,"href":"https:\/\/blogs.avui.cat\/jaumepubill\/wp-json\/wp\/v2\/categories?post=958"},{"taxonomy":"post_tag","embeddable":true,"href":"https:\/\/blogs.avui.cat\/jaumepubill\/wp-json\/wp\/v2\/tags?post=958"}],"curies":[{"name":"wp","href":"https:\/\/api.w.org\/{rel}","templated":true}]}}