{"id":937,"date":"2010-08-27T21:24:45","date_gmt":"2010-08-27T20:24:45","guid":{"rendered":"http:\/\/blogs.avui.cat\/jaumepubill\/2010\/08\/27\/un-estiu-a-mallorca\/"},"modified":"2010-08-27T21:24:45","modified_gmt":"2010-08-27T20:24:45","slug":"un-estiu-a-mallorca","status":"publish","type":"post","link":"https:\/\/blogs.avui.cat\/jaumepubill\/2010\/08\/27\/un-estiu-a-mallorca\/","title":{"rendered":"Un estiu a Mallorca"},"content":{"rendered":"<p><a href=\"https:\/\/i0.wp.com\/blogs.avui.cat\/jaumepubill\/files\/2010\/08\/p8251777.jpg\"><img data-recalc-dims=\"1\" loading=\"lazy\" decoding=\"async\" border=\"0\" alt=\"P8251777\" align=\"left\" src=\"https:\/\/i0.wp.com\/blogs.avui.cat\/jaumepubill\/files\/2010\/08\/p8251777-thumb.jpg?resize=244%2C184\" width=\"244\" height=\"184\" \/><\/a> El novembre de 1838, George Sand, els seus fills i Fr\u00e9d\u00e9ric Chopin van arribar a Mallorca. L\u2019escriptora i el m\u00fasic, que feia dos anys que es coneixien i eren amants, van viatjar a l\u2019illa empesos per un doble est\u00edmul: l\u2019un relacionat amb la salut, i un altre, m\u00e9s profund, vinculat a l\u2019esperit rom\u00e0ntic d\u2019un retorn a la natura a la recerca de l\u2019harmonia entre uns paisatges encara verges. <\/p>\n<p>S\u2019hi van estar quatre mesos, i de l\u2019experi\u00e8ncia en va sortir <em>Un hivern a Mallorca<\/em>, un testimoni literari que passa de l\u2019enlluernament al desenc\u00eds. Enlluernament per la meravella natural de l\u2019illa, i desenc\u00eds per les incomoditats, el menjar, el mal temps d\u2019aquell hivern, la malaltia de Chopin, la malfian\u00e7a dels nadius i la incapacitat per adaptar-se al decorat buc\u00f2lic que havien somiat.<\/p>\n<p>Jo podria dir que m&#8217;ha succe\u00eft tot el contrari. B\u00e9, tampoc ha estat un hivern, ni tot un estiu (ja ho hauria volgut&#8230;) . Ha estat nom\u00e9s una setmana. Per\u00f2 quina setmana! Uns amics ens han convidat a passar uns dies amb ells i hem pogut gaudir a bastament d&#8217;uns dies inoblidables i he tornat <em>&quot;m\u00e9s xalest que unes castanyetes&quot;, <\/em>com diuen all\u00e0 i <em>&quot;m\u00e9s content que un ca amb un os&quot;.<\/em> Gr\u00e0cies, amics!<\/p>\n<p>Mallorca va impactar Georges Sand. A mi m&#8217;han marcat fortament aquest pocs dies d&#8217;estiu perqu\u00e8 he descobert, he palpat, he tocat, he vist, he gaudit i he estimat una altra Mallorca. Una Mallorca que no coneixia ni imaginava. Coneixia la Mallorca tur\u00edstica, la Mallorca del moviment i del soroll. Ara he pogut con\u00e8ixer la Mallorca pausada, tranquil.la i calma de l&#8217;interior de l&#8217;illa. La dels terrenys d&#8217;ametlers, dels garrovers i de les llargues parets de pedra seca. La Mallorca pagesa. La Mallorca que ha aconseguit conservar encara all\u00f2 que s&#8217;ha perdut a tant llocs: la calma, l&#8217;afecte, les relacions tranquil.les, el xerrar pausat, el viure com s&#8217;hauria de viure.<\/p>\n<p>Torno a l&#8217;activitat del blog. En algun moment us he enyorat una mica, us he de ser sincer. Per\u00f2 tamb\u00e9 he pensat que val la pena descansar de tot all\u00f2 que es fa habitual: cal fer vacances de feina, de ment i d&#8217;esperit. He intentat fer-ho i, per tant, ja us amena\u00e7o s\u00e8riament que em tornareu a llegir&#8230;. \u00c9s clar, si voleu. A mi m&#8217;agradaria molt que ens retrob\u00e9ssim i que em torn\u00e9ssiu a deixar els vostres comentaris.<\/p>\n<div>Etiquetes de Technorati: <a href=\"http:\/\/technorati.com\/tags\/Mallorca\" rel=\"tag\">Mallorca<\/a>,<a href=\"http:\/\/technorati.com\/tags\/Vacances\" rel=\"tag\">Vacances<\/a><\/div>\n","protected":false},"excerpt":{"rendered":"<p>El novembre de 1838, George Sand, els seus fills i Fr\u00e9d\u00e9ric Chopin van arribar a Mallorca. L\u2019escriptora i el m\u00fasic, que feia dos anys que es coneixien i eren amants, van viatjar a l\u2019illa empesos per un doble est\u00edmul: l\u2019un relacionat amb la salut, i un altre, m\u00e9s profund, vinculat a l\u2019esperit rom\u00e0ntic d\u2019un retorn [&hellip;]<\/p>\n","protected":false},"author":214,"featured_media":0,"comment_status":"open","ping_status":"closed","sticky":false,"template":"","format":"standard","meta":{"_jetpack_memberships_contains_paid_content":false,"footnotes":"","jetpack_publicize_message":"","jetpack_publicize_feature_enabled":true,"jetpack_social_post_already_shared":false,"jetpack_social_options":{"image_generator_settings":{"template":"highway","default_image_id":0,"font":"","enabled":false},"version":2}},"categories":[1963],"tags":[],"class_list":["post-937","post","type-post","status-publish","format-standard","hentry","category-vacances"],"jetpack_publicize_connections":[],"jetpack_featured_media_url":"","jetpack_shortlink":"https:\/\/wp.me\/pagkjs-f7","jetpack-related-posts":[],"jetpack_sharing_enabled":true,"_links":{"self":[{"href":"https:\/\/blogs.avui.cat\/jaumepubill\/wp-json\/wp\/v2\/posts\/937","targetHints":{"allow":["GET"]}}],"collection":[{"href":"https:\/\/blogs.avui.cat\/jaumepubill\/wp-json\/wp\/v2\/posts"}],"about":[{"href":"https:\/\/blogs.avui.cat\/jaumepubill\/wp-json\/wp\/v2\/types\/post"}],"author":[{"embeddable":true,"href":"https:\/\/blogs.avui.cat\/jaumepubill\/wp-json\/wp\/v2\/users\/214"}],"replies":[{"embeddable":true,"href":"https:\/\/blogs.avui.cat\/jaumepubill\/wp-json\/wp\/v2\/comments?post=937"}],"version-history":[{"count":0,"href":"https:\/\/blogs.avui.cat\/jaumepubill\/wp-json\/wp\/v2\/posts\/937\/revisions"}],"wp:attachment":[{"href":"https:\/\/blogs.avui.cat\/jaumepubill\/wp-json\/wp\/v2\/media?parent=937"}],"wp:term":[{"taxonomy":"category","embeddable":true,"href":"https:\/\/blogs.avui.cat\/jaumepubill\/wp-json\/wp\/v2\/categories?post=937"},{"taxonomy":"post_tag","embeddable":true,"href":"https:\/\/blogs.avui.cat\/jaumepubill\/wp-json\/wp\/v2\/tags?post=937"}],"curies":[{"name":"wp","href":"https:\/\/api.w.org\/{rel}","templated":true}]}}