{"id":906,"date":"2010-08-01T11:47:57","date_gmt":"2010-08-01T10:47:57","guid":{"rendered":"http:\/\/blogs.avui.cat\/jaumepubill\/2010\/08\/01\/eternament-sotmesos\/"},"modified":"2010-08-01T11:47:57","modified_gmt":"2010-08-01T10:47:57","slug":"eternament-sotmesos","status":"publish","type":"post","link":"https:\/\/blogs.avui.cat\/jaumepubill\/2010\/08\/01\/eternament-sotmesos\/","title":{"rendered":"Eternament sotmesos"},"content":{"rendered":"<p><strong><em><img decoding=\"async\" align=\"left\" src=\"http:\/\/in.directe.cat\/img\/220\/220\/1407\" \/> Ernest Torra<\/em><\/strong> (Sabadell, 1918-Barcelona, 2002) va escriure&#160; &#8216;Els anys dissortats&#8217;, auto editat el 1984. <\/p>\n<p>S\u00f3n uns versos patri\u00f2tics que refan les derrotes hist\u00f2riques de Catalunya, interpretades amb el contrapunt de la psicologia social. S\u00f3n una colla de poemes dedicats cada un a una situaci\u00f3 o personatge concret. Qui vulgui llegir-los tots ho podr\u00e0 fer aqu\u00ed (<a href=\"http:\/\/www.vilaweb.cat\/media\/continguts\/000\/011\/626\/626.pdf\">versi\u00f3 en pdf<\/a>).<\/p>\n<p>Avui us fai el regal del Pre\u00e0mbul i de l&#8217; Ep\u00edleg sabent que rellegir aquests textos \u00e9s, no nom\u00e9s rellegir hist\u00f2ria, sin\u00f3 assistir a una gran lli\u00e7\u00f3 del que ha hagut de suportar el nostre pa\u00eds al llarg de segles i el que encara li toca suportar ara per culpa de governants i persones que no han ent\u00e8s res de res. Ho n&#8217;han apr\u00e8s i potser nosaltres catalans tampoc n&#8217;hem apr\u00e8s&#8230;<\/p>\n<p>&#160;<\/p>\n<p align=\"center\">ELS ANYS DISSORTATS<\/p>\n<p align=\"center\">A la hist\u00f2ria de Catalunya hi ha tot un munt d&#8217;anys negatius; <\/p>\n<p align=\"center\">s\u00f3n ELS ANYS DISSORTATS    <br \/>(cr\u00f2niques de I&#8217; all\u00f2-que-no-haguera-hagut-de-ser)<\/p>\n<p align=\"center\"><font size=\"3\"><strong>Pre\u00e0mbul&#160; <\/strong><\/font><\/p>\n<p align=\"center\"><em>Eternament sotmesos, <\/em>    <br \/><em>eternament burlats, <\/em>    <br \/><em>eternament pactistes, <\/em>    <br \/><em>eternament esclaus, <\/em>    <br \/><em>eternament min\u00fasculs, <\/em>    <br \/><em>eternament callats, <\/em>    <br \/><em>eternament captaires, <\/em>    <br \/><em>eternament pardals, <\/em>    <br \/><em>eternament imm\u00f2bils, <\/em>    <br \/><em>eternament sagnants, <\/em>    <br \/><em>eternament ofesos, <\/em>    <br \/><em>eternament covards, <\/em>    <br \/><em>eternament confusos, <\/em>    <br \/><em>eternament negats, <\/em>    <br \/><em>eternament submisos, <\/em>    <br \/><em>eternament infants, <\/em>    <br \/><em>eternament suspectes, <\/em>    <br \/><em>eternament vexats&#8230; <\/em>    <br \/><em>eternament eterna <\/em>    <br \/><em>I&#8217;eterna eternitat!<\/em><\/p>\n<p align=\"center\"><strong>&#160; <font size=\"4\">Ep\u00edleg<\/font><\/strong>     <br \/><em>Catalunya patidora      <br \/>de vents de cr\u00f2niques tristes&#8230;,       <br \/>diana martiritzada,       <br \/>dels dards cruents de les ires,       <br \/>enclusa de malls ferotges,       <br \/>esquer d&#8217;enveges malignes,       <br \/>moneda d&#8217;amansar ceptres,       <br \/>mal cobejada pubilla,       <br \/>ase dels cops de la hist\u00f2ria,       <br \/>ventafocs esporuguida,       <br \/>pe\u00e7a de volums llescables       <br \/>per mercadejar a la fira,       <br \/>cavall de brides fermades,       <br \/>buirac d&#8217;esquena prop\u00edcia&#8230;       <br \/>Catalunya caminera       <br \/>per vials plens de cru\u00eflles,       <br \/>per foradades de segles,       <br \/>boques de llum en fugida&#8230;       <br \/>Corona d&#8217;anys dissortats,       <br \/>garlanda d&#8217;ensurts d&#8217;espines;       <br \/>honor dels anys dissortats,       <br \/>cicatrius empedre\u00efdes;       <br \/>batzac dels anys dissortats,       <br \/>abelliments del teu viure&#8230;       <br \/>Catalunya gloriosa       <br \/>per les dissorts male\u00efdes<\/em><\/p>\n<p align=\"center\"><em>No hi ha riure sense plor&#8230;      <br \/>ja has plorat: mira de riure!       <br \/>Mira de riure al dem\u00e0,       <br \/>visura el lluny, joven\u00edvola!,       <br \/>i empeny I&#8217; oneig dels mil anys       <br \/>de les quatre barres m\u00edtiques,       <br \/>amb el present de mil anys       <br \/>d&#8217;hist\u00f2ria ruda i viva,       <br \/>amb el patir de mil anys       <br \/>de negrors atape\u00efdes&#8230;       <br \/>Catalunya, terra meva!,       <br \/>gresol d&#8217;amors imperibles:       <br \/>amor de terra d&#8217;amors       <br \/>de la terra adolorida,       <br \/>de t\u00f3rtora enamorada,       <br \/>de c\u00e9rvola espantadissa&#8230;,       <br \/>n\u00favia de m\u00edstics somnis,       <br \/>intacta d&#8217;alba i de xiscle&#8230;,       <br \/>terra meva encisadora,       <br \/>estimada dol\u00e7a aimia!<\/em><\/p>\n<p align=\"center\"><em>Ernest Torra<\/em> <\/p>\n<p align=\"center\">\n<\/p>\n<p align=\"center\">&#160;<\/p>\n<p align=\"right\"><em><\/em><\/p>\n<p align=\"right\">\n<p align=\"right\">\n<p align=\"right\">\n<p align=\"right\">\n<p align=\"right\">\n<p align=\"right\">\n<div>Etiquetes de Technorati: <a href=\"http:\/\/technorati.com\/tags\/Catalunya\" rel=\"tag\">Catalunya<\/a>,<a href=\"http:\/\/technorati.com\/tags\/Literatura+catalana\" rel=\"tag\">Literatura catalana<\/a><\/div>\n","protected":false},"excerpt":{"rendered":"<p>Ernest Torra (Sabadell, 1918-Barcelona, 2002) va escriure&#160; &#8216;Els anys dissortats&#8217;, auto editat el 1984. S\u00f3n uns versos patri\u00f2tics que refan les derrotes hist\u00f2riques de Catalunya, interpretades amb el contrapunt de la psicologia social. S\u00f3n una colla de poemes dedicats cada un a una situaci\u00f3 o personatge concret. Qui vulgui llegir-los tots ho podr\u00e0 fer aqu\u00ed [&hellip;]<\/p>\n","protected":false},"author":214,"featured_media":0,"comment_status":"open","ping_status":"closed","sticky":false,"template":"","format":"standard","meta":{"_jetpack_memberships_contains_paid_content":false,"footnotes":"","jetpack_publicize_message":"","jetpack_publicize_feature_enabled":true,"jetpack_social_post_already_shared":false,"jetpack_social_options":{"image_generator_settings":{"template":"highway","default_image_id":0,"font":"","enabled":false},"version":2}},"categories":[877,440],"tags":[],"class_list":["post-906","post","type-post","status-publish","format-standard","hentry","category-catalunya","category-literatura"],"jetpack_publicize_connections":[],"jetpack_featured_media_url":"","jetpack_shortlink":"https:\/\/wp.me\/pagkjs-eC","jetpack-related-posts":[],"jetpack_sharing_enabled":true,"_links":{"self":[{"href":"https:\/\/blogs.avui.cat\/jaumepubill\/wp-json\/wp\/v2\/posts\/906","targetHints":{"allow":["GET"]}}],"collection":[{"href":"https:\/\/blogs.avui.cat\/jaumepubill\/wp-json\/wp\/v2\/posts"}],"about":[{"href":"https:\/\/blogs.avui.cat\/jaumepubill\/wp-json\/wp\/v2\/types\/post"}],"author":[{"embeddable":true,"href":"https:\/\/blogs.avui.cat\/jaumepubill\/wp-json\/wp\/v2\/users\/214"}],"replies":[{"embeddable":true,"href":"https:\/\/blogs.avui.cat\/jaumepubill\/wp-json\/wp\/v2\/comments?post=906"}],"version-history":[{"count":0,"href":"https:\/\/blogs.avui.cat\/jaumepubill\/wp-json\/wp\/v2\/posts\/906\/revisions"}],"wp:attachment":[{"href":"https:\/\/blogs.avui.cat\/jaumepubill\/wp-json\/wp\/v2\/media?parent=906"}],"wp:term":[{"taxonomy":"category","embeddable":true,"href":"https:\/\/blogs.avui.cat\/jaumepubill\/wp-json\/wp\/v2\/categories?post=906"},{"taxonomy":"post_tag","embeddable":true,"href":"https:\/\/blogs.avui.cat\/jaumepubill\/wp-json\/wp\/v2\/tags?post=906"}],"curies":[{"name":"wp","href":"https:\/\/api.w.org\/{rel}","templated":true}]}}