{"id":881,"date":"2010-07-14T20:45:43","date_gmt":"2010-07-14T19:45:43","guid":{"rendered":"http:\/\/blogs.avui.cat\/jaumepubill\/2010\/07\/14\/contradiccions\/"},"modified":"2010-07-14T20:45:43","modified_gmt":"2010-07-14T19:45:43","slug":"contradiccions","status":"publish","type":"post","link":"https:\/\/blogs.avui.cat\/jaumepubill\/2010\/07\/14\/contradiccions\/","title":{"rendered":"Contradiccions."},"content":{"rendered":"<p><img data-recalc-dims=\"1\" loading=\"lazy\" decoding=\"async\" align=\"right\" src=\"https:\/\/i0.wp.com\/cms7.blogia.com\/blogs\/l\/la\/lap\/lapoesianosevende\/upload\/20080331041258-sirena-copenage.jpg?resize=160%2C154\" width=\"160\" height=\"154\" \/> A vegades, a la vida, es tenen tantes ganes de fer una cosa, o de dir-la, o d&#8217;assolir-la&#8230; que hom es nega fins i tot l&#8217;oportunitat de somiar-la.<\/p>\n<p>Aix\u00f2 passa, per exemple, quan estem a disgust en una feina i no ens atrevim a deixar-la, encara que ens en morim de ganes. Quan estem a disgust en una situaci\u00f3 volem marxar-ne, -desitgem enormement marxar-ne-, desitgem fugir i abandonar-ho per\u00f2 no ens atrevim.<\/p>\n<p>Personalment -i com a poble- necessitem tenir el somni d&#8217;emprendre el vol, deixar de ser gallines de corral i comen\u00e7ar a ser \u00e0guiles o voltors que volen alt, ben alt, i la necessitat de no quedar-nos amb la miserable realitat que, dia rere dia, ens empastifa la TV i els diaris: Pol\u00edtics corruptes, drets humans aixafats, relacions humanes brutes i embrutidores, pa\u00efsos sotmesos, injust\u00edcia i pobresa, avorriment infinit&#8230;<\/p>\n<p>Cal somniar la realitat i realitzar somnis. Cal transformar la realitat somniant que podem fer-la nova. Les dues coses ens passen a la nostra vida i les dues coses ens fan una mica de por&#8230;<\/p>\n<p><strong>Somnis<\/strong><\/p>\n<p>No ho vull, no&#8230;<\/p>\n<p>Ni ho vull pensar, no&#8230;<\/p>\n<p>Ni m&#8217;ho vull imaginar&#8230;<\/p>\n<p>Per\u00f2, per altra banda, s\u00e9 que puc arribar al planeta feli\u00e7<\/p>\n<p>i que s\u00f3c un ca\u00e7ador de somnis perfectament abastables.<\/p>\n<p>Vull que la tempesta, la pluja, el fred o el sol no em deixin sortir de casa<\/p>\n<p>i, al mateix temps, desitjo emprendre el cam\u00ed costerut i dif\u00edcil<\/p>\n<p>que s\u00e9 que em dur\u00e0 a la gl\u00f2ria.<\/p>\n<p>Vull lligar-me de mans i peus, buscar mils arguments,<\/p>\n<p>cercar milers d&#8217;excuses per no haver de dir que SI<\/p>\n<p>i, al mateix temps, sento unes ganes enormes <\/p>\n<p>de deslligar-me amb les dents, amb les ungles i comen\u00e7ar el cam\u00ed.<\/p>\n<p>I dic que no, que no cal, que no \u00e9s necessari, que no cal somniar<\/p>\n<p>que ja estic b\u00e9 com estic, que potser \u00e9s perill\u00f3s,<\/p>\n<p>i, al mateix temps, sento aquell desig intern de superar-me, de millorar,<\/p>\n<p>aquell desig indesxifrable<\/p>\n<p>de trobar el que hom vol i ha desitjat tota la vida.<\/p>\n<div>Etiquetes de Technorati: <a href=\"http:\/\/technorati.com\/tags\/Psicologia\" rel=\"tag\">Psicologia<\/a><\/div>\n","protected":false},"excerpt":{"rendered":"<p>A vegades, a la vida, es tenen tantes ganes de fer una cosa, o de dir-la, o d&#8217;assolir-la&#8230; que hom es nega fins i tot l&#8217;oportunitat de somiar-la. Aix\u00f2 passa, per exemple, quan estem a disgust en una feina i no ens atrevim a deixar-la, encara que ens en morim de ganes. Quan estem a [&hellip;]<\/p>\n","protected":false},"author":214,"featured_media":0,"comment_status":"open","ping_status":"closed","sticky":false,"template":"","format":"standard","meta":{"_jetpack_memberships_contains_paid_content":false,"footnotes":"","jetpack_publicize_message":"","jetpack_publicize_feature_enabled":true,"jetpack_social_post_already_shared":false,"jetpack_social_options":{"image_generator_settings":{"template":"highway","default_image_id":0,"font":"","enabled":false},"version":2}},"categories":[2792],"tags":[],"class_list":["post-881","post","type-post","status-publish","format-standard","hentry","category-psicologia"],"jetpack_publicize_connections":[],"jetpack_featured_media_url":"","jetpack_shortlink":"https:\/\/wp.me\/pagkjs-ed","jetpack-related-posts":[],"jetpack_sharing_enabled":true,"_links":{"self":[{"href":"https:\/\/blogs.avui.cat\/jaumepubill\/wp-json\/wp\/v2\/posts\/881","targetHints":{"allow":["GET"]}}],"collection":[{"href":"https:\/\/blogs.avui.cat\/jaumepubill\/wp-json\/wp\/v2\/posts"}],"about":[{"href":"https:\/\/blogs.avui.cat\/jaumepubill\/wp-json\/wp\/v2\/types\/post"}],"author":[{"embeddable":true,"href":"https:\/\/blogs.avui.cat\/jaumepubill\/wp-json\/wp\/v2\/users\/214"}],"replies":[{"embeddable":true,"href":"https:\/\/blogs.avui.cat\/jaumepubill\/wp-json\/wp\/v2\/comments?post=881"}],"version-history":[{"count":0,"href":"https:\/\/blogs.avui.cat\/jaumepubill\/wp-json\/wp\/v2\/posts\/881\/revisions"}],"wp:attachment":[{"href":"https:\/\/blogs.avui.cat\/jaumepubill\/wp-json\/wp\/v2\/media?parent=881"}],"wp:term":[{"taxonomy":"category","embeddable":true,"href":"https:\/\/blogs.avui.cat\/jaumepubill\/wp-json\/wp\/v2\/categories?post=881"},{"taxonomy":"post_tag","embeddable":true,"href":"https:\/\/blogs.avui.cat\/jaumepubill\/wp-json\/wp\/v2\/tags?post=881"}],"curies":[{"name":"wp","href":"https:\/\/api.w.org\/{rel}","templated":true}]}}