{"id":868,"date":"2010-07-04T11:45:59","date_gmt":"2010-07-04T10:45:59","guid":{"rendered":"http:\/\/blogs.avui.cat\/jaumepubill\/2010\/07\/04\/la-solitud-i-les-xarxes-socials\/"},"modified":"2010-07-04T11:45:59","modified_gmt":"2010-07-04T10:45:59","slug":"la-solitud-i-les-xarxes-socials","status":"publish","type":"post","link":"https:\/\/blogs.avui.cat\/jaumepubill\/2010\/07\/04\/la-solitud-i-les-xarxes-socials\/","title":{"rendered":"La solitud i les xarxes socials"},"content":{"rendered":"<p><img loading=\"lazy\" decoding=\"async\" align=\"left\" src=\"http:\/\/t2.gstatic.com\/images?q=tbn:eugupQNT6c-_0M:http:\/\/www.jeffroy.eu\/images\/etapes\/1\/Footprints_Namib_Desert_Namibia_Africa.jpg\" width=\"186\" height=\"141\" \/> Hi han moltes menes de relacions socials i de solituds en la vida i cadasc\u00fa les sent i les viu a la seva manera. Perqu\u00e8 una mateixa situaci\u00f3 es pot viure de moltes maneres i, de fet, cadasc\u00fa la viu a la seva manera&#8230; <\/p>\n<p>Hi ha la solitud del llit del malalt (que uns la saben anar portant i per a altres \u00e9s un desfici insuportable), la que es troba en els boscos perduts en plena muntanya, en una nit en ple desert&#160; i la d&#8217;algunes persones enmig del soroll de la ciutat&#8230;<\/p>\n<p>Hi ha aquella solitud amarga que se sent al m\u00e9s&#160; profund i amagat rac\u00f3 de l&#8217;\u00e0nima quan hom se sent incompr\u00e8s, injustament jutjat o abandonat. La solitud d&#8217;aquell que no estima i no \u00e9s estimat..<\/p>\n<p>Llegia fa uns dies unes paraules de la periodista mallorquina <strong>Ll\u00facia Ramis, (\u201cEgosurfing\u201d -Premi Josep Pla 2010) <\/strong>que parlava de com internet ha canviat les nostres relacions personals. \u00c9s cert: abans per poder fer relacions s&#8217;anava amb la colla d&#8217;amics, s&#8217;entrava a un grup, una associaci\u00f3 o un club, s&#8217;anava a una discoteca i se sortia. Ara -diu ella- <strong><em>&quot;els joves de menys de 20 anys ja no saben el que \u00e9s la intimitat&quot;. &quot;\u00c9s paradoxal que per entrar a una ret social el primer que has de fer \u00e9s asseure&#8217;t tot sol davant de l&#8217;ordinador&quot;.<\/em><\/strong><\/p>\n<p>Ara tenir un amic \u00e9s tan f\u00e0cil com entrar al Facebook i fer un clic. Al cap de pocs dies, si et descuides una mica-est\u00e0s ple d&#8217;amics. D&#8217;amics? B\u00e9, diguem que uns m\u00e9s que altres. A vegades s\u00f3n simples coneguts amb els quals no tenim gaire en com\u00fa i amb els quals no ens comunicarem mai de forma m\u00e9s o menys sincera i profunda. Per\u00f2 el Facebook en diu amics&#8230; I -vulguem-ho o no, ens agradi o no- les formes de relaci\u00f3 han canviat encara que potser les solituds s\u00f3n les mateixes de sempre. Diu la Ll\u00facia Ramis que en aquesta darrera novel\u00b7la seva <em>&quot;<strong>li interessa mostrar el fet que com m\u00e9s sistemes de cerca tenim (GPS, Google, Facebook&#8230;) ens sentim m\u00e9s perduts i insatisfets&#8230; El que volem \u00e9s que ens busquin a nosaltres.&quot;.<\/strong><\/em><\/p>\n<p>No s\u00e9 si sempre \u00e9s aix\u00ed. Per\u00f2 s\u00ed que s\u00e9 que les persones necessitem relacionar-nos, crear uns lligams socials que ens ajuden a ser nosaltres mateixos, ens posen en un lloc determinat i concret del m\u00f3n, ens assignen un rol i -busquem nosaltres o ens busquin els altres- ens sentim m\u00e9s persones, m\u00e9s feli\u00e7os i ,\u00e9s nosaltres mateixos quan ens relacionem i ens relacionem b\u00e9.<\/p>\n<p>&#160;<\/p>\n<\/p>\n<div>Etiquetes de Technorati: <a href=\"http:\/\/technorati.com\/tags\/Solitud\" rel=\"tag\">Solitud<\/a>,<a href=\"http:\/\/technorati.com\/tags\/Relacions+humanes\" rel=\"tag\">Relacions humanes<\/a>,<a href=\"http:\/\/technorati.com\/tags\/Psicologia\" rel=\"tag\">Psicologia<\/a>,<a href=\"http:\/\/technorati.com\/tags\/Amistat\" rel=\"tag\">Amistat<\/a>,<a href=\"http:\/\/technorati.com\/tags\/Internet\" rel=\"tag\">Internet<\/a><\/div>\n","protected":false},"excerpt":{"rendered":"<p>Hi han moltes menes de relacions socials i de solituds en la vida i cadasc\u00fa les sent i les viu a la seva manera. Perqu\u00e8 una mateixa situaci\u00f3 es pot viure de moltes maneres i, de fet, cadasc\u00fa la viu a la seva manera&#8230; Hi ha la solitud del llit del malalt (que uns la [&hellip;]<\/p>\n","protected":false},"author":214,"featured_media":0,"comment_status":"open","ping_status":"closed","sticky":false,"template":"","format":"standard","meta":{"_jetpack_memberships_contains_paid_content":false,"footnotes":"","jetpack_publicize_message":"","jetpack_publicize_feature_enabled":true,"jetpack_social_post_already_shared":false,"jetpack_social_options":{"image_generator_settings":{"template":"highway","default_image_id":0,"font":"","enabled":false},"version":2}},"categories":[2697,5023,2792,5009,1171],"tags":[],"class_list":["post-868","post","type-post","status-publish","format-standard","hentry","category-amistat","category-internet-mitjans-de-comunicacio","category-psicologia","category-relacions-humanes","category-solitud"],"jetpack_publicize_connections":[],"jetpack_featured_media_url":"","jetpack_shortlink":"https:\/\/wp.me\/pagkjs-e0","jetpack-related-posts":[],"jetpack_sharing_enabled":true,"_links":{"self":[{"href":"https:\/\/blogs.avui.cat\/jaumepubill\/wp-json\/wp\/v2\/posts\/868","targetHints":{"allow":["GET"]}}],"collection":[{"href":"https:\/\/blogs.avui.cat\/jaumepubill\/wp-json\/wp\/v2\/posts"}],"about":[{"href":"https:\/\/blogs.avui.cat\/jaumepubill\/wp-json\/wp\/v2\/types\/post"}],"author":[{"embeddable":true,"href":"https:\/\/blogs.avui.cat\/jaumepubill\/wp-json\/wp\/v2\/users\/214"}],"replies":[{"embeddable":true,"href":"https:\/\/blogs.avui.cat\/jaumepubill\/wp-json\/wp\/v2\/comments?post=868"}],"version-history":[{"count":0,"href":"https:\/\/blogs.avui.cat\/jaumepubill\/wp-json\/wp\/v2\/posts\/868\/revisions"}],"wp:attachment":[{"href":"https:\/\/blogs.avui.cat\/jaumepubill\/wp-json\/wp\/v2\/media?parent=868"}],"wp:term":[{"taxonomy":"category","embeddable":true,"href":"https:\/\/blogs.avui.cat\/jaumepubill\/wp-json\/wp\/v2\/categories?post=868"},{"taxonomy":"post_tag","embeddable":true,"href":"https:\/\/blogs.avui.cat\/jaumepubill\/wp-json\/wp\/v2\/tags?post=868"}],"curies":[{"name":"wp","href":"https:\/\/api.w.org\/{rel}","templated":true}]}}