{"id":864,"date":"2010-07-02T20:01:58","date_gmt":"2010-07-02T19:01:58","guid":{"rendered":"http:\/\/blogs.avui.cat\/jaumepubill\/2010\/07\/02\/852787-euros\/"},"modified":"2010-07-02T20:01:58","modified_gmt":"2010-07-02T19:01:58","slug":"852787-euros","status":"publish","type":"post","link":"https:\/\/blogs.avui.cat\/jaumepubill\/2010\/07\/02\/852787-euros\/","title":{"rendered":"852.787 Euros"},"content":{"rendered":"<p><img loading=\"lazy\" decoding=\"async\" align=\"left\" src=\"http:\/\/t0.gstatic.com\/images?q=tbn:iY-oEPSogmBWVM:http:\/\/gua30.files.wordpress.com\/2009\/10\/dinero.jpg\" width=\"160\" height=\"136\" \/> Exactament 852.787 euros \u00e9s el que ha cobrat l&#8217;exdirector general corporatiu del FC Barcelona, Joan Oliver, com a indemnitzaci\u00f3 per haver deixat el c\u00e0rrec un any abans del que&#160; estava previst.<\/p>\n<p>Jo trobo que \u00e9s molt, no? Tant bona feina feia? Tots els bons professionals com ell cobren aquests sous tan alts i, si els acomiaden, pacten aquestes altes indemnitzacions? A mi em sembla que no, encara que no s\u00f3c ent\u00e8s en aquest tipus de coses. Per\u00f2, pel que he pogut escoltar d&#8217; alg\u00fa que s\u00ed que ho \u00e9s d&#8217;ent\u00e8s, no \u00e9s com\u00fa aix\u00f2.<\/p>\n<p>Joan Laporta ha fet moltes coses bones durant el seus anys de president del Bar\u00e7a i les hi reconec clarament. N&#8217;ha fet algunes de molt discutibles i alguna de ben negativa, a parer meu. Aquesta \u00e9s una de les m\u00e9s discutibles i negatives. Ha volgut ser un premi ben gener\u00f3s&#160;&#160;&#160;&#160;&#160;&#160;&#160; -massa gener\u00f3s- a una persona que li ha estat fidel fins a graus extrems. Massa fidel i massa mesell, em sembla. Aquesta indemnitzaci\u00f3 immoral, injusta i incomprensible ara n&#8217;ha estat la recompensa. Jo n&#8217;esperava una altra cosa de Joan Oliver i, per suposat, de Joan Laporta. El que feia l&#8217; Oliver era una feina, per\u00f2 per a un barcelonista hauria d&#8217;haver estat, sobretot, un honor. N&#8217;havia de viure i viure b\u00e9. Per\u00f2 no hi era per abusar del c\u00e0rrec. Aquest pacte ha estat fosc, brut i injust pels socis, que paguen cada mes els seus diners. <\/p>\n<p>&quot;Malgrat que el director general corporatiu havia manifestat la seva voluntat d&#8217;abandonar la seva ocupaci\u00f3 no ha estat una baixa volunt\u00e0ria sin\u00f3 que ha estat negociada i la seva indemnitzaci\u00f3 ha estat de 852.787 euros&quot;, ha dit Freixa, portantveu de la nova junta.<\/p>\n<p>Doncs ja no veieu. De bon barcelonista res de res. De negociant una mica mafi\u00f3s ja for\u00e7a m\u00e9s. S&#8217;han acabat de confirmar rumors que ho deien i que feia temps que corrien, sobretot des dels espionatges personals que havia fet fer a alguns directius. All\u00f2 va ser immoral. Aix\u00f2 d&#8217;ara encara ho \u00e9s m\u00e9s. Quan s&#8217;acabaran aquestes coses? Quan arribar\u00e0 alg\u00fa que sigui una mica transparent. Rosell ho ha prom\u00e8s. Mirarem de recordar-nos de les seves promeses i tant de bo puguem dir que, a m\u00e9s de t\u00edtols, ha recuperat transpar\u00e8ncia.<\/p>\n<p>Des d&#8217;aqu\u00ed, sort a la nova Junta.<\/p>\n<p>&#160;<\/p>\n<div>Etiquetes de Technorati: <a href=\"http:\/\/technorati.com\/tags\/Bar%c3%a7a.+Joan+Laporta\" rel=\"tag\">Bar&#231;a. Joan Laporta<\/a>,<a href=\"http:\/\/technorati.com\/tags\/Joan+Oliver\" rel=\"tag\">Joan Oliver<\/a>,<a href=\"http:\/\/technorati.com\/tags\/%c3%88tica\" rel=\"tag\">&#200;tica<\/a><\/div>\n","protected":false},"excerpt":{"rendered":"<p>Exactament 852.787 euros \u00e9s el que ha cobrat l&#8217;exdirector general corporatiu del FC Barcelona, Joan Oliver, com a indemnitzaci\u00f3 per haver deixat el c\u00e0rrec un any abans del que&#160; estava previst. Jo trobo que \u00e9s molt, no? Tant bona feina feia? Tots els bons professionals com ell cobren aquests sous tan alts i, si els [&hellip;]<\/p>\n","protected":false},"author":214,"featured_media":0,"comment_status":"open","ping_status":"closed","sticky":false,"template":"","format":"standard","meta":{"_jetpack_memberships_contains_paid_content":false,"footnotes":"","jetpack_publicize_message":"","jetpack_publicize_feature_enabled":true,"jetpack_social_post_already_shared":false,"jetpack_social_options":{"image_generator_settings":{"template":"highway","default_image_id":0,"font":"","enabled":false},"version":2}},"categories":[656,2938],"tags":[],"class_list":["post-864","post","type-post","status-publish","format-standard","hentry","category-barca","category-etica-i-moral"],"jetpack_publicize_connections":[],"jetpack_featured_media_url":"","jetpack_shortlink":"https:\/\/wp.me\/pagkjs-dW","jetpack-related-posts":[],"jetpack_sharing_enabled":true,"_links":{"self":[{"href":"https:\/\/blogs.avui.cat\/jaumepubill\/wp-json\/wp\/v2\/posts\/864","targetHints":{"allow":["GET"]}}],"collection":[{"href":"https:\/\/blogs.avui.cat\/jaumepubill\/wp-json\/wp\/v2\/posts"}],"about":[{"href":"https:\/\/blogs.avui.cat\/jaumepubill\/wp-json\/wp\/v2\/types\/post"}],"author":[{"embeddable":true,"href":"https:\/\/blogs.avui.cat\/jaumepubill\/wp-json\/wp\/v2\/users\/214"}],"replies":[{"embeddable":true,"href":"https:\/\/blogs.avui.cat\/jaumepubill\/wp-json\/wp\/v2\/comments?post=864"}],"version-history":[{"count":0,"href":"https:\/\/blogs.avui.cat\/jaumepubill\/wp-json\/wp\/v2\/posts\/864\/revisions"}],"wp:attachment":[{"href":"https:\/\/blogs.avui.cat\/jaumepubill\/wp-json\/wp\/v2\/media?parent=864"}],"wp:term":[{"taxonomy":"category","embeddable":true,"href":"https:\/\/blogs.avui.cat\/jaumepubill\/wp-json\/wp\/v2\/categories?post=864"},{"taxonomy":"post_tag","embeddable":true,"href":"https:\/\/blogs.avui.cat\/jaumepubill\/wp-json\/wp\/v2\/tags?post=864"}],"curies":[{"name":"wp","href":"https:\/\/api.w.org\/{rel}","templated":true}]}}