{"id":831,"date":"2010-06-07T19:56:59","date_gmt":"2010-06-07T18:56:59","guid":{"rendered":"http:\/\/blogs.avui.cat\/jaumepubill\/2010\/06\/07\/4-candidats\/"},"modified":"2010-06-07T19:56:59","modified_gmt":"2010-06-07T18:56:59","slug":"4-candidats","status":"publish","type":"post","link":"https:\/\/blogs.avui.cat\/jaumepubill\/2010\/06\/07\/4-candidats\/","title":{"rendered":"4 candidats."},"content":{"rendered":"<p><b><\/b><i><\/i><\/p>\n<p><em><img data-recalc-dims=\"1\" loading=\"lazy\" decoding=\"async\" align=\"left\" src=\"https:\/\/i0.wp.com\/www.3cat24.cat\/multimedia\/jpg\/8\/3\/1275903211438.jpg?resize=173%2C130\" width=\"173\" height=\"130\" \/><\/em>Aquest mat\u00ed he seguit una mica (no tot) el debat que a Catalunya R\u00e0dio (Cal Fuentes) han protagonitzat els quatre candidats a la presid\u00e8ncia del Bar\u00e7a. Jo no s\u00f3c psic\u00f2leg, ni ent\u00e8s en comunicaci\u00f3, ni publicista, ni estudi\u00f3s dels mitjans de comunicaci\u00f3, ni del llenguatge i del fet de comunicar-se. Per tant, del que dir\u00e9 a continuaci\u00f3 no en feu gens de cas. Segurament que dir\u00e9 molts disbarats i, si voleu, corregiu-me. Simplement \u00e9s la meva percepci\u00f3.<\/p>\n<p>D&#8217;aquest debat n&#8217;he tret unes quantes conclusions personals que, si fos soci i pogu\u00e9s votar, m&#8217;haurien ajudat for\u00e7a a decidir. Cadasc\u00fa ja s&#8217;ha retratat tal com \u00e9s i poca cosa m\u00e9s ens aportaran els pr\u00f2xims debats que faran fins al dia de les eleccions. Per a mi, se&#8217;ls podrien estalviar.<\/p>\n<p>La primera conclusi\u00f3 que n&#8217;he tret \u00e9s que el Sr Ingla \u00e9s un mal educat i un manipulador. Tenia un to acusador i manipulador que no li corresponia. Ell no era el moderador i no li pertocava el trist paper que estava fent. Manejava de forma fraudulenta la conversa. Atacava sense arguments. No escoltava. Reafirmava coses que el contrari li negava. En fi, que nom\u00e9s amb aix\u00f2 sol&#160; jo no votaria el Sr Ingla de cap de les maneres perqu\u00e8 una de les pitjors coses que pot tenir un president del Bar\u00e7a \u00e9s el fet de ser manipulador. El Bar\u00e7a pertany als socis i seguidors i &quot;al soci no se&#8217;l pot enganyar&quot;, que deia aquell.<\/p>\n<p>La manipulaci\u00f3 \u00e9s un tema greu perqu\u00e8 \u00e9s molt trist sentir-se titella en mans d&#8217;una persona. El manipulador \u00e9s intimidador, agressiu, descontrolat, autocr\u00e0tic, superb, la major part de les vegades no t\u00e9 arguments i s&#8217;imposa per la for\u00e7a, per l&#8217;agressivitat i pel to de veu cada cop m\u00e9s elevat. Per a mi el Sr Ingla \u00e9s el retrat del manipulador i que es preparessin els membres de la seva Junta directiva&#8230;<\/p>\n<p>L&#8217;estrat\u00e8gia m\u00e9s efica\u00e7 per enfrontar? No enfrontar-lo; fer cas om\u00eds dels seus requeriments o postergar per a un altre moment la discussi\u00f3 (sempre que es pugui). Aix\u00f2 \u00e9s el que procurava fer el Sr Rosell: no fer-li massa cas i mirar d&#8217;explicar-se. Per\u00f2 era bastant in\u00fatil perqu\u00e8 no l&#8217;escoltava. <\/p>\n<p>Els altres dos candidats m&#8217;han semblat persones educades, que sabien i podien parlar dels seus projectes i que exposaven els seus arguments amb naturalitat i for\u00e7a convenciment. El Sr Benedito m&#8217;ha semblat qui m\u00e9s obertament i amb m\u00e9s claredat exposava els seus arguments i qui parlava amb m\u00e9s brillantor. El Sr Ferrer trobo que \u00e9s una persona massa apagada i que no \u00e9s m\u00e9s que &quot;la veu del seu amo&quot;. <\/p>\n<p>Com a conclusi\u00f3 final: no sabria potser encara a qui votar. Per\u00f2 s\u00ed que tindria clar a qui no votar. Dels programes, promeses i xifres no en parlo perqu\u00e8 despr\u00e9s tots faran el que bonament podran i no crec que les difer\u00e8ncies entre uns i altres fossin massa grans. Per\u00f2 s\u00ed que m&#8217;agradaria que el meu Bar\u00e7a tingu\u00e9s una persona educada, tranquil\u00b7la, noble i sincera i que pogu\u00e9s anar per tot arreu com un senyor, donant una bona imatge de la instituci\u00f3..   <\/p>\n<div>Etiquetes de Technorati: <a href=\"http:\/\/technorati.com\/tags\/Bar%c3%a7a\" rel=\"tag\">Bar&#231;a<\/a><\/div>\n","protected":false},"excerpt":{"rendered":"<p>Aquest mat\u00ed he seguit una mica (no tot) el debat que a Catalunya R\u00e0dio (Cal Fuentes) han protagonitzat els quatre candidats a la presid\u00e8ncia del Bar\u00e7a. Jo no s\u00f3c psic\u00f2leg, ni ent\u00e8s en comunicaci\u00f3, ni publicista, ni estudi\u00f3s dels mitjans de comunicaci\u00f3, ni del llenguatge i del fet de comunicar-se. Per tant, del que dir\u00e9 [&hellip;]<\/p>\n","protected":false},"author":214,"featured_media":0,"comment_status":"open","ping_status":"closed","sticky":false,"template":"","format":"standard","meta":{"_jetpack_memberships_contains_paid_content":false,"footnotes":"","jetpack_publicize_message":"","jetpack_publicize_feature_enabled":true,"jetpack_social_post_already_shared":false,"jetpack_social_options":{"image_generator_settings":{"template":"highway","default_image_id":0,"font":"","enabled":false},"version":2}},"categories":[656],"tags":[],"class_list":["post-831","post","type-post","status-publish","format-standard","hentry","category-barca"],"jetpack_publicize_connections":[],"jetpack_featured_media_url":"","jetpack_shortlink":"https:\/\/wp.me\/pagkjs-dp","jetpack-related-posts":[],"jetpack_sharing_enabled":true,"_links":{"self":[{"href":"https:\/\/blogs.avui.cat\/jaumepubill\/wp-json\/wp\/v2\/posts\/831","targetHints":{"allow":["GET"]}}],"collection":[{"href":"https:\/\/blogs.avui.cat\/jaumepubill\/wp-json\/wp\/v2\/posts"}],"about":[{"href":"https:\/\/blogs.avui.cat\/jaumepubill\/wp-json\/wp\/v2\/types\/post"}],"author":[{"embeddable":true,"href":"https:\/\/blogs.avui.cat\/jaumepubill\/wp-json\/wp\/v2\/users\/214"}],"replies":[{"embeddable":true,"href":"https:\/\/blogs.avui.cat\/jaumepubill\/wp-json\/wp\/v2\/comments?post=831"}],"version-history":[{"count":0,"href":"https:\/\/blogs.avui.cat\/jaumepubill\/wp-json\/wp\/v2\/posts\/831\/revisions"}],"wp:attachment":[{"href":"https:\/\/blogs.avui.cat\/jaumepubill\/wp-json\/wp\/v2\/media?parent=831"}],"wp:term":[{"taxonomy":"category","embeddable":true,"href":"https:\/\/blogs.avui.cat\/jaumepubill\/wp-json\/wp\/v2\/categories?post=831"},{"taxonomy":"post_tag","embeddable":true,"href":"https:\/\/blogs.avui.cat\/jaumepubill\/wp-json\/wp\/v2\/tags?post=831"}],"curies":[{"name":"wp","href":"https:\/\/api.w.org\/{rel}","templated":true}]}}