{"id":820,"date":"2010-05-26T20:52:54","date_gmt":"2010-05-26T19:52:54","guid":{"rendered":"http:\/\/blogs.avui.cat\/jaumepubill\/2010\/05\/26\/bcul-o-capa\/"},"modified":"2010-05-26T20:52:54","modified_gmt":"2010-05-26T19:52:54","slug":"bcul-o-capa","status":"publish","type":"post","link":"https:\/\/blogs.avui.cat\/jaumepubill\/2010\/05\/26\/bcul-o-capa\/","title":{"rendered":"B&agrave;cul o capa?"},"content":{"rendered":"<p><img data-recalc-dims=\"1\" loading=\"lazy\" decoding=\"async\" src=\"https:\/\/i0.wp.com\/www.prelaziasaofelixdoaraguaia.org.br\/Nova%20pasta\/Pedro%20Casaldaliga.jpg?resize=211%2C148\" width=\"211\" height=\"148\" \/> Seguint amb el tema d&#8217;ahir que parl\u00e0vem de Moss\u00e8n&#160; Antoni Vi\u00f1as i de com de malament havia acabat la seva hist\u00f2ria, avui volia reflexionar una mica sobre els bisbes i el simbolisme dels seus signes externs que s&#8217;han anat acumulant al llarg de la hist\u00f2ria. Han quedat m\u00e9s els signes que demostren poder -com el b\u00e0cul-que els que demostren acollida -com la capa-. <\/p>\n<p>En primer lloc em crida l&#8217;atenci\u00f3 que encara es conservin (i fins i tot augmentin) els tradicionals s\u00edmbols de poder episcopal com s\u00f3n el b\u00e0cul i la mitra. Recordo que el Bisbe Pere Casald\u00e0liga, en una entrevista que li van fer una vegada, deia que no eren signes i s\u00edmbols evang\u00e8lics. Ell deia que mai els havia fet servir perqu\u00e8 estan vinculats a status i seria m\u00e9s l\u00f2gic prescindir d&#8217;escut, de mitra, de b\u00e0cul i celebrar les eucaristies amb simplicitat i que tota aquesta simbologia no feia gens de b\u00e9 a l&#8217;esgl\u00e9sia.<\/p>\n<p>T\u00e9 una poesia molt bonica sobre aix\u00f2, que la va escriure quan el van fer bisbe i va voler que els seu b\u00e0cul fos un rem i la seva mitra un barret &quot;sartanejo&quot;(dels pagesos d&#8217;all\u00e0):<\/p>\n<p>&#160;<\/p>\n<p align=\"center\"><strong>&#160;&#160; TU MITRA<\/strong><\/p>\n<p align=\"center\">ser\u00e1 un sombrero de paja sartanejos;<\/p>\n<p align=\"center\">el sol y la luna;<\/p>\n<p align=\"center\">la lluvia y el sereno;<\/p>\n<p align=\"center\">el pisar de los pobres con quien caminas<\/p>\n<p align=\"center\">y el pisar&#160; glorioso de Cristo, el Se\u00f1or.<\/p>\n<p align=\"center\">&#160;&#160;&#160;&#160; <strong>TU B\u00c1CULO<\/strong><\/p>\n<p align=\"center\">ser\u00e1 la verdad del Evangelio<\/p>\n<p align=\"center\">y la confianza de tu pueblo en ti.<\/p>\n<p align=\"center\">&#160;&#160;&#160;&#160; <strong>TU ANILLO<\/strong><\/p>\n<p align=\"center\">ser\u00e1 la fidelidad a la Nueva Alianza del Dios Liberador<\/p>\n<p align=\"center\">y la fidelidad al pueblo de esta tierra.<\/p>\n<p align=\"center\">&#160;&#160;&#160;&#160;&#160;&#160;&#160;&#160;&#160;&#160;&#160;&#160;&#160;&#160;&#160;&#160;&#160;&#160;&#160; No tendr\u00e1s otro <strong>ESCUDO<\/strong><\/p>\n<p align=\"center\">que la fuerza de la Esperanza<\/p>\n<p align=\"center\">y la liberdad de los hijos de Dios.<\/p>\n<p align=\"center\">&#160;&#160;&#160;&#160;&#160;&#160;&#160;&#160;&#160;&#160;&#160;&#160;&#160;&#160;&#160;&#160;&#160;&#160;&#160; No usar\u00e1s otros <strong>GUANTES<\/strong><\/p>\n<p align=\"center\">que el servicio del Amor.<\/p>\n<p align=\"left\">\u00c9s justament en aquest sentit que caldria veure les actuacions de molts bisbes, que s\u00f3n el paradigma de com \u00e9s el funcionament de la jerarquia de l&#8217;esgl\u00e9sia, que \u00e9s una estructura totalment piramidal i sense gaire capacitat d&#8217;escoltar al &quot;poble de D\u00e9u&quot; ni els vents d&#8217;igualtat, de fraternitat, de democr\u00e0cia que bufen al m\u00f3n actual. I cada dia hi caben menys dins de l&#8217;esgl\u00e9sia persones lliures, prof\u00e8tiques i potser massa originals (perqu\u00e8 criden massa l&#8217;atenci\u00f3 i surten dels esquemes establerts) com Moss\u00e8n Vi\u00f1as, Casald\u00e0liga o gent prou lliure d&#8217;esperit i de llengua per dir i fer el que creuen convenient. <\/p>\n<p>Aprofito un article ( molt dur, jo us aviso) de <strong>Jos\u00e9 Mar\u00eda Castillo<\/strong>, un bon te\u00f2leg granad\u00ed, que parla del nomenament dels bisbes de part de Roma . Diu que que el que interessa \u00e9s mantenir, costi el que costi, la mentalitat submisa. Per aix\u00f2 es nomenen els bisbes que es nomenen: homes incondicionalment obedients a Roma, ja que no poden fer de bisbes sin\u00f3 &quot;en comuni\u00f3 jer\u00e0rquica amb el cap i amb els membres del Col.legi&quot; (episcopal) (C\u00e0n. 375). <\/p>\n<p>Aix\u00f2 es justifica perqu\u00e8 l&#8217;obedi\u00e8ncia es considera indispensable per mantenir la unitat. El que en realitat es pret\u00e9n, per\u00f2, \u00e9s assegurar la submissi\u00f3, en un r\u00e8gim que funciona sobre la base de l&#8217;exaltaci\u00f3 del poder papal. D&#8217;on resulta inevitablement que l&#8217;Esgl\u00e9sia cat\u00f2lica funciona com una fabulosa instituci\u00f3 repressiva. Es reprimeix el pensament mitjan\u00e7ant els dogmes. Es reprimeix la llibertat mitjan\u00e7ant l&#8217;obedi\u00e8ncia. Es reprimeix l&#8217;amor i les relacions humanes mitjan\u00e7ant el celibat, el vot de castedat, la moral sexual, amb l&#8217;efica\u00e7 col.laboraci\u00f3 dels predicadors, els confessors i els directors espirituals. Tot aix\u00f2 no es diu mai, tal com ho estic dient aqu\u00ed. Perqu\u00e8 una instituci\u00f3 repressiva, per poder funcionar, ha de ser evidentment &quot;una gran m\u00e0quina de dissimular la veritat&quot;, a base de proposar sempre coses sublims, en lloc de presentar la realitat del desig m\u00e9s clamor\u00f3s que brolla de la nostra intimitat profunda (cf. Pierre Legendre).<\/p>\n<p>Ara b\u00e9, tot aix\u00f2 comporta una conseq\u00fc\u00e8ncia terrible: perqu\u00e8 un sistema aix\u00ed, funcioni b\u00e9, calen governants que, ells al seu torn, siguin aut\u00e8ntics esclaus. Perqu\u00e8, com s&#8217;ha dit encertadament, &quot;nom\u00e9s els esclaus s\u00f3n aptes per a la repressi\u00f3&quot;. Com se sap, els atenencs nom\u00e9s empraven a esclaus per a fer de policies. Qui practica la repressi\u00f3 com a ofici ha de ser ell mateix un repressor exemplar. Aquesta \u00e9s la causa profunda que l&#8217;obedi\u00e8ncia cega i els exercicis absurds d&#8217;instrucci\u00f3 exerceixin un paper tan important en l&#8217;ex\u00e8rcit i en la policia. D&#8217;aqu\u00ed tamb\u00e9 que, com se sap, entre els vigilants m\u00e9s fidels i segurs dels camps de concentraci\u00f3 nazis hi havia els propis presoners (cf. Vicente Rom\u00e0).<\/p>\n<p><a href=\"http:\/\/josemariacastillo.blogspot.com\/2009\/12\/los-nombramientos-episcopales-como.html\">http:\/\/josemariacastillo.blogspot.com\/2009\/12\/los-nombramientos-episcopales-como.html<\/a><\/p>\n<div>Etiquetes de Technorati: <a href=\"http:\/\/technorati.com\/tags\/Esgl%c3%a9sia\" rel=\"tag\">Esgl&#233;sia<\/a><\/div>\n","protected":false},"excerpt":{"rendered":"<p>Seguint amb el tema d&#8217;ahir que parl\u00e0vem de Moss\u00e8n&#160; Antoni Vi\u00f1as i de com de malament havia acabat la seva hist\u00f2ria, avui volia reflexionar una mica sobre els bisbes i el simbolisme dels seus signes externs que s&#8217;han anat acumulant al llarg de la hist\u00f2ria. Han quedat m\u00e9s els signes que demostren poder -com el [&hellip;]<\/p>\n","protected":false},"author":214,"featured_media":0,"comment_status":"open","ping_status":"closed","sticky":false,"template":"","format":"standard","meta":{"_jetpack_memberships_contains_paid_content":false,"footnotes":"","jetpack_publicize_message":"","jetpack_publicize_feature_enabled":true,"jetpack_social_post_already_shared":false,"jetpack_social_options":{"image_generator_settings":{"template":"highway","default_image_id":0,"font":"","enabled":false},"version":2}},"categories":[77],"tags":[],"class_list":["post-820","post","type-post","status-publish","format-standard","hentry","category-esglesia"],"jetpack_publicize_connections":[],"jetpack_featured_media_url":"","jetpack_shortlink":"https:\/\/wp.me\/pagkjs-de","jetpack-related-posts":[],"jetpack_sharing_enabled":true,"_links":{"self":[{"href":"https:\/\/blogs.avui.cat\/jaumepubill\/wp-json\/wp\/v2\/posts\/820","targetHints":{"allow":["GET"]}}],"collection":[{"href":"https:\/\/blogs.avui.cat\/jaumepubill\/wp-json\/wp\/v2\/posts"}],"about":[{"href":"https:\/\/blogs.avui.cat\/jaumepubill\/wp-json\/wp\/v2\/types\/post"}],"author":[{"embeddable":true,"href":"https:\/\/blogs.avui.cat\/jaumepubill\/wp-json\/wp\/v2\/users\/214"}],"replies":[{"embeddable":true,"href":"https:\/\/blogs.avui.cat\/jaumepubill\/wp-json\/wp\/v2\/comments?post=820"}],"version-history":[{"count":0,"href":"https:\/\/blogs.avui.cat\/jaumepubill\/wp-json\/wp\/v2\/posts\/820\/revisions"}],"wp:attachment":[{"href":"https:\/\/blogs.avui.cat\/jaumepubill\/wp-json\/wp\/v2\/media?parent=820"}],"wp:term":[{"taxonomy":"category","embeddable":true,"href":"https:\/\/blogs.avui.cat\/jaumepubill\/wp-json\/wp\/v2\/categories?post=820"},{"taxonomy":"post_tag","embeddable":true,"href":"https:\/\/blogs.avui.cat\/jaumepubill\/wp-json\/wp\/v2\/tags?post=820"}],"curies":[{"name":"wp","href":"https:\/\/api.w.org\/{rel}","templated":true}]}}