{"id":798,"date":"2010-05-10T19:18:33","date_gmt":"2010-05-10T18:18:33","guid":{"rendered":"http:\/\/blogs.avui.cat\/jaumepubill\/2010\/05\/10\/la-juana-mi-abuela\/"},"modified":"2010-05-10T19:18:33","modified_gmt":"2010-05-10T18:18:33","slug":"la-juana-mi-abuela","status":"publish","type":"post","link":"https:\/\/blogs.avui.cat\/jaumepubill\/2010\/05\/10\/la-juana-mi-abuela\/","title":{"rendered":"La Juana, mi abuela"},"content":{"rendered":"<p><a href=\"https:\/\/i0.wp.com\/blogs.avui.cat\/jaumepubill\/files\/2010\/05\/lajuana.jpg\"><img data-recalc-dims=\"1\" loading=\"lazy\" decoding=\"async\" border=\"0\" alt=\"La Juana\" align=\"left\" src=\"https:\/\/i0.wp.com\/blogs.avui.cat\/jaumepubill\/files\/2010\/05\/lajuana-thumb.jpg?resize=197%2C270\" width=\"197\" height=\"270\" \/><\/a>Aquest text no \u00e9s meu. \u00c9s d&#8217;un noi amic meu que el va escriure per a la seva \u00e0via Juana, a qui jo conec molt b\u00e9 i a qui tamb\u00e9 estimo molt. La Juana ja ha fet 90 anys i va lleugera com una daina i conserva un bon humor i un esperit extraordinaris.&#160; <\/p>\n<p>Aquest text respira estima i tendresa per tots costats i fa un retrat perfecte -us ho ben asseguro- de l&#8217;\u00e0via . B\u00e9, un retrat millorat per l&#8217;amor, que \u00e9s el millor retrat que pot haver-hi.<\/p>\n<p>La Juana va n\u00e9ixer, va cr\u00e9ixer i ha viscut tota la vida a Colmenar de Oreja (Madrid). Sempre que he anat a visita els seus fills, de qui s\u00f3c amic d&#8217;anys, tamb\u00e9 l&#8217;he visitat a ella i sempre m&#8217;ha obert de bat a bat les portes de casa seva i les portes del seu cor. Un cor gran com casa seva. Ella \u00e9s una dona extraordin\u00e0ria, aix\u00ed com ho \u00e9s tota la seva fam\u00edlia.<\/p>\n<p>Jo tamb\u00e9 m&#8217;estimo la Juana i m&#8217;hauria agradat escriure i descriure tant b\u00e9 com ho fa el seu n\u00e9t aquest gran dona. Com que no ho sabria fer millor, us deixo el text del seu n\u00e9t Jes\u00fas <\/p>\n<p><strong><u>\u201cLa Juana, mi Abuela\u201d<\/u><\/strong><\/p>\n<p>Mi Abuela Juana tiene las manos peque\u00f1as, y mueve los dedos graciosos cuando busca la pimienta en la cocina.<\/p>\n<p>Ninguno entendemos bien c\u00f3mo ve, y c\u00f3mo hace para o\u00edr s\u00f3lo lo que quiere. Se le acerca la cara a los extra\u00f1os, y parece que les besa, para mirar de qui\u00e9n son, o c\u00f3mo son, y pensar en si recuerda.<\/p>\n<p>Mi Abuela Juana nunca miente, pero saluda al que habla en el poyete del callej\u00f3n, como lleva haciendo siempre y que yo s\u00e9 que no conoce.<\/p>\n<p>No le tiene ning\u00fan miedo a la muerte, a la que espera cada d\u00eda, deseosa de irse ya con su marido, pero, sin embargo, y a diferencia de muchos j\u00f3venes, disfruta de la gloria de la vida sencilla, de si hace sol, de una buena lluvia, de sus vasos de leche, de sus pechugas de pollo y de su yogurt natural.<\/p>\n<p>Mi Abuela Juana no le teme al aceite hirviendo, no le importa quemarse, y rebusca con deditos gastados la croqueta para girarla, y acerca la cara a un palmo de la sart\u00e9n, para ver bien lo que hace, porque tiene \u201cuna mancha blanca, as\u00ed como borrosa, que no la deja\u201d.<\/p>\n<p>Habla sin parar, La Juana, y recuerda todo el rato\u2026 cada medio minuto deja caer una frase referente a \u201cla Julita\u201d, o a \u201cMadre\u201d o a lo bueno que es su hijo o lo era su marido.<\/p>\n<p>Tiene expresiones mi Abuela que ya no se usan en el pueblo, como \u201cna mueles\u201d o \u201caviarse\u201d, como \u201cgal\u00e1n m\u00edo\u201d o \u201ca compral\u201d, y divierte a cualquiera que la preste diez segundos.<\/p>\n<p>Cuando se r\u00ede es joven la Juana, la \u201cZurdeque\u201d, y estoy seguro de que lo hace cada d\u00eda.<\/p>\n<p>Que contenta se pone si la voy a visitar y qu\u00e9 r\u00e1pido cuelga el tel\u00e9fono si la llamo porque sabe \u201cque esto corre\u201d y no est\u00e1 la vida \u201cpa gastal\u201d, aunque le llame de \u201cmu largo\u201d me oye bien y me grita: \u201chala pos tu ten cuidaito que yo estoy mu bien\u201d y te deja la palabra en la boca y yo me quedo habl\u00e1ndole un rato, dentro de m\u00ed, como hace ella y le digo que la quiero y que pronto pasar\u00e9 a verla\u2026<\/p>\n<p>Ha decidido mi Abuela en los noventa, pasar una segunda adolescencia, y desobedecer a mi t\u00eda en las pastillas y quedar en su casa con las amigas, algunas de ocho a\u00f1os y otras de noventa y cinco, para pasar largas tardes divertidas en silencio, dejando, de vez en cuando, caer alguna frase-pincelada, que le da un extra\u00f1o car\u00e1cter de di\u00e1logo al m\u00e1gico momento.<\/p>\n<p>No se deja nada en el plato. Ni en el suyo, ni en el bol de la ensalada\u2026 y repasa con el pan sobrante todo el aceite que queda, y los trozos de lechuga se los come ya sin ganas, depu\u00e9s de haberla oido decir, \u201cUUUUUUh! Ya no quiero m\u00e1s eh?\u201d varias veces.<\/p>\n<p>Tiene dos hijos mi Abuela, que deber\u00edan ser 4, y nos cuenta con penita la Juanita que perdi\u00f3, que nos perdimos. Eran siete hermanos, \u201ct\u00f3s mu buenos\u201d sobre todo un tal \u201cConstan\u201d al que nombra con algo especial en la voz y en la mirada, algo m\u00e1s manchada.<\/p>\n<p>Cinco nietos que quiere m\u00e1s que a su vida, y de eso no tengo duda, y biznietos que mir\u00e1ndoles a su lado, les saca parecidos de barbilla o de expresi\u00f3n a alg\u00fan otro familiar.<\/p>\n<p>La quiero mucho a la Juana, y aprendo mucho de ella, del como de la bondad y del fondo de la humildad y de la vida sencilla, del valor de la familia, de sus cosas y del hogar.<\/p>\n<p>Le gusta lavar a mano, como lo hizo toda su vida y come en platos de porcelana vieja, blancos con el borde azul o rojo y bebe agua del grifo, que \u201cahora si est\u00e1 g\u00fcena\u201d en vasos que le dieron con la nocilla.<\/p>\n<p>En su casa hay un portal, una alcoba y un patio. Una c\u00e1mara y unas escaleras por las que se cay\u00f3 su madre. Un cuarto que lleva ah\u00ed ni se sabe y un espejo al que nunca se mir\u00f3, porque lo habr\u00e1 colgado mi abuelo, que era bastante m\u00e1s alto. En el patio se hechan de menos los tiestos, el corral y el gran almendro. La ropa tendida en la puerta del porche, donde colgaban los melones del techo. En la puerta de la cueva, donde esperan las tinajas, recordando el ruido de las bombas de la guerra, hay apiladas unas cuantas herramientas de herrador.<\/p>\n<p>Tantas historias olvid\u00f3 la Juana\u2026 y ahora simplemente forman parte de ella. Yo me quedo con sus besos, con sus manos arrugadas, y con su grito de sorpresa cuando me ve paras la puerta. Me est\u00e1 esperando y a la distancia, sentada junto a la ventana me reconoce y se levanta casi de un salto, con la sonrisa puesta. \u201cQue te hago de comer\u201d, es lo primero que pregunta\u2026<\/p>\n<p>Esa es mi Abuela, Juana Garc\u00eda Garc\u00eda\u2026 (dec\u00eda)\u2026)<\/p>\n<p>No me hace falta que se vaya, para por fin saber, que era esa (y sigue y seguir\u00e1 siendo) la magia, la chispa, el arte y la sombra del arte de su amor, esa persona que tanto y tanto nos impresion\u00f3\u2026 y la que me dej\u00f3 alucinado para toda mi vida\u2026 cada d\u00eda lo entiendo mejor.<\/p>\n<p>Una pareja que, sin pretensiones, nos dej\u00f3 la historia de amor m\u00e1s sincera e incre\u00edble de la familia. Personas como mi abuela, hacen que uno crea en el ser humano, en la bondad, y en la humildad de los corazones bien cuidados. Hasta en el amor verdadero uno cree si la conoce\u2026<\/p>\n<p>No recuerdo verla nunca enfadada, ni rechistando, ni quej\u00e1ndose de la comida, o de si llegar tarde o de si pones los pies en el sill\u00f3n. Le encanta vernos comer, y que durmamos hasta tarde. Se ha ganado a pulso, d\u00eda a d\u00eda (que son muchos), el cari\u00f1o y el respeto extraordinario de todos los que \u201cquedamos\u201d.<\/p>\n<p>Me gustar\u00eda saber, si alg\u00fan d\u00eda yo tendr\u00e9 nietos, para contarles quienes eran Jos\u00e9 y la Juana.<\/p>\n<p>Para entretenerles con trabaluengas y canciones y contarles historias de mis viajes y de mi vida\u2026<\/p>\n<p>S\u00f3lo haberles conocido me hace sentir agradecido cada d\u00eda que les miro, en mi mirada, en mis manos, en mis pensamientos\u2026 y me siento orgulloso cuando pienso que han conseguido hacer de m\u00ed una buena persona.<\/p>\n<p>Muchas veces me pregunto Qui\u00e9n ser\u00e1 la Juana que les har\u00e1 croquetas, y natillas a mis nietos, y se encargar\u00e1 de quererme siempre?.<\/p>\n<p>De la misma manera que cambi\u00e9 el \u201cte echar\u00e9 de menos\u201d por un \u201cte llevar\u00e9 siempre conmigo\u201d cuando el abuelo nos dej\u00f3, pensaremos todos en nuestra Juanita cuando cierre los ojos\u2026 y deje de vernos crecer.<\/p>\n<p>Hasta para eso son humildes mis abuelos, que TODO se merecen.<\/p>\n<p>Me resulta dif\u00edcil transformar esa humildad infinita en potencia y ganas de dedicarle algo grande, porque s\u00e9 que prefiere que me lo quede para m\u00ed, que m\u00e1s falta me va a hacer\u2026 pero esta noche, cuando enciendan los focos del teatro, y me toque justificar la magia que he heredado, la mirar\u00e9, como hago siempre, en mis manos y en mis ojos y respirar\u00e9 profundo en su garganta, para convertir en miles de aplausos este ansia que me han dejado de querer ser feliz y demostrar al mundo de la pasta que estoy hecho.<\/p>\n<p>JESUS FORNIES DIAZ<\/p>\n<\/p>\n<div>Etiquetes de Technorati: <a href=\"http:\/\/technorati.com\/tags\/Avis\" rel=\"tag\">Avis<\/a>,<a href=\"http:\/\/technorati.com\/tags\/Fam%c3%adlia\" rel=\"tag\">Fam&#237;lia<\/a>,<a href=\"http:\/\/technorati.com\/tags\/Felicitat\" rel=\"tag\">Felicitat<\/a>,<a href=\"http:\/\/technorati.com\/tags\/Maternitat%2fpaternitat\" rel=\"tag\">Maternitat\/paternitat<\/a>,<a href=\"http:\/\/technorati.com\/tags\/Relacions+humanes\" rel=\"tag\">Relacions humanes<\/a>,<a href=\"http:\/\/technorati.com\/tags\/Afecte\" rel=\"tag\">Afecte<\/a><\/div>\n","protected":false},"excerpt":{"rendered":"<p>Aquest text no \u00e9s meu. \u00c9s d&#8217;un noi amic meu que el va escriure per a la seva \u00e0via Juana, a qui jo conec molt b\u00e9 i a qui tamb\u00e9 estimo molt. La Juana ja ha fet 90 anys i va lleugera com una daina i conserva un bon humor i un esperit extraordinaris.&#160; Aquest [&hellip;]<\/p>\n","protected":false},"author":214,"featured_media":0,"comment_status":"open","ping_status":"closed","sticky":false,"template":"","format":"standard","meta":{"_jetpack_memberships_contains_paid_content":false,"footnotes":"","jetpack_publicize_message":"","jetpack_publicize_feature_enabled":true,"jetpack_social_post_already_shared":false,"jetpack_social_options":{"image_generator_settings":{"template":"highway","default_image_id":0,"font":"","enabled":false},"version":2}},"categories":[4888,4643,4416,5009],"tags":[],"class_list":["post-798","post","type-post","status-publish","format-standard","hentry","category-familia-societat","category-felicitat","category-maternitatpaternitat","category-relacions-humanes"],"jetpack_publicize_connections":[],"jetpack_featured_media_url":"","jetpack_shortlink":"https:\/\/wp.me\/pagkjs-cS","jetpack-related-posts":[],"jetpack_sharing_enabled":true,"_links":{"self":[{"href":"https:\/\/blogs.avui.cat\/jaumepubill\/wp-json\/wp\/v2\/posts\/798","targetHints":{"allow":["GET"]}}],"collection":[{"href":"https:\/\/blogs.avui.cat\/jaumepubill\/wp-json\/wp\/v2\/posts"}],"about":[{"href":"https:\/\/blogs.avui.cat\/jaumepubill\/wp-json\/wp\/v2\/types\/post"}],"author":[{"embeddable":true,"href":"https:\/\/blogs.avui.cat\/jaumepubill\/wp-json\/wp\/v2\/users\/214"}],"replies":[{"embeddable":true,"href":"https:\/\/blogs.avui.cat\/jaumepubill\/wp-json\/wp\/v2\/comments?post=798"}],"version-history":[{"count":0,"href":"https:\/\/blogs.avui.cat\/jaumepubill\/wp-json\/wp\/v2\/posts\/798\/revisions"}],"wp:attachment":[{"href":"https:\/\/blogs.avui.cat\/jaumepubill\/wp-json\/wp\/v2\/media?parent=798"}],"wp:term":[{"taxonomy":"category","embeddable":true,"href":"https:\/\/blogs.avui.cat\/jaumepubill\/wp-json\/wp\/v2\/categories?post=798"},{"taxonomy":"post_tag","embeddable":true,"href":"https:\/\/blogs.avui.cat\/jaumepubill\/wp-json\/wp\/v2\/tags?post=798"}],"curies":[{"name":"wp","href":"https:\/\/api.w.org\/{rel}","templated":true}]}}