{"id":7316,"date":"2021-12-06T11:42:45","date_gmt":"2021-12-06T10:42:45","guid":{"rendered":"https:\/\/blogs.avui.cat\/jaumepubill\/?p=7316"},"modified":"2021-12-06T11:42:45","modified_gmt":"2021-12-06T10:42:45","slug":"orelleres-pinganillos","status":"publish","type":"post","link":"https:\/\/blogs.avui.cat\/jaumepubill\/2021\/12\/06\/orelleres-pinganillos\/","title":{"rendered":"ORELLERES (pinganillos)"},"content":{"rendered":"<p><img data-recalc-dims=\"1\" loading=\"lazy\" decoding=\"async\" class=\"alignnone \" src=\"https:\/\/i0.wp.com\/pbs.twimg.com\/profile_images\/1369975667106922496\/Y0NuuENf_400x400.jpg?resize=303%2C303&#038;ssl=1\" width=\"303\" height=\"303\" \/><\/p>\n<p>Acostumo a mirar el FAQS, el programa de TV3 dels dissabtes a la nit. Cada cop, per\u00f2, el trobo m\u00e9s intranscendent, a estones molt m\u00e9s avorrit, poc \u00e0gil, repetitiu i sovint ens regala sorpreses molt desagradables, tal com va passar en el darrer programa amb Juan Jos\u00e9 Mill\u00e0s i el fet que la Cristina Puig deman\u00e9s als periodistes que fessin les preguntes en castell\u00e0 perqu\u00e8 deia que no entenia el catal\u00e0. Juan Jos\u00e9 Mill\u00e0s pot ser molt bon periodista i escriu molt b\u00e9, per\u00f2 tan incapa\u00e7 \u00e9s d\u2019entendre el catal\u00e0 que tots li has de parlar en castell\u00e0? Jo estic fent classes de catal\u00e0 a una nena peruana que fa escassos sis mesos que ha arribat del Per\u00fa i ja ho ent\u00e9n quasi tot&#8230; Ser\u00e0 que per alguns no \u00e9s incapacitat sin\u00f3 desinter\u00e8s total?<\/p>\n<p>No fa molt, ja vam tenir el \u00abregal\u00bb en aquest mateix programa de la impresentable Cayetana \u00c1lvarez de Toledo, que es va queixar que li havien ofert unes orelleres (pinganillos) per si necessitava traducci\u00f3 simult\u00e0nia. Va rebutjar-los tota ofesa i es va queixar que a Espanya s\u2019hagu\u00e9s de fer servir aquest aparell, tenint com tenim una llengua comuna, que naturalment \u00e9s el castell\u00e0, deia ella. Vam haver d\u2019aguantar coses molt gruixudes de la senyora marquesa de Casa Fuerte, per\u00f2 ella no va necessitar traductor perqu\u00e8 va dir que entenia el catal\u00e0 i tothom va seguir fent-lo servir sense cap problema. En canvi, aquest dissabte els periodistes van haver de canviar de llengua perqu\u00e8 aquest gran \u00abintel\u00b7lectual\u00bb (a qui la periodista de La Vanguardia no el podia ensabonar m\u00e9s, ni li podia llepar m\u00e9s el cul) es veu que era incapa\u00e7 d\u2019entendre el catal\u00e0 i no s\u00e9 exactament per qu\u00e8 no va fer servir unes pr\u00e0ctiques orelleres, com les que fan servir molts dels convidats forasters que venen al programa. M\u2019agradaria saber si les hi van oferir i les va rebutjar o si ara ja directament haurem d\u2019escoltar el castell\u00e0 tota l\u2019estona quan ens arribi un convidat castell\u00e0 que digui que no ent\u00e9n el catal\u00e0.<\/p>\n<p>El tema de la llengua s\u2019ha tornat a posar d\u2019actualitat darrerament perqu\u00e8 ens tornen a assetjar per totes bandes i, si badem, ens trobarem que aviat ja no podrem parlar la nostra llengua ni a casa nostra i l\u2019haurem de guardar en un calaix i venerar-la de tant en tant com una rel\u00edquia del passat. En una televisi\u00f3 p\u00fablica catalana el tema de la llengua s\u2019hauria de cuidar una mica m\u00e9s i si alg\u00fa no vol venir perqu\u00e8 no accepta que es parli catal\u00e0 en un plat\u00f3, cap problema; hi deu haver molta gent prou capacitada per substituir-los i, com a darrer recurs, sempre hi ha les orelleres, que no s\u00f3n pas les orelleres que feien servir els rucs abans.<\/p>\n<p>I un altre tema relacionat amb aquest \u00e9s el de la poca sensibilitat que trobo en una gran part d\u2019aix\u00f2 que en diem \u00abintel\u00b7lectualitat\u00bb espanyola amb les altres lleng\u00fces que no siguin l\u2019angl\u00e8s, que aquest s\u00ed que val la pena aprendre\u2019l i parlar-lo, encara que sigui malament. S\u2019ha fet tan poca pedagogia en aquest sentit que encara es veuen les altres lleng\u00fces com a lleng\u00fces de segona regional. L&#8217;\u00fanica que serveix de veritat, que val la pena fer servir, protegir i conservar \u00e9s el castell\u00e0.<\/p>\n<p>Aquest \u00e9s el panorama que ens toca viure cada dia. Aix\u00ed i tot, alguns segueixen sense entendre per qu\u00e8 volem fotre el camp d\u2019aquesta Espanya maltractadora com m\u00e9s aviat millor: no ens estimen ni ens respecten gens i, per tant, cal preguntar-nos qu\u00e8 hi fem aqu\u00ed encara.<\/p>\n","protected":false},"excerpt":{"rendered":"<p>Acostumo a mirar el FAQS, el programa de TV3 dels dissabtes a la nit. Cada cop, per\u00f2, el trobo m\u00e9s intranscendent, a estones molt m\u00e9s avorrit, poc \u00e0gil, repetitiu i sovint ens regala sorpreses molt desagradables, tal com va passar en el darrer programa amb Juan Jos\u00e9 Mill\u00e0s i el fet que la Cristina Puig [&hellip;]<\/p>\n","protected":false},"author":214,"featured_media":0,"comment_status":"open","ping_status":"open","sticky":false,"template":"","format":"standard","meta":{"_jetpack_memberships_contains_paid_content":false,"footnotes":"","jetpack_publicize_message":"","jetpack_publicize_feature_enabled":true,"jetpack_social_post_already_shared":true,"jetpack_social_options":{"image_generator_settings":{"template":"highway","default_image_id":0,"font":"","enabled":false},"version":2}},"categories":[20695],"tags":[62],"class_list":["post-7316","post","type-post","status-publish","format-standard","hentry","category-llengua-3","tag-llengua"],"jetpack_publicize_connections":[],"jetpack_featured_media_url":"","jetpack_shortlink":"https:\/\/wp.me\/pagkjs-1U0","jetpack-related-posts":[],"jetpack_sharing_enabled":true,"_links":{"self":[{"href":"https:\/\/blogs.avui.cat\/jaumepubill\/wp-json\/wp\/v2\/posts\/7316","targetHints":{"allow":["GET"]}}],"collection":[{"href":"https:\/\/blogs.avui.cat\/jaumepubill\/wp-json\/wp\/v2\/posts"}],"about":[{"href":"https:\/\/blogs.avui.cat\/jaumepubill\/wp-json\/wp\/v2\/types\/post"}],"author":[{"embeddable":true,"href":"https:\/\/blogs.avui.cat\/jaumepubill\/wp-json\/wp\/v2\/users\/214"}],"replies":[{"embeddable":true,"href":"https:\/\/blogs.avui.cat\/jaumepubill\/wp-json\/wp\/v2\/comments?post=7316"}],"version-history":[{"count":1,"href":"https:\/\/blogs.avui.cat\/jaumepubill\/wp-json\/wp\/v2\/posts\/7316\/revisions"}],"predecessor-version":[{"id":7317,"href":"https:\/\/blogs.avui.cat\/jaumepubill\/wp-json\/wp\/v2\/posts\/7316\/revisions\/7317"}],"wp:attachment":[{"href":"https:\/\/blogs.avui.cat\/jaumepubill\/wp-json\/wp\/v2\/media?parent=7316"}],"wp:term":[{"taxonomy":"category","embeddable":true,"href":"https:\/\/blogs.avui.cat\/jaumepubill\/wp-json\/wp\/v2\/categories?post=7316"},{"taxonomy":"post_tag","embeddable":true,"href":"https:\/\/blogs.avui.cat\/jaumepubill\/wp-json\/wp\/v2\/tags?post=7316"}],"curies":[{"name":"wp","href":"https:\/\/api.w.org\/{rel}","templated":true}]}}