{"id":722,"date":"2010-03-27T22:39:23","date_gmt":"2010-03-27T21:39:23","guid":{"rendered":"http:\/\/blogs.avui.cat\/jaumepubill\/2010\/03\/27\/setmana-santa-setmana-de-turisme\/"},"modified":"2010-03-27T22:39:23","modified_gmt":"2010-03-27T21:39:23","slug":"setmana-santa-setmana-de-turisme","status":"publish","type":"post","link":"https:\/\/blogs.avui.cat\/jaumepubill\/2010\/03\/27\/setmana-santa-setmana-de-turisme\/","title":{"rendered":"Setmana Santa-Setmana de turisme."},"content":{"rendered":"<p><img loading=\"lazy\" decoding=\"async\" src=\"http:\/\/t1.gstatic.com\/images?q=tbn:eHs9ewKRGMleWM:http:\/\/mariamayor.files.wordpress.com\/2009\/04\/642semana_santa_sevilla.jpg\" width=\"194\" height=\"132\" \/> Una de les coses que van sobtar-me, quan vaig viure a l&#8217; Uruguai all\u00e0 cap al final dels anys 70 i primers dels 80, \u00e9s que a la Setmana Santa oficialment se l&#8217;anomen\u00e9s &quot;Semana de Turismo&quot;. En un Estat, on el la\u00efcisme \u00e9s cosa d&#8217;anys i panys, no \u00e9s d&#8217;estranyar. A mi em va sobtar perqu\u00e8 venia d&#8217;on venia i aqu\u00ed la Setmana Santa encara tenia molt contingut religi\u00f3s. Parlo de 30 anys enrere, \u00e9s clar.<\/p>\n<p>Ara ja podr\u00edem anomenar-la aqu\u00ed tamb\u00e9 Setmana de Turisme, veient com est\u00e0 el panorama socio-religi\u00f3s de les espanyes&#8230; Els que encara ens considerem d&#8217;alguna manera cristians anem procurant celebrar el sentit religi\u00f3s; amb tot, vistes les coses des de dins de l&#8217;esgl\u00e9sia, em d\u00f3na la sensaci\u00f3 que cada dia es van apagant m\u00e9s llums i quasi b\u00e9 ja estem en la penombra. No s\u00e9 si \u00e9s una percepci\u00f3 particular per\u00f2 em sembla que no. L&#8217;esgl\u00e9sia d&#8217;anys bastant anteriors tenia unes llumin\u00e0ries clares que anaven il\u00b7luminant el cam\u00ed i marcaven rumbs clars. Aquestes llums s&#8217;han anat apagant i em d\u00f3na la sensaci\u00f3 de que poc a poc ens anirem quedant a les fosques, vistos els camins que ens marca la jerarquia (la de Roma i la d&#8217;aqu\u00ed, que \u00e9s com una corretja de transmissi\u00f3)<\/p>\n<p>Vist des de fora de l&#8217;esgl\u00e9sia, la perspectiva \u00e9s que ja fa temps que estem a les fosques i ja no compta per a gaire res l&#8217;esgl\u00e9sia, la jerarquia, les institucions religioses, les normes i la religi\u00f3 en general. Ha caigut ja en el desprestigi total per a una bona majoria de gent i sembla que el cam\u00ed \u00e9s que segueixin les coses aix\u00ed.<\/p>\n<p>Josep M. Tutusaus, escriu el seg\u00fcent text a la revista cristiana EL PREG\u00d3:<\/p>\n<p>&quot;I \u00e9s que l\u2019Esgl\u00e9sia \u2014Jerarquia i poble cristi\u00e0\u2014 ens trobem acarats a una situaci\u00f3 nova, que es fa especialment dura en pa\u00efsos com el nostre, de vella tradici\u00f3 cristiana, sobtadament immersos en un pluralisme i en una la\u00efcitat dels quals no ten\u00edem experi\u00e8ncia, i que des del Vatic\u00e0 no semblen capa\u00e7os d\u2019acceptar obertament. \u00abHo he pensat molt, escriu Jes\u00fas Huguet. I crec que avui l\u2019obstacle m\u00e9s gran d\u2019acc\u00e9s a la fe \u00e9s la mateixa Esgl\u00e9sia\u00bb (p. 6). Una Esgl\u00e9sia que es resisteix a assumir i a continuar l\u2019\u00abaggiornamento\u00bb que Joan XXIII i el Concili Vatic\u00e0 II van emprendre amb decisi\u00f3. I en la qual encara resulta possible que un llibre com <em>Jes\u00fas. Aproximaci\u00f3n hist\u00f3rica<\/em>, de Juan Antonio Pagola sigui retirat, per ordre superior, de les llibreries religioses. No \u00e9s estrany que tants s\u2019atreveixin a sucar-hi pa (tants i de vegades tan gratu\u00eftament?). I en la qual, tanmateix, el cardenal Jean-Louis Tauran, President del Pontifici Consell per al Di\u00e0leg Interreligi\u00f3s, fa unes declaracions d\u2019una gran obertura \u2014i ho subratllem i ens en felicitem\u2014 sobre la valoraci\u00f3 de les diverses religions i sobre els centres cat\u00f2lics d\u2019ensenyament. Per la seva part, el fil\u00f2sof Paul Ricoeur manifestava l\u2019any 2000 la seva convicci\u00f3 que \u00abaix\u00f2 que en diem religi\u00f3 t\u00e9 a veure amb la bondat\u00bb.<\/p>\n<p>Aquest \u00e9s el panorama real que ens trobem en aquesta Setmana Santa de l&#8217; any 2010. I qui ho vulgui amagar i qui vulgui enganyar-se, que ho faci. No hi guanyar\u00e0 res&#8230;<\/p>\n<p>&#160;<\/p>\n<div>Etiquetes de Technorati: <a href=\"http:\/\/technorati.com\/tags\/Religi%c3%b3\" rel=\"tag\">Religi&#243;<\/a>,<a href=\"http:\/\/technorati.com\/tags\/Societat\" rel=\"tag\">Societat<\/a>,<a href=\"http:\/\/technorati.com\/tags\/Cristianisme\" rel=\"tag\">Cristianisme<\/a>,<a href=\"http:\/\/technorati.com\/tags\/Esgl%c3%a9sia\" rel=\"tag\">Esgl&#233;sia<\/a>,<a href=\"http:\/\/technorati.com\/tags\/Fe\" rel=\"tag\">Fe<\/a>,<a href=\"http:\/\/technorati.com\/tags\/Setmana+Santa\" rel=\"tag\">Setmana Santa<\/a><\/div>\n","protected":false},"excerpt":{"rendered":"<p>Una de les coses que van sobtar-me, quan vaig viure a l&#8217; Uruguai all\u00e0 cap al final dels anys 70 i primers dels 80, \u00e9s que a la Setmana Santa oficialment se l&#8217;anomen\u00e9s &quot;Semana de Turismo&quot;. En un Estat, on el la\u00efcisme \u00e9s cosa d&#8217;anys i panys, no \u00e9s d&#8217;estranyar. A mi em va sobtar [&hellip;]<\/p>\n","protected":false},"author":214,"featured_media":0,"comment_status":"open","ping_status":"closed","sticky":false,"template":"","format":"standard","meta":{"_jetpack_memberships_contains_paid_content":false,"footnotes":"","jetpack_publicize_message":"","jetpack_publicize_feature_enabled":true,"jetpack_social_post_already_shared":false,"jetpack_social_options":{"image_generator_settings":{"template":"highway","default_image_id":0,"font":"","enabled":false},"version":2}},"categories":[2536,77,666,4299,160],"tags":[],"class_list":["post-722","post","type-post","status-publish","format-standard","hentry","category-cristianisme","category-esglesia","category-religio","category-setmana-santa","category-societat"],"jetpack_publicize_connections":[],"jetpack_featured_media_url":"","jetpack_shortlink":"https:\/\/wp.me\/pagkjs-bE","jetpack-related-posts":[],"jetpack_sharing_enabled":true,"_links":{"self":[{"href":"https:\/\/blogs.avui.cat\/jaumepubill\/wp-json\/wp\/v2\/posts\/722","targetHints":{"allow":["GET"]}}],"collection":[{"href":"https:\/\/blogs.avui.cat\/jaumepubill\/wp-json\/wp\/v2\/posts"}],"about":[{"href":"https:\/\/blogs.avui.cat\/jaumepubill\/wp-json\/wp\/v2\/types\/post"}],"author":[{"embeddable":true,"href":"https:\/\/blogs.avui.cat\/jaumepubill\/wp-json\/wp\/v2\/users\/214"}],"replies":[{"embeddable":true,"href":"https:\/\/blogs.avui.cat\/jaumepubill\/wp-json\/wp\/v2\/comments?post=722"}],"version-history":[{"count":0,"href":"https:\/\/blogs.avui.cat\/jaumepubill\/wp-json\/wp\/v2\/posts\/722\/revisions"}],"wp:attachment":[{"href":"https:\/\/blogs.avui.cat\/jaumepubill\/wp-json\/wp\/v2\/media?parent=722"}],"wp:term":[{"taxonomy":"category","embeddable":true,"href":"https:\/\/blogs.avui.cat\/jaumepubill\/wp-json\/wp\/v2\/categories?post=722"},{"taxonomy":"post_tag","embeddable":true,"href":"https:\/\/blogs.avui.cat\/jaumepubill\/wp-json\/wp\/v2\/tags?post=722"}],"curies":[{"name":"wp","href":"https:\/\/api.w.org\/{rel}","templated":true}]}}