{"id":7191,"date":"2021-03-29T15:40:48","date_gmt":"2021-03-29T14:40:48","guid":{"rendered":"https:\/\/blogs.avui.cat\/jaumepubill\/?p=7191"},"modified":"2021-03-29T15:40:48","modified_gmt":"2021-03-29T14:40:48","slug":"santa-paciencia","status":"publish","type":"post","link":"https:\/\/blogs.avui.cat\/jaumepubill\/2021\/03\/29\/santa-paciencia\/","title":{"rendered":"SANTA PACI\u00c8NCIA!"},"content":{"rendered":"<p class=\"western\" align=\"left\"><span lang=\"ca-ES\"><img data-recalc-dims=\"1\" loading=\"lazy\" decoding=\"async\" class=\"alignnone \" src=\"https:\/\/i0.wp.com\/1.bp.blogspot.com\/-z-TJ7eoc1X0\/URO_PAr6qjI\/AAAAAAAABCo\/MhLE-0zGee8\/s1600\/Photo%2B7-2-13%2B8%2B35%2B14%2BAM.png?resize=379%2C569&#038;ssl=1\" width=\"379\" height=\"569\" \/><\/span><\/p>\n<p class=\"western\" align=\"left\"><span lang=\"ca-ES\">Els pol\u00edtics ens acabaran de fer perdre la poca paci\u00e8ncia que ens queda els que encara no l\u2019hem perduda del tot. Conec gent que ja fa temps que l\u2019ha acabat i, amb ella, tamb\u00e9 la confian\u00e7a. I no em refereixo nom\u00e9s als <\/span><span lang=\"ca-ES\">pol\u00edtics <\/span><span lang=\"ca-ES\">d\u2019aqu\u00ed, sin\u00f3 a tots. Els d\u2019Europa per la mala gesti\u00f3 que estan fent amb el tema vacunes, <\/span><span lang=\"ca-ES\">repartiment de fons i<\/span><span lang=\"ca-ES\"> molts altres. Els de Madrid <\/span><span lang=\"ca-ES\">(blaus i vermells) <\/span><span lang=\"ca-ES\">per com fa anys que ens estan prenent el p\u00e8l als catalans <\/span><span lang=\"ca-ES\">i com nom\u00e9s miren el b\u00e9 del mateix partit. <\/span><span lang=\"ca-ES\">I els nostres no cal dir&#8230; Sembla que no sentin ni vegin el que \u00e9s evident i el que els demana la ciutadania: que s\u2019entenguin d\u2019una bona vegada i es posin a fer feina. <\/span><span lang=\"ca-ES\">Que, com mot b\u00e9 diu <\/span><span lang=\"ca-ES\"><b>Gonzalo Boye<\/b><\/span><span lang=\"ca-ES\">, el<\/span><span lang=\"ca-ES\">s<\/span><span lang=\"ca-ES\"> trets no s\u2019han de <\/span><span lang=\"ca-ES\">disparar<\/span><span lang=\"ca-ES\"> dins de les mateixes trinxeres <\/span><span lang=\"ca-ES\">i no ens hem de matar entre nosaltres<\/span><span lang=\"ca-ES\">. <\/span><span lang=\"ca-ES\">I que<\/span><span lang=\"ca-ES\"> no ens enganyin m\u00e9s, que ja en comencem a estar cansats de tanta com\u00e8dia.<\/span><\/p>\n<p class=\"western\" align=\"left\"><span lang=\"ca-ES\">\u00c9s tan evident el desengany i la desconfian\u00e7a que <\/span><span lang=\"ca-ES\">s\u2019est\u00e0 establint en la gent, que <\/span><span lang=\"ca-ES\">nom\u00e9s cal llegir la premsa di\u00e0ria, escoltar els informatius o les tert\u00falies de tot color i de tota mena <\/span><span lang=\"ca-ES\">i les converses de carrer<\/span><span lang=\"ca-ES\">. Tothom es queixa i sembla que ning\u00fa est\u00e0 disposat a fer res. Estem cansats de qu\u00e8 ens enganyin, tot i que sembla que molta gent est\u00e0 disposada a seguir vivint enganya<\/span><span lang=\"ca-ES\">da<\/span><span lang=\"ca-ES\">. El pitjor de tot \u00e9s que se&#8217;ns enganya en coses <\/span><span lang=\"ca-ES\">tan<\/span><span lang=\"ca-ES\"> greus que estan posant en risc la nostra vida. I a m\u00e9s, la pol\u00edtica de l&#8217;engany i la mentida va en augment a una velocitat de vertigen. Sense que ens n&#8217;adonem, cada dia tenim menys drets, guanyem menys, vivim m\u00e9s insegurs, la sanitat funciona pitjor, l&#8217;educaci\u00f3 \u00e9s m\u00e9s deficient, ning\u00fa sap del cert com viur\u00e0 el mes vinent&#8230;. Per no parlar de les repugnants not\u00edcies que ens arriben cada mat\u00ed de nous i fastigosos casos de corrupci\u00f3, executats impunement i amb guant blanc pels que cada dia ens diuen que tenen la consci\u00e8ncia tranquil\u00b7la i les mans netes. De veritat, si es pensa a poc a poc, tot aquest c\u00famul de desprop\u00f2sits arriba a representar, per a moltes persones de b\u00e9, un vomitiu insuportable. D&#8217;aqu\u00ed, la pregunta: per qu\u00e8 ens menteixen tant els nostres governants i els que aspiren a ser-ho? Per qu\u00e8 aguantem aquest c\u00famul d&#8217;enganys i desverg<\/span><span lang=\"ca-ES\">onyiments<\/span><span lang=\"ca-ES\">? <\/span><\/p>\n<p class=\"western\" align=\"left\"><span lang=\"ca-ES\">Una resposta la podem trobar en<\/span><span lang=\"ca-ES\"> un cl\u00e0ssic, ben conegut, en assumptes de pol\u00edtica. <\/span><span lang=\"ca-ES\"><b>Maquiavel<\/b><\/span><span lang=\"ca-ES\">, a &#8220;El Pr\u00edncep&#8221; (XVIII, 466), va deixar escrit: <\/span><span lang=\"ca-ES\"><i>&#8220;Els homes s\u00f3n tan ingenus, i responen tant a la necessitat de moment, que qui enganya sempre troba alg\u00fa que es deixa enganyar&#8221;<\/i><\/span><span lang=\"ca-ES\">. Aix\u00f2 \u00e9s el que passava a la fi de la s. XV. Sempre hi havia &#8220;alg\u00fa&#8221; que es deixava enganyar. Ara, que <\/span><span lang=\"ca-ES\">sembla que haur\u00edem d\u2019haver apr\u00e8s alguna cosa, poc hem<\/span><span lang=\"ca-ES\"> progressat <\/span><span lang=\"ca-ES\">i seguim votant gent que ens enganya. Seguim sent tan ingenus com cinc-cents anys enrere. Per\u00f2 no \u00e9s nom\u00e9s aix\u00f2: e<\/span><span lang=\"ca-ES\">l problema \u00e9s m\u00e9s complex <\/span><span lang=\"ca-ES\">i em sembla que<\/span><span lang=\"ca-ES\"> el fons de l&#8217;assumpte est\u00e0 en el fet que els interessos econ\u00f2mics han guanyat la partida als interessos pol\u00edtics. Dit m\u00e9s clarament: el sistema econ\u00f2mic mana m\u00e9s que el sistema pol\u00edtic. \u00c9s a dir, el sistema capitalista i la cobd\u00edcia de diners t\u00e9 m\u00e9s poder, en la vida i en les decisions dels que remenen les cireres, que el sistema democr\u00e0tic i els drets dels ciutadans. Per\u00f2, \u00e9s clar, el que passa \u00e9s que els governants no poden apar\u00e8ixer, davant la gent, com a defensors de l'&#8221;Estat de<\/span><span lang=\"ca-ES\">l <\/span><span lang=\"ca-ES\">Capital&#8221; (que \u00e9s el que realment s\u00f3n), sin\u00f3 com els protectors que garanteixen l\u2019&#8221;Estat de Dret&#8221;. La qual cosa vol dir que, tal com s&#8217;han posat les coses, a<\/span><span lang=\"ca-ES\">l <\/span><span lang=\"ca-ES\">pol\u00edtic d&#8217;ofici, si no \u00e9s un home exemplar pels quatre costats, no li queda m\u00e9s sortida que esdevenir un mentider d&#8217;ofici. Jo no dic que tots els pol\u00edtics siguin aix\u00ed. El que dic \u00e9s que, avui, l&#8217;exercici de la pol\u00edtica exigeix <\/span><span lang=\"ca-ES\">u<\/span><span lang=\"ca-ES\">na integritat \u00e8tica per a la qual molts professionals de la &#8220;cosa p\u00fablica&#8221; no estan \u00e8ticament preparats. <\/span><\/p>\n<p class=\"western\" align=\"left\"><span lang=\"ca-ES\">I aix\u00ed ens va. <\/span><span lang=\"ca-ES\">Seguim votant gent que \u00e9s incapa\u00e7 d\u2019entendre\u2019s en all\u00f2 que \u00e9s fonamental en aquests moments i, com es queixava el <\/span><span lang=\"ca-ES\"><b>President Torra<\/b><\/span><span lang=\"ca-ES\">, sembla que hi s\u00f3n nom\u00e9s per fer la guerra entre ells. P<\/span><span lang=\"ca-ES\">erqu\u00e8, si els governants necessiten un<\/span><span lang=\"ca-ES\">a<\/span><span lang=\"ca-ES\"> integritat \u00e8tica indiscutible, la mateixa integritat necessitem els governats. I si no, qu\u00e8 punyeta fem, cada quatre anys, donant el nostre vot de confian\u00e7a a qui sabem que ens est\u00e0 enganyant i <\/span><span lang=\"ca-ES\">que <\/span><span lang=\"ca-ES\">ho seguir\u00e0 fent?<\/span><\/p>\n","protected":false},"excerpt":{"rendered":"<p>Els pol\u00edtics ens acabaran de fer perdre la poca paci\u00e8ncia que ens queda els que encara no l\u2019hem perduda del tot. Conec gent que ja fa temps que l\u2019ha acabat i, amb ella, tamb\u00e9 la confian\u00e7a. I no em refereixo nom\u00e9s als pol\u00edtics d\u2019aqu\u00ed, sin\u00f3 a tots. Els d\u2019Europa per la mala gesti\u00f3 que estan [&hellip;]<\/p>\n","protected":false},"author":214,"featured_media":0,"comment_status":"open","ping_status":"open","sticky":false,"template":"","format":"standard","meta":{"_jetpack_memberships_contains_paid_content":false,"footnotes":"","jetpack_publicize_message":"","jetpack_publicize_feature_enabled":true,"jetpack_social_post_already_shared":true,"jetpack_social_options":{"image_generator_settings":{"template":"highway","default_image_id":0,"font":"","enabled":false},"version":2}},"categories":[172],"tags":[31828],"class_list":["post-7191","post","type-post","status-publish","format-standard","hentry","category-politica","tag-politica"],"jetpack_publicize_connections":[],"jetpack_featured_media_url":"","jetpack_shortlink":"https:\/\/wp.me\/pagkjs-1RZ","jetpack-related-posts":[],"jetpack_sharing_enabled":true,"_links":{"self":[{"href":"https:\/\/blogs.avui.cat\/jaumepubill\/wp-json\/wp\/v2\/posts\/7191","targetHints":{"allow":["GET"]}}],"collection":[{"href":"https:\/\/blogs.avui.cat\/jaumepubill\/wp-json\/wp\/v2\/posts"}],"about":[{"href":"https:\/\/blogs.avui.cat\/jaumepubill\/wp-json\/wp\/v2\/types\/post"}],"author":[{"embeddable":true,"href":"https:\/\/blogs.avui.cat\/jaumepubill\/wp-json\/wp\/v2\/users\/214"}],"replies":[{"embeddable":true,"href":"https:\/\/blogs.avui.cat\/jaumepubill\/wp-json\/wp\/v2\/comments?post=7191"}],"version-history":[{"count":1,"href":"https:\/\/blogs.avui.cat\/jaumepubill\/wp-json\/wp\/v2\/posts\/7191\/revisions"}],"predecessor-version":[{"id":7192,"href":"https:\/\/blogs.avui.cat\/jaumepubill\/wp-json\/wp\/v2\/posts\/7191\/revisions\/7192"}],"wp:attachment":[{"href":"https:\/\/blogs.avui.cat\/jaumepubill\/wp-json\/wp\/v2\/media?parent=7191"}],"wp:term":[{"taxonomy":"category","embeddable":true,"href":"https:\/\/blogs.avui.cat\/jaumepubill\/wp-json\/wp\/v2\/categories?post=7191"},{"taxonomy":"post_tag","embeddable":true,"href":"https:\/\/blogs.avui.cat\/jaumepubill\/wp-json\/wp\/v2\/tags?post=7191"}],"curies":[{"name":"wp","href":"https:\/\/api.w.org\/{rel}","templated":true}]}}