{"id":7147,"date":"2021-02-03T20:06:09","date_gmt":"2021-02-03T19:06:09","guid":{"rendered":"https:\/\/blogs.avui.cat\/jaumepubill\/?p=7147"},"modified":"2021-02-03T20:11:02","modified_gmt":"2021-02-03T19:11:02","slug":"sols-amb-nosaltres-mateixos","status":"publish","type":"post","link":"https:\/\/blogs.avui.cat\/jaumepubill\/2021\/02\/03\/sols-amb-nosaltres-mateixos\/","title":{"rendered":"SOLS AMB NOSALTRES MATEIXOS"},"content":{"rendered":"<p><img data-recalc-dims=\"1\" loading=\"lazy\" decoding=\"async\" class=\"alignnone \" src=\"https:\/\/i0.wp.com\/www.latitudeslife.com\/wp-content\/uploads\/Butuceni9560-1024x690.jpg?resize=502%2C338&#038;ssl=1\" width=\"502\" height=\"338\" \/><\/p>\n<p><span style=\"font-family: Inconsolata, monospace\"><span style=\"font-size: large\">Fa un parell de dies que TV3 va passar un petit reportatge sobre una monja eremita que fa 10 anys que viu sola en una ermita del Priorat. Podeu veure la not\u00edcia aqu\u00ed <\/span><\/span><span style=\"font-family: Inconsolata, monospace\"><span style=\"font-size: large\"><a href=\"https:\/\/www.ccma.cat\/tv3\/alacarta\/telenoticies\/una-eremita-que-sha-quedat-sense-ermita\/video\/6082279\/\">Una eremita que s&#8217;ha quedat sense ermita &#8211; Telenot\u00edcies (ccma.cat)<\/a> <\/span><\/span><span style=\"font-family: Inconsolata, monospace\"><span style=\"font-size: large\">i aqu\u00ed <\/span><\/span><span style=\"font-family: Inconsolata, monospace\"><span style=\"font-size: large\"><a href=\"https:\/\/www.facebook.com\/253616404659187\/videos\/352628218753025\">Facebook<\/a> <\/span><\/span><\/p>\n<p><span style=\"font-family: Inconsolata, monospace\"><span style=\"font-size: large\">Persones <\/span><\/span><span style=\"font-family: Inconsolata, monospace\"><span style=\"font-size: large\">com ella (n\u2019hi ha 10 m\u00e9s a Catalunya) no cal dir que ens criden l&#8217;atenci\u00f3 i fan qu\u00e8 ens preguntem el sentit d\u2019aquesta solitud buscada lliurement i les motivacions que poden tenir per fer-ho. S\u2019han fet molts <span style=\"color: #000000\">estudis <\/span><span style=\"color: #000000\">i s\u2019ha escrit molt sobre el valor intr\u00ednsec de la<\/span><span style=\"color: #000000\"> solitud, <\/span><span style=\"color: #000000\">que <\/span><\/span><\/span><span style=\"font-size: large;font-family: Inconsolata, monospace;color: #000000\">pot ser un delici\u00f3s acompanyant o, per contra, una <\/span><span style=\"font-size: large;font-family: Inconsolata, monospace;color: #000000\">cosa que pot arribar a <\/span><span style=\"font-size: large;font-family: Inconsolata, monospace;color: #000000\">trasbalsar <\/span><span style=\"font-size: large;font-family: Inconsolata, monospace;color: #000000\">una persona.<\/span><\/p>\n<p><span style=\"font-family: Inconsolata, monospace\"><span style=\"font-size: large\"><span style=\"color: #000000\"><i><b>\u00abLa solitud \u00e9s el fet m\u00e9s profund de la condici\u00f3 humana. L&#8217;home \u00e9s l&#8217;\u00fanic \u00e9sser que sap que est\u00e0 sol\u00bb<\/b><\/i><\/span><span style=\"color: #000000\">, <\/span><span style=\"color: #000000\">deia <strong>Octavio Paz<\/strong><\/span><span style=\"color: #000000\">. <\/span><span style=\"color: #000000\">No s\u00e9 si \u00e9s veritat <\/span><\/span><\/span><span style=\"font-size: large;font-family: Inconsolata, monospace;color: #000000\">del tot, per\u00f2 s\u00ed que d\u2019<\/span><span style=\"font-size: large;font-family: Inconsolata, monospace;color: #000000\">una banda som innegablement &#8220;animals socials&#8221; <\/span><span style=\"font-size: large;font-family: Inconsolata, monospace;color: #000000\">que<\/span><span style=\"font-size: large;font-family: Inconsolata, monospace;color: #000000\"> estem dissenyats per interactuar amb els nostres semblants <\/span><span style=\"font-size: large;font-family: Inconsolata, monospace;color: #000000\">i de<\/span><span style=\"font-size: large;font-family: Inconsolata, monospace;color: #000000\"> l&#8217;altra <\/span><span style=\"font-size: large;font-family: Inconsolata, monospace;color: #000000\">trobem que hi ha<\/span><span style=\"font-size: large;font-family: Inconsolata, monospace;color: #000000\"> moments al llarg de la <\/span><span style=\"font-size: large;font-family: Inconsolata, monospace;color: #000000\">nostra vi<\/span><span style=\"font-size: large;font-family: Inconsolata, monospace;color: #000000\">da en qu\u00e8 <\/span><span style=\"font-size: large;font-family: Inconsolata, monospace;color: #000000\">necessitarem alguns moments per estar<\/span><span style=\"font-size: large;font-family: Inconsolata, monospace;color: #000000\"> sol<\/span><span style=\"font-size: large;font-family: Inconsolata, monospace;color: #000000\">s<\/span><span style=\"font-size: large;font-family: Inconsolata, monospace;color: #000000\">. <\/span><span style=\"font-size: large;font-family: Inconsolata, monospace;color: #000000\">Hi ha hagut grans creadors que han necessitat i buscat la solitud per poder crear les seves obres.<\/span><\/p>\n<p><span style=\"font-family: Inconsolata, monospace\"><span style=\"font-size: large\"><span style=\"color: #000000\">Aquesta pand\u00e8mia ens ha obligat a estar m\u00e9s sols, m\u00e9s reclosos a casa nostra i, per tant, amb nosaltres mateixos i amb els del nostre cercle m\u00e9s \u00edntim. Pel que ens expliquen els psic\u00f2legs, no tothom ho ha sabut entomar prou b\u00e9 i ha estat una font de problemes prou <\/span><\/span><\/span><span style=\"font-size: large;font-family: Inconsolata, monospace;color: #000000\">important. El fet \u00e9s que cada dia ens costa m\u00e9s <\/span><span style=\"font-size: large;font-family: Inconsolata, monospace;color: #000000\">i <\/span><span style=\"font-size: large;font-family: Inconsolata, monospace;color: #000000\">ens agafa m\u00e9s por d\u2019estar sols. <\/span><span style=\"font-size: large;font-family: Inconsolata, monospace;color: #000000\">I tampoc est\u00e0 massa ben vist socialment perqu\u00e8 ho associem a persones estranyes, asocials i extravagants. Aquesta mena de persones no podem negar que susciten desconfian\u00e7a i no ens n&#8217;acabem de refiar.<\/span><\/p>\n<p><span style=\"font-family: Inconsolata, monospace\"><span style=\"font-size: large\"><span style=\"color: #000000\">Em sembla<\/span><\/span><\/span><span style=\"font-family: Inconsolata, monospace\"><span style=\"font-size: large\"><span style=\"color: #000000\">\u00a0que era <strong>Jos\u00e9 Lu\u00eds Borges<\/strong> que deia que necessitem que hi hagi alg\u00fa al mirall, que necessitem miralls on veure alg\u00fa. Ens costa mirar-nos a nosaltres mateixos. Per aix\u00f2 triomfen tant els m\u00f2bils i les xarxes socials. Necessitem estar connectats, necessitem xatejar, necessitem que hi hagi alg\u00fa <\/span><span style=\"color: #000000\">amb qui comunicar-nos perqu\u00e8 no sabem comunicar-nos amb nosaltres mateixos. I em sembla que no haur\u00edem d\u2019oblidar que per poder-nos comunicar b\u00e9 amb e<\/span><\/span><\/span><span style=\"font-family: Inconsolata, monospace\"><span style=\"font-size: large\"><span style=\"color: #000000\">ls altres, abans ens hem d\u2019haver comunicat amb nosaltres mateixos; ens haur\u00edem d\u2019haver conegut nosaltres mateixos, una cosa molt m\u00e9<\/span><\/span><\/span><span style=\"font-family: Inconsolata, monospace\"><span style=\"font-size: large\"><span style=\"color: #000000\">s dif\u00edcil del que podem suposar. <\/span><\/span><\/span><\/p>\n<p><span style=\"font-family: Inconsolata, monospace\"><span style=\"font-size: large\"><span style=\"color: #000000\">Potser la solitud excessiva pot ser perjudicial, per\u00f2 no ho pot ser tamb\u00e9 la necessitat imperiosa d\u2019estar comunicats tothora? No ho s\u00e9. Potser ser\u00e0 veritat all\u00f2 que deien els llatins de la <\/span><span style=\"color: #000000\"><i>\u00abvirtus in medio\u00bb <\/i><\/span><span style=\"color: #000000\">i<\/span><\/span><\/span><span style=\"font-size: large;font-family: Inconsolata, monospace;color: #000000\">\u00a0que la soluci\u00f3 est\u00e0 en l\u2019<\/span><span style=\"font-size: large;font-family: Inconsolata, monospace;color: #000000\">exacta<\/span><span style=\"font-size: large;font-family: Inconsolata, monospace;color: #000000\"> dosi de cada cosa. <\/span><span style=\"font-size: large;font-family: Inconsolata, monospace;color: #000000\">Que tampoc \u00e9s f\u00e0cil de trobar.<\/span><\/p>\n","protected":false},"excerpt":{"rendered":"<p>Fa un parell de dies que TV3 va passar un petit reportatge sobre una monja eremita que fa 10 anys que viu sola en una ermita del Priorat. Podeu veure la not\u00edcia aqu\u00ed Una eremita que s&#8217;ha quedat sense ermita &#8211; Telenot\u00edcies (ccma.cat) i aqu\u00ed Facebook Persones com ella (n\u2019hi ha 10 m\u00e9s a Catalunya) [&hellip;]<\/p>\n","protected":false},"author":214,"featured_media":0,"comment_status":"open","ping_status":"open","sticky":false,"template":"","format":"standard","meta":{"_jetpack_memberships_contains_paid_content":false,"footnotes":"","jetpack_publicize_message":"","jetpack_publicize_feature_enabled":true,"jetpack_social_post_already_shared":true,"jetpack_social_options":{"image_generator_settings":{"template":"highway","default_image_id":0,"font":"","enabled":false},"version":2}},"categories":[1171],"tags":[31868],"class_list":["post-7147","post","type-post","status-publish","format-standard","hentry","category-solitud","tag-solitud"],"jetpack_publicize_connections":[],"jetpack_featured_media_url":"","jetpack_shortlink":"https:\/\/wp.me\/pagkjs-1Rh","jetpack-related-posts":[],"jetpack_sharing_enabled":true,"_links":{"self":[{"href":"https:\/\/blogs.avui.cat\/jaumepubill\/wp-json\/wp\/v2\/posts\/7147","targetHints":{"allow":["GET"]}}],"collection":[{"href":"https:\/\/blogs.avui.cat\/jaumepubill\/wp-json\/wp\/v2\/posts"}],"about":[{"href":"https:\/\/blogs.avui.cat\/jaumepubill\/wp-json\/wp\/v2\/types\/post"}],"author":[{"embeddable":true,"href":"https:\/\/blogs.avui.cat\/jaumepubill\/wp-json\/wp\/v2\/users\/214"}],"replies":[{"embeddable":true,"href":"https:\/\/blogs.avui.cat\/jaumepubill\/wp-json\/wp\/v2\/comments?post=7147"}],"version-history":[{"count":3,"href":"https:\/\/blogs.avui.cat\/jaumepubill\/wp-json\/wp\/v2\/posts\/7147\/revisions"}],"predecessor-version":[{"id":7150,"href":"https:\/\/blogs.avui.cat\/jaumepubill\/wp-json\/wp\/v2\/posts\/7147\/revisions\/7150"}],"wp:attachment":[{"href":"https:\/\/blogs.avui.cat\/jaumepubill\/wp-json\/wp\/v2\/media?parent=7147"}],"wp:term":[{"taxonomy":"category","embeddable":true,"href":"https:\/\/blogs.avui.cat\/jaumepubill\/wp-json\/wp\/v2\/categories?post=7147"},{"taxonomy":"post_tag","embeddable":true,"href":"https:\/\/blogs.avui.cat\/jaumepubill\/wp-json\/wp\/v2\/tags?post=7147"}],"curies":[{"name":"wp","href":"https:\/\/api.w.org\/{rel}","templated":true}]}}