{"id":7121,"date":"2021-01-03T01:34:34","date_gmt":"2021-01-03T00:34:34","guid":{"rendered":"https:\/\/blogs.avui.cat\/jaumepubill\/?p=7121"},"modified":"2021-01-03T01:34:34","modified_gmt":"2021-01-03T00:34:34","slug":"xerraires","status":"publish","type":"post","link":"https:\/\/blogs.avui.cat\/jaumepubill\/2021\/01\/03\/xerraires\/","title":{"rendered":"XERRAIRES"},"content":{"rendered":"<p><span style=\"font-family: Inconsolata, monospace\"><span style=\"font-size: large\"><img data-recalc-dims=\"1\" loading=\"lazy\" decoding=\"async\" class=\"alignnone \" src=\"https:\/\/i0.wp.com\/www.cadenadial.com\/wp-content\/uploads\/2015\/06\/2009-08-20_IMG_2009-08-20_22-43-31_v_029_luces_01.jpg?resize=317%2C301&#038;ssl=1\" width=\"317\" height=\"301\" \/><\/span><\/span><\/p>\n<p><span style=\"font-family: Inconsolata, monospace\"><span style=\"font-size: large\">No m&#8217;agraden els xerraires de fira. Ni tots aquells que xarren per xarrar, per fer soroll, per no dir res. A internet se n\u2019hi pot trobar molts, cada dia m\u00e9s. Hi ha esp\u00e8cies animals (dels que en diem irracionals) que estan en risc d\u2019extinci\u00f3. En canvi, aquesta esp\u00e8cie d\u2019animals racionals xerraires per naturalesa (aquests que, te\u00f2ricament, s\u00f3n persones que raonen), no corren cap perill\u00a0 i van en augment.<\/span><\/span><\/p>\n<p><span style=\"font-family: Inconsolata, monospace\"><span style=\"font-size: large\">Escric aix\u00f2 despr\u00e9s que un amic m\u2019ha fet arribar la gravaci\u00f3 d\u2019una entrevista que un canal de TV ha fet a un personatge negacionista de la vacuna de la COVID-19. Jo no el conec, ni s\u00e9 si parla sabent alguna cosa d\u2019aquest tema o si \u00e9s un dels molts fantasmes que et trobes a internet pontificant sobre qualsevol cosa, sense tenir la m\u00ednima idea del que parla. Aquest personatge t\u00e9 tota la pinta de saber m\u00e9s aviat poc del tema perqu\u00e8 no exposa cap argument seri\u00f3s durant tota l&#8217;entrevista. Ja hem pogut escoltar casos similars, amb &#8220;cient\u00edfics&#8221; de prestigi contrastat com Miguel Bos\u00e9 parlant del vacc\u00ed i ja em direu qu\u00e8 en pot saber de vacunes aquest noi&#8230;<\/span><\/span><\/p>\n<p><span style=\"font-family: Inconsolata, monospace\"><span style=\"font-size: large\">Certament, la majoria de nosaltres no estem capacitats per jutjar si el que diuen molts d\u2019aquests animals (racionals) t\u00e9 alguna base cient\u00edfica o no en t\u00e9 cap. Normalment ens movem per la vida posant la confian\u00e7a en altres persones (amics, professionals, familiars) que saben coses de les quals nosaltres no en tenim ni idea. \u00c9s cert que a vegades surts defraudat i et sents enganyat. Per\u00f2 si no pos\u00e9ssim confian\u00e7a en molta de la gent que ens anem trobant pel cam\u00ed de la vida viur\u00edem molt m\u00e9s angoixats. <\/span><\/span><\/p>\n<p><span style=\"font-family: Inconsolata, monospace\"><span style=\"font-size: large\">En el cas de les vacunes considero que passa una cosa semblant: cal confiar en els que en saben. Jo sempre far\u00e9 m\u00e9s confian\u00e7a a un professional en el tema que no pas a alg\u00fa que toca d\u2019o\u00efdes. Quan se m\u2019espatlla el cotxe miro de portar-lo a un mec\u00e0nic de confian\u00e7a perqu\u00e8 jo no entenc de mec\u00e0nica; si estic malalt anir\u00e9 a veure un metge que em sembli preparat per curar-me; si he de fer-me una casa, buscar\u00e9 un bon arquitecte. En el tema de si cal vacunar-se o no, far\u00e9 cas al que em vagin dient els professionals i especialistes del ram perqu\u00e8, tot i que tamb\u00e9 hi deu haver algun xerraire, la majoria els considero professionals seriosos. S\u00f3n gent que s\u2019ha cremat les celles estudiant moltes hores i alguna cosa deuen haver apr\u00e8s.<\/span><\/span><\/p>\n<p><span style=\"font-family: Inconsolata, monospace\"><span style=\"font-size: large\">Ara b\u00e9, tamb\u00e9 \u00e9s veritat que m\u2019agradaria escoltar m\u00e9s sovint els contrastos de parers en els mitjans de comunicaci\u00f3 entre els diferents especialistes o entre els defensors i els detractors de les vacunes. En tots els aspectes de la vida els punts de vista diferents, les distintes opinions o les pol\u00e8miques, sempre enriqueixen i ens ajuden a formar la nostra pr\u00f2pia opini\u00f3, una cosa tamb\u00e9 prou necess\u00e0ria i que trobo a faltar. <\/span><\/span><\/p>\n<p>&nbsp;<\/p>\n","protected":false},"excerpt":{"rendered":"<p>No m&#8217;agraden els xerraires de fira. Ni tots aquells que xarren per xarrar, per fer soroll, per no dir res. A internet se n\u2019hi pot trobar molts, cada dia m\u00e9s. Hi ha esp\u00e8cies animals (dels que en diem irracionals) que estan en risc d\u2019extinci\u00f3. En canvi, aquesta esp\u00e8cie d\u2019animals racionals xerraires per naturalesa (aquests que, [&hellip;]<\/p>\n","protected":false},"author":214,"featured_media":0,"comment_status":"open","ping_status":"open","sticky":false,"template":"","format":"standard","meta":{"_jetpack_memberships_contains_paid_content":false,"footnotes":"","jetpack_publicize_message":"","jetpack_publicize_feature_enabled":true,"jetpack_social_post_already_shared":true,"jetpack_social_options":{"image_generator_settings":{"template":"highway","default_image_id":0,"font":"","enabled":false},"version":2}},"categories":[908],"tags":[28141],"class_list":["post-7121","post","type-post","status-publish","format-standard","hentry","category-salut","tag-salut-2"],"jetpack_publicize_connections":[],"jetpack_featured_media_url":"","jetpack_shortlink":"https:\/\/wp.me\/pagkjs-1QR","jetpack-related-posts":[],"jetpack_sharing_enabled":true,"_links":{"self":[{"href":"https:\/\/blogs.avui.cat\/jaumepubill\/wp-json\/wp\/v2\/posts\/7121","targetHints":{"allow":["GET"]}}],"collection":[{"href":"https:\/\/blogs.avui.cat\/jaumepubill\/wp-json\/wp\/v2\/posts"}],"about":[{"href":"https:\/\/blogs.avui.cat\/jaumepubill\/wp-json\/wp\/v2\/types\/post"}],"author":[{"embeddable":true,"href":"https:\/\/blogs.avui.cat\/jaumepubill\/wp-json\/wp\/v2\/users\/214"}],"replies":[{"embeddable":true,"href":"https:\/\/blogs.avui.cat\/jaumepubill\/wp-json\/wp\/v2\/comments?post=7121"}],"version-history":[{"count":1,"href":"https:\/\/blogs.avui.cat\/jaumepubill\/wp-json\/wp\/v2\/posts\/7121\/revisions"}],"predecessor-version":[{"id":7123,"href":"https:\/\/blogs.avui.cat\/jaumepubill\/wp-json\/wp\/v2\/posts\/7121\/revisions\/7123"}],"wp:attachment":[{"href":"https:\/\/blogs.avui.cat\/jaumepubill\/wp-json\/wp\/v2\/media?parent=7121"}],"wp:term":[{"taxonomy":"category","embeddable":true,"href":"https:\/\/blogs.avui.cat\/jaumepubill\/wp-json\/wp\/v2\/categories?post=7121"},{"taxonomy":"post_tag","embeddable":true,"href":"https:\/\/blogs.avui.cat\/jaumepubill\/wp-json\/wp\/v2\/tags?post=7121"}],"curies":[{"name":"wp","href":"https:\/\/api.w.org\/{rel}","templated":true}]}}