{"id":6966,"date":"2020-03-28T14:56:08","date_gmt":"2020-03-28T13:56:08","guid":{"rendered":"https:\/\/blogs.avui.cat\/jaumepubill\/?p=6966"},"modified":"2020-03-28T14:56:08","modified_gmt":"2020-03-28T13:56:08","slug":"confinats-amb-poesia-liber-falco","status":"publish","type":"post","link":"https:\/\/blogs.avui.cat\/jaumepubill\/2020\/03\/28\/confinats-amb-poesia-liber-falco\/","title":{"rendered":"CONFINATS AMB POESIA: LIBER FALCO"},"content":{"rendered":"<div class=\"separator\"><a href=\"https:\/\/i0.wp.com\/2.bp.blogspot.com\/-EI4c0xsbA4E\/W7Y98BpCibI\/AAAAAAAABlw\/keomE_m1WSk4TNbkuqa-1JChWjfMKTm3QCLcBGAs\/s1600\/Liber%2BFalco.jpg?ssl=1\"><img data-recalc-dims=\"1\" decoding=\"async\" src=\"https:\/\/i0.wp.com\/2.bp.blogspot.com\/-EI4c0xsbA4E\/W7Y98BpCibI\/AAAAAAAABlw\/keomE_m1WSk4TNbkuqa-1JChWjfMKTm3QCLcBGAs\/s1600\/Liber%2BFalco.jpg?ssl=1\" border=\"0\" data-original-height=\"300\" data-original-width=\"262\" \/><\/a><\/div>\n<div><\/div>\n<p class=\"western\" align=\"left\"><b>L<\/b><b>IBER FALCO<\/b>\u00a0\u00e9s un dels gran poetes uruguaians. Va n\u00e9ixer el 4 d&#8217;octubre de 1906 a Montevideo. Va pert\u00e0nyer a una fam\u00edlia obrera (el pare era forner) i va passar la seva inf\u00e0ncia en un barri pobre de Montevideo.<\/p>\n<div align=\"left\">Referint-se a la seva inf\u00e0ncia, va dir el poeta en un reportatge:\u00a0<i>\u00abPotser la pr\u00f2pia uniformitat d&#8217;aquest paisatge on va apar\u00e8ixer la meva mirada de nen em\u00a0<\/i><i>va obligar a<\/i><i>\u00a0pensar i llavors em va semblar la vida una cosa una mica mon\u00f2tona per\u00f2 tamb\u00e9 bastant misteriosa\u00bb<\/i>. D&#8217;aquesta inf\u00e0ncia va quedar en Falco una adhesi\u00f3 definitiva a les formes humils de la vida i una estima cap a les coses elementals.<\/div>\n<div align=\"left\">Va cursar fins segon o tercer any d&#8217;educaci\u00f3 secund\u00e0ria. La seva formaci\u00f3 posterior, enterament autodidacta, va consistir en lectures de Fedor Dostoievski, Lle\u00f3 Tolstoi, Roman Rolland i Antonio Machado. Es va interessar tamb\u00e9 en la poesia llatinoamericana, especialment per l&#8217;obra de C\u00e9sar Vallejo.<\/div>\n<div align=\"left\">Va comen\u00e7ar a escriure als 16 anys. Els seus primers versos tractaven sobre la solidaritat social, en conflu\u00e8ncia amb els ideals anarquistes del poeta. Va escriure molts dels seus poemes en un altell, acompanyat nom\u00e9s de dues cadires, la taula i una prestatgeria amb llibres.<\/div>\n<div align=\"left\">Durant la seva joventut va exercir variats i modestos oficis: va ser perruquer, venedor de pa, impressor i, ocasionalment, corrector en diaris i editorials. L\u2019any 1935, als 29 anys, va contreure matrimoni amb Dilia Fern\u00e1ndez, qui seria la seva companya durant tota la seva vida. La parella no va tenir fills.<\/div>\n<div align=\"left\">Va publicar el seu primer llibre en 1940,\u00a0<i>Cometas sobre los muros<\/i>, als 34 anys, amb els diners obtinguts de la venda d&#8217;una sucursal de fleca que tenia instal\u00b7lada en un garatge davant de casa. Posteriorment, el 1942,\u00a0va editar\u00a0<i><em>Equis Andacalles<\/em><\/i>.\u00a0El\u00a01946\u00a0va apar\u00e8ixer\u00a0<i><em>D\u00edas y noches<\/em><\/i>.\u00a0Els tres llibres capitals de\u00a0L\u00edber Falco\u00a0es van reunir sota el t\u00edtol\u00a0<i><em>Tiempo y tiempo<\/em><\/i>(1956), obra que el poeta preparava quan es va morir i que els seus amics de la revista\u00a0<b>Asir<\/b>\u00a0van publicar en forma p\u00f2stuma.<\/div>\n<div align=\"left\">L\u2019amic seu poeta, Mario Arregui, ens descriu la seva\u00a0imatge amb aquestes precioses paraules:\u00a0<i>\u00abEse hombre &#8211; delgado, de estatura mediana, con cierto aire no de enfermo pero s\u00ed de convalesciente, vestido con un traje azul o marr\u00f3n que puede ser bastante nuevo per\u00f2 que parece viejo &#8211; camina a pasos lentos e invigilados (&#8230;) Lleva la cabeza &#8211; cuyo pelo es de un rubio desganado \u2013 un poco inclinada hacia adelante, lleva como semidormidos los ojos celestes que no miran nada, o que miran apenas s\u00f3lo lo imprescindible. Durante el dia generalmente anda solo; en los anocheceres y en las noches, suele ir con amigos y entonces va un poco m\u00e1s\u00a0<\/i><i>en la tierra y m\u00e1s despierto, aunque con frecuencia tambi\u00e9n se ensimisma y se pierde\u00bb.<\/i><i><\/i><\/div>\n<div align=\"left\"><\/div>\n<h4 class=\"western\" align=\"center\"><a href=\"https:\/\/www.blogger.com\/null\" name=\"__DdeLink__10_4061710140\"><\/a><b>DESPEDIDA<\/b><\/h4>\n<div align=\"center\">La vida es como un trompo, compa\u00f1eros.<br \/>\nLa vida gira como todo gira,<br \/>\ny tiene colores como los del cielo.<br \/>\nLa vida es un juguete, compa\u00f1eros.<\/p>\n<p>A trabajar jugamos muchos a\u00f1os,<br \/>\na estar tristes o alegres, mucho tiempo.<br \/>\nLa vida es lo poco y lo mucho que tenemos;<br \/>\nla moneda del pobre, compa\u00f1eros.<\/p>\n<p>A gastarla jugamos muchos a\u00f1os<br \/>\nentre risas, trabajos y canciones.<br \/>\nAs\u00ed vivimos d\u00edas y compartimos noches.<br \/>\nMas, se acerca el invierno que esper\u00f3 tantos a\u00f1os.<\/p>\n<p>Cuando el Sol se levanta despertando la vida<br \/>\ny penetra humedades y delirios nocturnos,<br \/>\nc\u00f3mo quisiera, de nuevo, estar junto a vosotros<br \/>\ncon mi antigua moneda brillando entre las manos!<\/p>\n<p>Mas, se acerca el invierno que esper\u00f3 tantos a\u00f1os.<br \/>\nAdi\u00f3s, adi\u00f3s, adi\u00f3s, os saluda un hermano<br \/>\nque gast\u00f3 su moneda de un tiempo ya pasado.<br \/>\nAdi\u00f3s, ya se acerca el invierno que esper\u00f3 tantos a\u00f1os.<\/p><\/div>\n<div align=\"right\"><\/div>\n<div align=\"center\"><a href=\"https:\/\/www.blogger.com\/null\" name=\"__DdeLink__7_4061710140\"><\/a><b>DESGRACIA<\/b><\/div>\n<div align=\"center\">Perdona, pero t\u00fa no sabes.<br \/>\n\u00bfSabes lo que es estar solo, solo,<br \/>\nvolver a casa a las dos de la ma\u00f1ana,<br \/>\nmojar un pan mohoso, triste y duro,<br \/>\nroerlo solo,<br \/>\ny sentado en una orilla del mundo<br \/>\nver a los astros que rutilan<br \/>\ny no saber qu\u00e9 preguntar ni qu\u00e9 decir,<br \/>\ny confundir las hambres, y roer solo t\u00fa all\u00e1&#8230;<br \/>\nUn pan mohoso, triste y duro?<\/p>\n<p>Perdona, yo anduve un d\u00eda, mucho tiempo,<br \/>\ncalles y calles junto a puertas y paredes,<br \/>\nnadie dijo mi nombre;<br \/>\ns\u00f3lo t\u00fa una vez, y qu\u00e9 locura,<br \/>\npara tu frente de violetas<br \/>\ntuve una risa de dos dientes<\/p><\/div>\n","protected":false},"excerpt":{"rendered":"<p>LIBER FALCO\u00a0\u00e9s un dels gran poetes uruguaians. Va n\u00e9ixer el 4 d&#8217;octubre de 1906 a Montevideo. Va pert\u00e0nyer a una fam\u00edlia obrera (el pare era forner) i va passar la seva inf\u00e0ncia en un barri pobre de Montevideo. Referint-se a la seva inf\u00e0ncia, va dir el poeta en un reportatge:\u00a0\u00abPotser la pr\u00f2pia uniformitat d&#8217;aquest paisatge [&hellip;]<\/p>\n","protected":false},"author":214,"featured_media":0,"comment_status":"open","ping_status":"open","sticky":false,"template":"","format":"standard","meta":{"_jetpack_memberships_contains_paid_content":false,"footnotes":"","jetpack_publicize_message":"","jetpack_publicize_feature_enabled":true,"jetpack_social_post_already_shared":false,"jetpack_social_options":{"image_generator_settings":{"template":"highway","default_image_id":0,"font":"","enabled":false},"version":2}},"categories":[145,2937],"tags":[31825,29764],"class_list":["post-6966","post","type-post","status-publish","format-standard","hentry","category-poesia","category-uruguai","tag-poesia","tag-alfredo-zitarrosa"],"jetpack_publicize_connections":[],"jetpack_featured_media_url":"","jetpack_shortlink":"https:\/\/wp.me\/pagkjs-1Om","jetpack-related-posts":[],"jetpack_sharing_enabled":true,"_links":{"self":[{"href":"https:\/\/blogs.avui.cat\/jaumepubill\/wp-json\/wp\/v2\/posts\/6966","targetHints":{"allow":["GET"]}}],"collection":[{"href":"https:\/\/blogs.avui.cat\/jaumepubill\/wp-json\/wp\/v2\/posts"}],"about":[{"href":"https:\/\/blogs.avui.cat\/jaumepubill\/wp-json\/wp\/v2\/types\/post"}],"author":[{"embeddable":true,"href":"https:\/\/blogs.avui.cat\/jaumepubill\/wp-json\/wp\/v2\/users\/214"}],"replies":[{"embeddable":true,"href":"https:\/\/blogs.avui.cat\/jaumepubill\/wp-json\/wp\/v2\/comments?post=6966"}],"version-history":[{"count":1,"href":"https:\/\/blogs.avui.cat\/jaumepubill\/wp-json\/wp\/v2\/posts\/6966\/revisions"}],"predecessor-version":[{"id":6967,"href":"https:\/\/blogs.avui.cat\/jaumepubill\/wp-json\/wp\/v2\/posts\/6966\/revisions\/6967"}],"wp:attachment":[{"href":"https:\/\/blogs.avui.cat\/jaumepubill\/wp-json\/wp\/v2\/media?parent=6966"}],"wp:term":[{"taxonomy":"category","embeddable":true,"href":"https:\/\/blogs.avui.cat\/jaumepubill\/wp-json\/wp\/v2\/categories?post=6966"},{"taxonomy":"post_tag","embeddable":true,"href":"https:\/\/blogs.avui.cat\/jaumepubill\/wp-json\/wp\/v2\/tags?post=6966"}],"curies":[{"name":"wp","href":"https:\/\/api.w.org\/{rel}","templated":true}]}}