{"id":6951,"date":"2020-03-13T18:38:01","date_gmt":"2020-03-13T17:38:01","guid":{"rendered":"https:\/\/blogs.avui.cat\/jaumepubill\/?p=6951"},"modified":"2020-03-13T18:38:01","modified_gmt":"2020-03-13T17:38:01","slug":"una-noia-avorrida","status":"publish","type":"post","link":"https:\/\/blogs.avui.cat\/jaumepubill\/2020\/03\/13\/una-noia-avorrida\/","title":{"rendered":"UNA NOIA AVORRIDA"},"content":{"rendered":"<p><img data-recalc-dims=\"1\" loading=\"lazy\" decoding=\"async\" class=\"alignnone size-medium\" src=\"https:\/\/i0.wp.com\/images-eu.ssl-images-amazon.com\/images\/I\/51Md5wTTJML.jpg?resize=304%2C500&#038;ssl=1\" width=\"304\" height=\"500\" \/><\/p>\n<p><span style=\"font-size: large\">Alg\u00fa m\u2019envia un whatsapp d\u2019una noia que es queixa de que no sabr\u00e0 qu\u00e8 fer aquests dies de confinament que les autoritats han manat. Es queixa de que no podr\u00e0 anar a la universitat, ni al pub, ni al bar amb els amics, ni al gimn\u00e0s i que s\u2019avorrir\u00e0 molt perqu\u00e8 no podr\u00e0 fer les coses que sempre feia. <\/span><\/p>\n<p><span style=\"font-size: large\">Els que estem jubilats \u2013potser perqu\u00e8 som d\u2019un altre temps i tenim una altra mentalitat- hem anat procurant omplir el molt temps que ens deixa la jubilaci\u00f3 amb activitats que ens omplin les hores i que ens donin una certa satisfacci\u00f3 vital. Cadasc\u00fa far\u00e0 les coses que m\u00e9s li plauen i no necess\u00e0riament han de ser les mateixes per a tots, aix\u00ed com els gustos i les aficions no s\u00f3n pas les mateixes. Per aix\u00f2 no acabo d\u2019entendre perqu\u00e8 aquesta noia diu que no podr\u00e0 omplir aquestes dues setmanes amb coses que donin una mica de satisfacci\u00f3 i sentit a la seva vida. <\/span><\/p>\n<p><span style=\"font-size: large\">Per si hi hagu\u00e9s alg\u00fa m\u00e9s a qui li pass\u00e9s el mateix, m\u2019atreveixo a donar una s\u00e8rie de consells per passar millor aquestes dues setmanes de confinament. Vegem-ho.<\/span><\/p>\n<p><span style=\"font-size: large\">En primer lloc hi ha una cosa que en diuen \u00abllibre\u00bb que, si se sap triar una mica b\u00e9, ens pot donar moltes satisfaccions. N\u2019hi ha per a tots els gustos i per a tot tipus de persones. Ens ajudar\u00e0 a passar les hores amb gust i fins i tot ens pot ensenyar moltes coses. Fins i tot potser descobrirem que ens est\u00e0vem perdent una cosa molt interessant. I posats a parlar de llibres, qu\u00e8 millor que llegir <b>\u00abLa pesta\u00bb d\u2019Albert Camus<\/b>, a qui tamb\u00e9 una malaltia el va tenir confinat en un llit i va haver d\u2019omplir infinites hores de calma que el van marcar per sempre m\u00e9s. Reflexiona sobre l\u2019absurd de la malaltia i del confinament en un llit que, malgrat tot, cal trobar-hi sentit i cal trobar la manera de viure en un m\u00f3n empestat. Els herois de la seva novel\u00b7la, tot i podent-ne sortir d\u2019aquell infern, es queden a la ciutat empestada nom\u00e9s perqu\u00e8 se senten lligats a l\u2019infortuni dels altres. En el quedar-se amb la pesta hi ha alguna forma d\u2019esperan\u00e7a o alguna cosa que d\u00f3na sentit a la vida. <\/span><\/p>\n<p><span style=\"font-size: large\">Quan generalment molts es queixen de que no tenen temps, aquests dies poden ser una bona ocasi\u00f3 per saber qu\u00e8 \u00e9s aix\u00f2 de tenir temps i poder disposar de la llibertat d\u2019omplir-lo d\u2019all\u00f2 que m\u00e9s ens agradi. A molta gent li passa una cosa: omple el temps amb coses que, no nom\u00e9s no s\u00f3n necess\u00e0ries, sin\u00f3 que s\u00f3n totalment superficials. Ens hem preguntat quantes vegades obrim el m\u00f2bil per veure qu\u00e8 ens diuen, per mirar-hi coses sense import\u00e0ncia? Hem pensat en el temps que ens roba aquest artefacte una mica diab\u00f2lic? \u00c9s cert que ens d\u00f3na moltes bones oportunitats, que ens fa la vida m\u00e9s f\u00e0cil, que ens ajuda en molts aspectes de la vida di\u00e0ria&#8230; per\u00f2 no \u00e9s cert tamb\u00e9 que ens roba molt de temps? En lloc d\u2019estar enganxats tot el dia al m\u00f2bil, no seria millor parar-nos una estona a pensar, a contemplar la natura, a passejar, a prendre l\u2019aire, a fer activitats que millorin la nostra vida?.<\/span><\/p>\n<p><span style=\"font-size: large\">L\u2019home modern peca de suficient. Ens hem cregut m\u00e9s importants, m\u00e9s savis, m\u00e9s potents del que en realitat som. Una porqueria de virus desconegut ens trenca de cop i volta tots els esquemes, canvia la nostra forma de viure i ens fa sentir indefensos i plens de pors de tot tipus. De cop i volta una <i>merdeta<\/i> de virus ens trenca les rutines, descontrola la nostra vida -que pens\u00e0vem que ten\u00edem controlada- i ens omple d\u2019interrogants i d\u2019inseguretats.<\/span><\/p>\n<p><span style=\"font-size: large\">Despr\u00e9s d\u2019aquesta imposada quarantena potser fins i tot tornarem a tenir ganes d\u2019abra\u00e7ar els amics, de saludar-nos xocant-nos les mans i de compartir una estona de taula i conversa. Potser aquest virus ens far\u00e0 una mica m\u00e9s humans i una mica m\u00e9s humils; potser ens far\u00e0 sortir una mica de nosaltres mateixos; potser ens far\u00e0 pensar que encara no ho podem pas tot, de que som molt finits i m\u00e9s petits que els mateix coronavirus; que la nostra societat \u00e9s molt injusta i que ens caldria repartir m\u00e9s i millor el benestar que la societat ha anat conquerint a base de lluites; potser ens far\u00e0 una mica m\u00e9s humans i tot&#8230;<\/span><\/p>\n","protected":false},"excerpt":{"rendered":"<p>Alg\u00fa m\u2019envia un whatsapp d\u2019una noia que es queixa de que no sabr\u00e0 qu\u00e8 fer aquests dies de confinament que les autoritats han manat. Es queixa de que no podr\u00e0 anar a la universitat, ni al pub, ni al bar amb els amics, ni al gimn\u00e0s i que s\u2019avorrir\u00e0 molt perqu\u00e8 no podr\u00e0 fer les [&hellip;]<\/p>\n","protected":false},"author":214,"featured_media":0,"comment_status":"open","ping_status":"open","sticky":false,"template":"","format":"standard","meta":{"_jetpack_memberships_contains_paid_content":false,"footnotes":"","jetpack_publicize_message":"","jetpack_publicize_feature_enabled":true,"jetpack_social_post_already_shared":false,"jetpack_social_options":{"image_generator_settings":{"template":"highway","default_image_id":0,"font":"","enabled":false},"version":2}},"categories":[26058,160,1171,2941],"tags":[31958,31827,31868,31912],"class_list":["post-6951","post","type-post","status-publish","format-standard","hentry","category-malaltia","category-societat","category-solitud","category-vida-i-mort","tag-malaltia","tag-societat","tag-solitud","tag-vida-i-mort"],"jetpack_publicize_connections":[],"jetpack_featured_media_url":"","jetpack_shortlink":"https:\/\/wp.me\/pagkjs-1O7","jetpack-related-posts":[],"jetpack_sharing_enabled":true,"_links":{"self":[{"href":"https:\/\/blogs.avui.cat\/jaumepubill\/wp-json\/wp\/v2\/posts\/6951","targetHints":{"allow":["GET"]}}],"collection":[{"href":"https:\/\/blogs.avui.cat\/jaumepubill\/wp-json\/wp\/v2\/posts"}],"about":[{"href":"https:\/\/blogs.avui.cat\/jaumepubill\/wp-json\/wp\/v2\/types\/post"}],"author":[{"embeddable":true,"href":"https:\/\/blogs.avui.cat\/jaumepubill\/wp-json\/wp\/v2\/users\/214"}],"replies":[{"embeddable":true,"href":"https:\/\/blogs.avui.cat\/jaumepubill\/wp-json\/wp\/v2\/comments?post=6951"}],"version-history":[{"count":1,"href":"https:\/\/blogs.avui.cat\/jaumepubill\/wp-json\/wp\/v2\/posts\/6951\/revisions"}],"predecessor-version":[{"id":6952,"href":"https:\/\/blogs.avui.cat\/jaumepubill\/wp-json\/wp\/v2\/posts\/6951\/revisions\/6952"}],"wp:attachment":[{"href":"https:\/\/blogs.avui.cat\/jaumepubill\/wp-json\/wp\/v2\/media?parent=6951"}],"wp:term":[{"taxonomy":"category","embeddable":true,"href":"https:\/\/blogs.avui.cat\/jaumepubill\/wp-json\/wp\/v2\/categories?post=6951"},{"taxonomy":"post_tag","embeddable":true,"href":"https:\/\/blogs.avui.cat\/jaumepubill\/wp-json\/wp\/v2\/tags?post=6951"}],"curies":[{"name":"wp","href":"https:\/\/api.w.org\/{rel}","templated":true}]}}