{"id":6920,"date":"2020-02-13T11:59:44","date_gmt":"2020-02-13T10:59:44","guid":{"rendered":"https:\/\/blogs.avui.cat\/jaumepubill\/?p=6920"},"modified":"2020-02-16T20:39:51","modified_gmt":"2020-02-16T19:39:51","slug":"el-nom-novell","status":"publish","type":"post","link":"https:\/\/blogs.avui.cat\/jaumepubill\/2020\/02\/13\/el-nom-novell\/","title":{"rendered":"EL NOM NOVELL"},"content":{"rendered":"<p><img data-recalc-dims=\"1\" loading=\"lazy\" decoding=\"async\" class=\"alignnone \" src=\"https:\/\/i0.wp.com\/e00-elmundo.uecdn.es\/assets\/multimedia\/imagenes\/2018\/02\/16\/15188126430888.jpg?resize=253%2C307&#038;ssl=1\" width=\"253\" height=\"307\" \/><\/p>\n<p><span style=\"font-family: Inconsolata, monospace\"><span style=\"font-size: large\">Aprofitant que ara tinc m\u00e9s temps, estic rellegint llibres antics. Alguns d\u2019ells -no gaires- m\u2019han acompanyat durant anys i han fet molts quil\u00f2metres amb mi. Quan els miro tan ben arrenglerats a la meva biblioteca m\u2019entra certa nost\u00e0lgia i sembla que em diuen que els torni a agafar perqu\u00e8 encara tenen moltes coses a dir-me. Alguns llibres no te\u2019ls acabes, tot i ser vells i que se\u2019l nota molt en el color esgrogue\u00eft de les p\u00e0gines, en les desgastades cobertes i en els desllomats lloms d\u2019anys de brega. Alguns comencen a ser vells com jo, tot i que mantenen un esperit ben jove. Tot rellegint-los, ressonen dins meu paraules i conceptes que m\u2019han ajudat a viure i a creure d\u2019una determinada manera i que encara m\u2019ajuden a seguir vivint i creient m\u00e9s o menys com sempre.<\/span><\/span><\/p>\n<p><span style=\"font-family: Inconsolata, monospace\"><span style=\"font-size: large\">Un d\u2019aquests llibres que estic rellegint \u00e9s el del bisbe <i><b>Pere Casald\u00e0liga \u00abYo creo en la justicia y en la esperanza\u00bb<\/b><\/i>, que porta data del 1975. Mentre el vaig llegint anoto frases, les repenso y m\u2019adono com d\u2019actuals s\u00f3n encara. La lluita que ell portava a favor dels \u00abposseiros\u00bb, dels sense terra, dels ind\u00edgenes, dels peons esclavitzats per terratinents sense escr\u00fapols i dels m\u00e9s desfavorits al Brasil en aquells anys, segueix sent ben actual amb un fan\u00e0tic Bolsonaro que mira de destruir tot el que hagi pogut fer pels m\u00e9s desfavorits el Partit dels Treballadors de Lula que, tot i fer algunes coses mal fetes, va fer-ne moltes m\u00e9s de bones.<\/span><\/span><\/p>\n<p><span style=\"font-family: Inconsolata, monospace\"><span style=\"font-size: large\">A la p\u00e0gina 94 del llibre m\u2019he trobat amb un poema del bisbe Pere que no m\u2019he pogut estar de copiar i que us l\u2019ofereixo. Es titula <b>\u00abEl nom novell\u00bb<\/b>, que va n\u00e9ixer com diu ell mateix \u00abprocessat per la just\u00edcia, bo i escrivint a la mare\u00bb i que diu aix\u00ed:<\/span><\/span><\/p>\n<p align=\"center\"><span style=\"font-family: Inconsolata, monospace\"><span style=\"font-size: large\"><b>EL NOM NOVELL<\/b><\/span><\/span><\/p>\n<p align=\"center\"><span style=\"font-family: Inconsolata, monospace\"><span style=\"font-size: large\"><i><b>Plor i silenci i crit,<\/b><\/i><\/span><\/span><\/p>\n<p align=\"center\"><span style=\"font-family: Inconsolata, monospace\"><span style=\"font-size: large\"><i><b>\u00e9s la paraula que m\u2019omple ara<\/b><\/i><\/span><\/span><\/p>\n<p align=\"center\"><span style=\"font-family: Inconsolata, monospace\"><span style=\"font-size: large\"><i><b>la boca i l\u2019esperit.<\/b><\/i><\/span><\/span><\/p>\n<p align=\"center\"><span style=\"font-family: Inconsolata, monospace\"><span style=\"font-size: large\"><i><b>Que mai encara <\/b><\/i><\/span><\/span><\/p>\n<p align=\"center\"><span style=\"font-family: Inconsolata, monospace\"><span style=\"font-size: large\"><i><b>jo no havia arribat<\/b><\/i><\/span><\/span><\/p>\n<p align=\"center\"><span style=\"font-family: Inconsolata, monospace\"><span style=\"font-size: large\"><i><b>a entendre, mare:<\/b><\/i><\/span><\/span><\/p>\n<p align=\"center\"><span style=\"font-family: Inconsolata, monospace\"><span style=\"font-size: large\"><i><b>la lli-ber-tat!<\/b><\/i><\/span><\/span><\/p>\n<p align=\"center\"><span style=\"font-family: Inconsolata, monospace\"><span style=\"font-size: large\"><i><b>(Amb tots els que lluitaren i moriren per Ella;<\/b><\/i><\/span><\/span><\/p>\n<p align=\"center\"><span style=\"font-family: Inconsolata, monospace\"><span style=\"font-size: large\"><i><b>amb tots els qui la varen cantar i patir i somniar&#8230;<\/b><\/i><\/span><\/span><\/p>\n<p align=\"center\"><span style=\"font-family: Inconsolata, monospace\"><span style=\"font-size: large\"><i><b>jo la canto i la pateixo<\/b><\/i><\/span><\/span><\/p>\n<p align=\"center\"><span style=\"text-decoration: line-through\"><span style=\"font-family: Inconsolata, monospace\"><span style=\"font-size: large\"><i><b>&#8211;<\/b><\/i><\/span><\/span><\/span><span style=\"font-family: Inconsolata, monospace\"><span style=\"font-size: large\"><i><b>i la gaude<\/b><\/i><\/span><\/span><span style=\"font-family: Inconsolata, monospace\"><span style=\"font-size: large\"><i><b>ixo, una mica <span style=\"text-decoration: line-through\">&#8211;<\/span><\/b><\/i><\/span><\/span><\/p>\n<p align=\"center\"><span style=\"font-family: Inconsolata, monospace\"><span style=\"font-size: large\"><i><b>la lliure Llibertat!<\/b><\/i><\/span><\/span><\/p>\n<p align=\"center\"><span style=\"font-family: Inconsolata, monospace\"><span style=\"font-size: large\"><i><b>Aquella, vull dir, mare, tota plena<\/b><\/i><\/span><\/span><\/p>\n<p align=\"center\"><span style=\"font-family: Inconsolata, monospace\"><span style=\"font-size: large\"><i><b>amb que el Crist ens va lliurar.)<\/b><\/i><\/span><\/span><\/p>\n<p align=\"center\"><span style=\"font-family: Inconsolata, monospace\"><span style=\"font-size: large\"><i><b>Si em bategeu un altre cop, un dia,<\/b><\/i><\/span><\/span><\/p>\n<p align=\"center\"><span style=\"font-family: Inconsolata, monospace\"><span style=\"font-size: large\"><i><b>amb l\u2019aigua dels sanglots i la mem\u00f2ria,<\/b><\/i><\/span><\/span><\/p>\n<p align=\"center\"><span style=\"font-family: Inconsolata, monospace\"><span style=\"font-size: large\"><i><b>amb el foc de la mort i de la Gl\u00f2ria&#8230;:<\/b><\/i><\/span><\/span><\/p>\n<p align=\"center\"><span style=\"font-family: Inconsolata, monospace\"><span style=\"font-size: large\"><i><b>digueu a D\u00e9u i al m\u00f3n <\/b><\/i><\/span><\/span><\/p>\n<p align=\"center\"><span style=\"font-family: Inconsolata, monospace\"><span style=\"font-size: large\"><i><b>que m\u2019heu posat<\/b><\/i><\/span><\/span><\/p>\n<p align=\"center\"><span style=\"font-family: Inconsolata, monospace\"><span style=\"font-size: large\"><i><b>el nom <\/b><\/i><\/span><\/span><\/p>\n<p align=\"center\"><span style=\"font-family: Inconsolata, monospace\"><span style=\"font-size: large\"><i><b>de Pere-Llibertat!<\/b><\/i><\/span><\/span><\/p>\n<p align=\"center\"><span style=\"font-family: Inconsolata, monospace\"><span style=\"font-size: large\"><i><b>&#8212;&#8212;&#8212;&#8212;&#8212;&#8212;&#8212;&#8212;&#8212;&#8212;&#8212;&#8212;&#8212;&#8212;&#8212;&#8212;-<\/b><\/i><\/span><\/span><\/p>\n<p align=\"left\"><span style=\"font-size: large\"><span style=\"font-family: Inconsolata, monospace\">I per acabar, informar-vos que, amb motiu dels seus 90 anys (ara ja en t\u00e9 92), es va crear u<\/span><span style=\"color: #000000\"><span style=\"font-family: Inconsolata, monospace\"><span lang=\"ca-ES\"><b>n <\/b><\/span><\/span><\/span><span style=\"color: #1155cc\"><span style=\"font-family: Inconsolata, monospace\"><span lang=\"ca-ES\"><b><a href=\"https:\/\/independent.academia.edu\/PedroCASALDALIGA\" target=\"_blank\" rel=\"noopener noreferrer\">nou portal online<\/a> <\/b><\/span><\/span><\/span><span style=\"color: #000000\"><span style=\"font-family: Inconsolata, monospace\"><span lang=\"ca-ES\"><b>amb tota la seva bibliografia, disponible per tot el p\u00fablic i per a la seva desc\u00e0rrega gratu\u00efta<\/b><\/span><\/span><\/span><span style=\"color: #000000\"><span style=\"font-family: Inconsolata, monospace\"><span lang=\"ca-ES\">, per sol\u00b7licitud expressa d\u2019en Pere. <\/span><\/span><\/span><span style=\"color: #000000\"><span style=\"font-family: Inconsolata, monospace\"><span lang=\"ca-ES\">Llibres, articles, poemes i molts m\u00e9s continguts de l\u2019autor s\u2019estan <\/span><\/span><\/span><span style=\"color: #000000\"><span style=\"font-family: Inconsolata, monospace\"><span lang=\"ca-ES\">pujant<\/span><\/span><\/span><span style=\"color: #000000\"><span style=\"font-family: Inconsolata, monospace\"><span lang=\"ca-ES\"> al portal, per tal que tota la seva obra quedi amb acc\u00e9s garantit per a unes quantes d\u00e8cades, fins i tot quan ja no estiguem aqu\u00ed.<\/span><\/span><\/span><\/span><\/p>\n<p><span style=\"color: #000000\"><span style=\"font-family: Inconsolata, monospace\"><span style=\"font-size: large\"><span lang=\"ca-ES\"><b>Accedir-hi \u00e9s molt f\u00e0cil<\/b><\/span><\/span><\/span><\/span><span style=\"color: #000000\"><span style=\"font-family: Inconsolata, monospace\"><span style=\"font-size: large\"><span lang=\"ca-ES\">: Tots els continguts estan emmagatzemats en la plataforma <\/span><\/span><\/span><\/span><span style=\"color: #000000\"><span style=\"font-family: Inconsolata, monospace\"><span style=\"font-size: large\"><span lang=\"ca-ES\"><b>Academia.edu<\/b><\/span><\/span><\/span><\/span><span style=\"color: #000000\"><span style=\"font-family: Inconsolata, monospace\"><span style=\"font-size: large\"><span lang=\"ca-ES\"> i Pere Casald\u00e0liga hi te el seu propi espai. Pots veure els documents, descarregar-los, comentar-<\/span><\/span><\/span><\/span><span style=\"color: #000000\"><span style=\"font-family: Inconsolata, monospace\"><span style=\"font-size: large\"><span lang=\"ca-ES\">los<\/span><\/span><\/span><\/span><span style=\"color: #000000\"><span style=\"font-family: Inconsolata, monospace\"><span style=\"font-size: large\"><span lang=\"ca-ES\"> online amb altres usuaris, fer-te seguidor del portal (FOLLOW \u2013 SEGUIR) i rebre notificacions. Fes una ullada a la biblioteca online d\u2019en Pere <\/span><\/span><\/span><\/span><span style=\"color: #1155cc\"><span style=\"font-family: Inconsolata, monospace\"><span style=\"font-size: large\"><span lang=\"ca-ES\"><b><a href=\"https:\/\/independent.academia.edu\/PedroCASALDALIGA\" target=\"_blank\" rel=\"noopener noreferrer\">AQUI<\/a><\/b><\/span><\/span><\/span><\/span><span style=\"color: #000000\"><span style=\"font-family: Inconsolata, monospace\"><span style=\"font-size: large\"><span lang=\"ca-ES\">.<\/span><\/span><\/span><\/span><\/p>\n<p><strong><span style=\"color: #000000\"><span style=\"font-family: Inconsolata, monospace\"><span style=\"font-size: large\">Jos\u00e9 Mar\u00eda Concepci\u00f3n Rodr\u00edguez<\/span><\/span><\/span><\/strong><span style=\"color: #000000\"><span style=\"font-family: Inconsolata, monospace\"><span style=\"font-size: large\"><br \/>\nAdministrador de Obra y archivo<br \/>\n<\/span><\/span><\/span><a href=\"https:\/\/independent.academia.edu\/PedroCASALDALIGA\" target=\"_blank\" rel=\"noopener noreferrer\"><span style=\"color: #1155cc\"><span style=\"font-family: Inconsolata, monospace\"><span style=\"font-size: large\">Biblioteca Online Pedro Casald\u00e1liga<\/span><\/span><\/span><\/a><\/p>\n<p>&nbsp;<\/p>\n","protected":false},"excerpt":{"rendered":"<p>Aprofitant que ara tinc m\u00e9s temps, estic rellegint llibres antics. Alguns d\u2019ells -no gaires- m\u2019han acompanyat durant anys i han fet molts quil\u00f2metres amb mi. Quan els miro tan ben arrenglerats a la meva biblioteca m\u2019entra certa nost\u00e0lgia i sembla que em diuen que els torni a agafar perqu\u00e8 encara tenen moltes coses a dir-me. [&hellip;]<\/p>\n","protected":false},"author":214,"featured_media":0,"comment_status":"open","ping_status":"open","sticky":false,"template":"","format":"standard","meta":{"_jetpack_memberships_contains_paid_content":false,"footnotes":"","jetpack_publicize_message":"","jetpack_publicize_feature_enabled":true,"jetpack_social_post_already_shared":false,"jetpack_social_options":{"image_generator_settings":{"template":"highway","default_image_id":0,"font":"","enabled":false},"version":2}},"categories":[5413,145],"tags":[3762,31825],"class_list":["post-6920","post","type-post","status-publish","format-standard","hentry","category-pere-casaldaliga-esglesia-religio","category-poesia","tag-pere-casaldaliga","tag-poesia"],"jetpack_publicize_connections":[],"jetpack_featured_media_url":"","jetpack_shortlink":"https:\/\/wp.me\/pagkjs-1NC","jetpack-related-posts":[],"jetpack_sharing_enabled":true,"_links":{"self":[{"href":"https:\/\/blogs.avui.cat\/jaumepubill\/wp-json\/wp\/v2\/posts\/6920","targetHints":{"allow":["GET"]}}],"collection":[{"href":"https:\/\/blogs.avui.cat\/jaumepubill\/wp-json\/wp\/v2\/posts"}],"about":[{"href":"https:\/\/blogs.avui.cat\/jaumepubill\/wp-json\/wp\/v2\/types\/post"}],"author":[{"embeddable":true,"href":"https:\/\/blogs.avui.cat\/jaumepubill\/wp-json\/wp\/v2\/users\/214"}],"replies":[{"embeddable":true,"href":"https:\/\/blogs.avui.cat\/jaumepubill\/wp-json\/wp\/v2\/comments?post=6920"}],"version-history":[{"count":7,"href":"https:\/\/blogs.avui.cat\/jaumepubill\/wp-json\/wp\/v2\/posts\/6920\/revisions"}],"predecessor-version":[{"id":6934,"href":"https:\/\/blogs.avui.cat\/jaumepubill\/wp-json\/wp\/v2\/posts\/6920\/revisions\/6934"}],"wp:attachment":[{"href":"https:\/\/blogs.avui.cat\/jaumepubill\/wp-json\/wp\/v2\/media?parent=6920"}],"wp:term":[{"taxonomy":"category","embeddable":true,"href":"https:\/\/blogs.avui.cat\/jaumepubill\/wp-json\/wp\/v2\/categories?post=6920"},{"taxonomy":"post_tag","embeddable":true,"href":"https:\/\/blogs.avui.cat\/jaumepubill\/wp-json\/wp\/v2\/tags?post=6920"}],"curies":[{"name":"wp","href":"https:\/\/api.w.org\/{rel}","templated":true}]}}