{"id":6868,"date":"2019-11-24T19:10:17","date_gmt":"2019-11-24T18:10:17","guid":{"rendered":"https:\/\/blogs.avui.cat\/jaumepubill\/?p=6868"},"modified":"2019-11-24T19:10:17","modified_gmt":"2019-11-24T18:10:17","slug":"avui-luruguai-vota-nou-president","status":"publish","type":"post","link":"https:\/\/blogs.avui.cat\/jaumepubill\/2019\/11\/24\/avui-luruguai-vota-nou-president\/","title":{"rendered":"AVUI L\u2019URUGUAI VOTA NOU PRESIDENT"},"content":{"rendered":"<p><span style=\"font-size: large\"><img data-recalc-dims=\"1\" loading=\"lazy\" decoding=\"async\" class=\" aligncenter\" src=\"https:\/\/i0.wp.com\/www.infobae.com\/new-resizer\/rdemrGnyWlyrgtAhqU6zhmtxcmM%3D\/750x0\/filters%3Aquality%28100%29\/s3.amazonaws.com\/arc-wordpress-client-uploads\/infobae-wp\/wp-content\/uploads\/2019\/06\/21063232\/bandera-uruguay-1920.jpg?resize=515%2C289&#038;ssl=1\" width=\"515\" height=\"289\" \/><\/span><\/p>\n<p><span style=\"font-size: large\">Tot sovint parlo d\u2019Uruguai perqu\u00e8 ja sabeu que, despr\u00e9s de Catalunya, \u00e9s com la meva segona p\u00e0tria. \u00c9s un pa\u00eds que estimo profundament, on vaig passar vuit anys de la meva vida i on hi vaig deixar i encara hi conservo molts bons amics. Per tant, no podia deixar de parlar-ne avui que fan la segona i definitiva volta a les eleccions a president de la Rep\u00fablica.<\/span><\/p>\n<p><span style=\"font-size: large\"><span lang=\"ca-ES\">L\u2019Uruguai t\u00e9 tres milions i mig d\u2019habitants, distribu\u00efts en un territori que fa m\u00e9s o menys 5 vegades Catalunya. Per tant, ben poc poblat, m\u00e9s encara si tenim en compte que una gran part de la poblaci\u00f3 viu a la capital, Montevideo, i als seus voltants. Est\u00e0 entaforat, per b\u00e9 o per mal, entre dos immensos pa\u00efsos: l\u2019Argentina i el Brasil. <\/span><\/span><span style=\"font-size: large\"><span lang=\"ca-ES\">Ha estat poblat per immigrants vinguts majorit\u00e0riament d\u2019Espanya, de Fran\u00e7a i d\u2019It\u00e0lia (entre ells molts republicans d&#8217;idees avan\u00e7ades com Garibaldi i molts anarquistes catalans cap al 1880). \u00c9s un pa\u00eds laic, amb una educaci\u00f3 d\u2019inspiraci\u00f3 francesa basada en tres principis: gratu\u00eftat, obligatorietat i la\u00efcitat. L\u2019Uruguai, gr\u00e0cies al seu gran desenvolupament econ\u00f2mic, cultural i a la seva neutralitat democr\u00e0tica era conegut com \u00abla Su\u00efssa d\u2019Am\u00e8rica\u00bb. La societat uruguaiana s<\/span><\/span><span style=\"font-size: large\"><span lang=\"ca-ES\">empre ha intentat ser molt igualit\u00e0ria i t\u00e9 un principi molt arrelat en qu\u00e8 diuen que \u00ab<\/span><\/span><span style=\"font-size: large\"><span lang=\"ca-ES\"><i>nadie es m\u00e1s que nadie<\/i><\/span><\/span><span style=\"font-size: large\"><span lang=\"ca-ES\">\u00bb, o sigui, que ning\u00fa \u00e9s inferior als dem\u00e9s.<\/span><\/span><\/p>\n<p><span style=\"font-size: large\"><span lang=\"ca-ES\">Tradi<\/span><\/span><span style=\"font-size: large\"><span lang=\"ca-ES\">ci<\/span><\/span><span style=\"font-size: large\"><span lang=\"ca-ES\">onalment hi ha hagut al pa\u00eds dos grans partits: <\/span><\/span><span style=\"font-size: large\"><span lang=\"ca-ES\"><i>\u00abel blanco i el colorado\u00bb<\/i><\/span><\/span><span style=\"font-size: large\"><span lang=\"ca-ES\">, que s\u2019han anat repartint el govern <\/span><\/span><span style=\"font-size: large\"><span lang=\"ca-ES\">durant molts anys. L\u2019any 1971 va formar-se el <\/span><\/span><span style=\"font-size: large\"><span lang=\"ca-ES\"><i>Frente Amplio, <\/i><\/span><\/span><span style=\"font-size: large\"><span lang=\"ca-ES\">fruit<\/span><\/span><i> <\/i><span style=\"font-size: large\"><span lang=\"ca-ES\">d\u2019una coalici\u00f3 de partits i corrents d\u2019esquerra, que des del 2005 fins ara ha governat el pa\u00eds trencant la tend\u00e8ncia que estava establerta i guanyant tres eleccions seguides. Cal dir que el pa\u00eds va sofrir dos per\u00edodes de dictadura (primer al 1930 i despr\u00e9s al 1973) que van suposar una c\u00e0rrega molt negativa pel pa\u00eds en tots sentits.<\/span><\/span><\/p>\n<p><span style=\"font-size: large\"><span lang=\"ca-ES\">A<\/span><\/span><span style=\"font-size: large\"><span lang=\"ca-ES\">vui, segons els sondatges d\u2019opini\u00f3, es pot trencar la tend\u00e8ncia d\u2019aquests darrers 15 anys de governs d\u2019esquerres, progressistes i amb un fort impacte social. A la primera volta va guanyar el candidat del <\/span><\/span><span style=\"font-size: large\"><span lang=\"ca-ES\"><i>Frente Amplio<\/i><\/span><\/span><span style=\"font-size: large\"><span lang=\"ca-ES\">, per\u00f2 ara s\u2019han unit <\/span><\/span><span style=\"font-size: large\"><span lang=\"ca-ES\"><i>blancos, colorados<\/i><\/span><\/span><span style=\"font-size: large\"><span lang=\"ca-ES\"> i <\/span><\/span><span style=\"font-size: large\"><span lang=\"ca-ES\"><i>militars<\/i><\/span><\/span><span style=\"font-size: large\"><span lang=\"ca-ES\"> i sembla que en poden sortir guanyadors entorn a un president del partit blanc <\/span><\/span><span style=\"font-size: large\"><span lang=\"ca-ES\">a qui han donat suport els dem\u00e9s<\/span><\/span><span style=\"font-size: large\"><span lang=\"ca-ES\">. Des del meu punt de vista seria una ll\u00e0stima <\/span><\/span><span style=\"font-size: large\"><span lang=\"ca-ES\">i un greu error;<\/span><\/span><span style=\"font-size: large\"><span lang=\"ca-ES\"> crec que el pa\u00eds hi sortiria perdent en molts sentit, per\u00f2 especialment pel que fa a drets humans i a <\/span><\/span><span style=\"font-size: large\"><span lang=\"ca-ES\">aconseguir<\/span><\/span><span style=\"font-size: large\"><span lang=\"ca-ES\"> una societat m\u00e9s justa i igualit\u00e0ria <\/span><\/span><span style=\"font-size: large\"><span lang=\"ca-ES\">i seria tornar als antics vicis de sempre que farien retrocedir el pa\u00eds en molts \u00e0mbits. Avui n<\/span><\/span><span style=\"font-size: large\"><span lang=\"ca-ES\">ing\u00fa pot negar una evid\u00e8ncia: 700.000 persones han sortit durant aquests anys de govern d\u2019esquerres de la situaci\u00f3 de pobresa en la que vivien i s\u2019han fet molts passos positius per reparar les violacions de drets humans que va haver-hi durant els anys de dictadura \u00abc\u00edvicomilitar\u00bb (1973-1985) i per reparar d\u2019alguna manera les v\u00edctimes del terrorisme d\u2019Estat d\u2019aquells anys.<\/span><\/span><\/p>\n<p><span style=\"font-size: large\"><span lang=\"ca-ES\">\u00c9s clar que els governs del <\/span><\/span><span style=\"font-size: large\"><span lang=\"ca-ES\"><i>Fren<\/i><\/span><\/span><span style=\"font-size: large\"><span lang=\"ca-ES\"><i>t<\/i><\/span><\/span><span style=\"font-size: large\"><span lang=\"ca-ES\"><i>e Amplio<\/i><\/span><\/span><span style=\"font-size: large\"><span lang=\"ca-ES\"> no han fet les coses prou b\u00e9 (com passa amb tots els governs, per altra banda), per\u00f2 tothom reconeix que l\u2019Uruguai ha tingut un gran creixement econ\u00f2mic <\/span><\/span><span style=\"font-size: large\"><span lang=\"ca-ES\">i social. L<\/span><\/span><span style=\"font-size: large\"><span lang=\"ca-ES\">es estad\u00edstiques ho diuen i es nota al carrer. Un exemple n\u2019\u00e9s el <\/span><\/span><span style=\"font-size: large\"><span lang=\"ca-ES\">PBI (el producte interior brut) que \u00e9s ara tres o quatre vegades m\u00e9s gran del que era. <\/span><\/span><span style=\"font-size: large\"><span lang=\"ca-ES\">Per\u00f2<\/span><\/span><span style=\"font-size: large\"><span lang=\"ca-ES\"> tamb\u00e9 caldria <\/span><\/span><span style=\"font-size: large\"><span lang=\"ca-ES\">que els uruguaians\/es es fixessin una mica en all\u00f2 que<\/span><\/span><span style=\"font-size: large\"><span lang=\"ca-ES\"> passa a altres pa\u00efsos del seu entorn i <\/span><\/span><span style=\"font-size: large\"><span lang=\"ca-ES\">comparessin.<\/span><\/span><\/p>\n<p><span style=\"font-size: large\"><span lang=\"ca-ES\">Quedarem a l\u2019expectativa i veurem qu\u00e8 passa finalment. La llibertat dels ciutadans est\u00e0 per damunt de tot i ells seran <\/span><\/span><span style=\"font-size: large\"><span lang=\"ca-ES\">els que<\/span><\/span><span style=\"font-size: large\"><span lang=\"ca-ES\"> elegiran qui els governa durant aquests propers anys amb totes les conseq\u00fc\u00e8ncies que aix\u00f2 comporta. Per\u00f2 jo els diria que vigilin perqu\u00e8 aquestes conseq\u00fc\u00e8ncies poden ser nefastes.<\/span><\/span><\/p>\n<p>&nbsp;<\/p>\n","protected":false},"excerpt":{"rendered":"<p>Tot sovint parlo d\u2019Uruguai perqu\u00e8 ja sabeu que, despr\u00e9s de Catalunya, \u00e9s com la meva segona p\u00e0tria. \u00c9s un pa\u00eds que estimo profundament, on vaig passar vuit anys de la meva vida i on hi vaig deixar i encara hi conservo molts bons amics. Per tant, no podia deixar de parlar-ne avui que fan la [&hellip;]<\/p>\n","protected":false},"author":214,"featured_media":0,"comment_status":"open","ping_status":"open","sticky":false,"template":"","format":"standard","meta":{"_jetpack_memberships_contains_paid_content":false,"footnotes":"","jetpack_publicize_message":"","jetpack_publicize_feature_enabled":true,"jetpack_social_post_already_shared":false,"jetpack_social_options":{"image_generator_settings":{"template":"highway","default_image_id":0,"font":"","enabled":false},"version":2}},"categories":[2937],"tags":[29764],"class_list":["post-6868","post","type-post","status-publish","format-standard","hentry","category-uruguai","tag-alfredo-zitarrosa"],"jetpack_publicize_connections":[],"jetpack_featured_media_url":"","jetpack_shortlink":"https:\/\/wp.me\/pagkjs-1MM","jetpack-related-posts":[],"jetpack_sharing_enabled":true,"_links":{"self":[{"href":"https:\/\/blogs.avui.cat\/jaumepubill\/wp-json\/wp\/v2\/posts\/6868","targetHints":{"allow":["GET"]}}],"collection":[{"href":"https:\/\/blogs.avui.cat\/jaumepubill\/wp-json\/wp\/v2\/posts"}],"about":[{"href":"https:\/\/blogs.avui.cat\/jaumepubill\/wp-json\/wp\/v2\/types\/post"}],"author":[{"embeddable":true,"href":"https:\/\/blogs.avui.cat\/jaumepubill\/wp-json\/wp\/v2\/users\/214"}],"replies":[{"embeddable":true,"href":"https:\/\/blogs.avui.cat\/jaumepubill\/wp-json\/wp\/v2\/comments?post=6868"}],"version-history":[{"count":1,"href":"https:\/\/blogs.avui.cat\/jaumepubill\/wp-json\/wp\/v2\/posts\/6868\/revisions"}],"predecessor-version":[{"id":6869,"href":"https:\/\/blogs.avui.cat\/jaumepubill\/wp-json\/wp\/v2\/posts\/6868\/revisions\/6869"}],"wp:attachment":[{"href":"https:\/\/blogs.avui.cat\/jaumepubill\/wp-json\/wp\/v2\/media?parent=6868"}],"wp:term":[{"taxonomy":"category","embeddable":true,"href":"https:\/\/blogs.avui.cat\/jaumepubill\/wp-json\/wp\/v2\/categories?post=6868"},{"taxonomy":"post_tag","embeddable":true,"href":"https:\/\/blogs.avui.cat\/jaumepubill\/wp-json\/wp\/v2\/tags?post=6868"}],"curies":[{"name":"wp","href":"https:\/\/api.w.org\/{rel}","templated":true}]}}