{"id":6865,"date":"2019-11-17T13:50:46","date_gmt":"2019-11-17T12:50:46","guid":{"rendered":"https:\/\/blogs.avui.cat\/jaumepubill\/?p=6865"},"modified":"2019-11-17T13:50:46","modified_gmt":"2019-11-17T12:50:46","slug":"si-deu-vol","status":"publish","type":"post","link":"https:\/\/blogs.avui.cat\/jaumepubill\/2019\/11\/17\/si-deu-vol\/","title":{"rendered":"SI D\u00c9U VOL"},"content":{"rendered":"<p><span style=\"color: #000000\"><span style=\"font-family: Inconsolata, monospace\"><span style=\"font-size: large\"><img data-recalc-dims=\"1\" loading=\"lazy\" decoding=\"async\" class=\" aligncenter\" src=\"https:\/\/i0.wp.com\/4.bp.blogspot.com\/-7a15l6pnQlk\/V2J8fi57pOI\/AAAAAAAAXVE\/Jz7nM9eDMaERokn5OABw2D2Bt318RLr-gCKgB\/s640\/si-dios-quiere_%2Bel%2Bvuelo%2Bdel%2Byobirou.jpg?resize=506%2C284&#038;ssl=1\" width=\"506\" height=\"284\" \/><\/span><\/span><\/span><\/p>\n<p><span style=\"color: #000000\"><span style=\"font-family: Inconsolata, monospace\"><span style=\"font-size: large\">Tarda freda de dissabte. Havent dinat i despr\u00e9s d\u2019una curta becaina reparadora i sense cap ganes de sortir enlloc per refredat que duc al damunt, em disposo a veure alguna de les pel\u00b7l\u00edcules que la majoria d\u2019emissores ens ofereixen en aquesta hora. Tampoc \u00e9s que sigui gaire exigent en aquest camp i, per tant, nom\u00e9s acostumo a buscar alguna cosa per entretenir-me. Quan m&#8217;interessa alguna pel\u00b7l\u00edcula en concret vaig al cine. <\/span><\/span><\/span><\/p>\n<p><span style=\"color: #000000\"><span style=\"font-family: Inconsolata, monospace\"><span style=\"font-size: large\">La sorpresa d&#8217;ahir va ser topar-me amb una senzilla i divertida com\u00e8dia italiana a TV3, el protagonista de la qual era un cardi\u00f2leg ateu recalcitrant a qui, de cop i volta, se li presenta una situaci\u00f3 dif\u00edcil de digerir per a ell: el seu fill, un estudiant de medicina en qui havia dipositat moltes esperances reuneix tota la fam\u00edlia perqu\u00e8 els vol anunciar alguna cosa molt important. <span style=\"color: #333333\">Ells, que l\u2019han vist sortir sovint de nit amb un amic, intenten preparar-se an\u00edmicament per escoltar una mica anguniosos el que creuen que els dir\u00e0: que \u00e9s gai. I <\/span><span style=\"color: #333333\">tots queden sorpresos quan, en lloc d\u2019aix\u00f2, els anuncia<\/span><span style=\"color: #333333\"> que vol fer-se <\/span><span style=\"color: #333333\">capell\u00e0. I \u00e9s aqu\u00ed quan la cosa comen\u00e7a a posar-se interessant i a donar tombs inesperats fins ben b\u00e9 a un final una mica inesperat.<\/span><\/span><\/span><\/span><\/p>\n<p><span style=\"font-family: Inconsolata, monospace\"><span style=\"font-size: large\"><span style=\"color: #000000\">La <\/span><\/span><\/span><span style=\"font-family: Inconsolata, monospace\"><span style=\"font-size: large\"><span style=\"color: #000000\">pel\u00b7l\u00edcula es titula <b>SI D\u00c9U VOL <\/b><span style=\"color: #333333\">(SE DIO VUOLE) &#8211;<\/span>una com\u00e8dia italiana del 2015 i que t\u00e9 com a director Edoardo Falcone- enganxa des del primer moment per tota una bona s\u00e8rie de gags c\u00f2mics que t\u00e9 al principi, tots ells molt ben aconseguits. Per\u00f2 la com\u00e8dia, tot i conservar les caracter\u00edstiques durant tota l\u2019estona, ens va plantejant de mica en mica altres q\u00fcestionaments for\u00e7a seriosos i alhora interessants: els valors t\u00edpics d\u2019un metge liberal i fam\u00f3s, per\u00f2 molt cregut i for\u00e7a dictatorial amb els que l\u2019envolten; el retrat d\u2019una fam\u00edlia burgesa que \u00e9s un desastre i fa aig\u00fces per tots costats; el fet que un sotrac fort en la vida d\u2019una persona pot canviar-la de dalt abaix; la relaci\u00f3 que s\u2019estableix entre ell, metge ateu, descregut i menjacapellans i un capell\u00e0 que es cola sense voler en la seva vida&#8230;<\/span><\/span><\/span><\/p>\n<p><span style=\"font-family: Inconsolata, monospace\"><span style=\"font-size: large\"><span style=\"color: #000000\">La pel\u00b7l\u00edcula em va agradar i em va fer pensar una bona estona que una bona sotragada en la vida d\u2019una persona generalment va molt b\u00e9 i acostuma a ser positiva. Ens trobem amb sotragades de moltes menes: de salut, d\u2019amics que ens fallen, de familiars que no ens entenen i a qui nosaltres no entenem, de feina, de cops de sort o de desg\u00e0cies inesperats &#8230; Una bona sotragada ens acostuma a humanitzar, a fer-nos baixar els fums, a relativitzar certes coses i a donar-ne import\u00e0ncia a altres. Les sotragades vitals acostumen a ser sempre doloroses i desconcertants i no sempre sabem treure\u2019n profit. Algunes persones les superen, les accepten com una realitat transformadora i positiva. Fan que la seva vida canvi\u00ef i fins i tot millori. Per\u00f2 per desgr\u00e0cia tamb\u00e9 pot passar el contrari i fer que la persona s\u2019enfonsi del tot i es perdi irremeiablement. La vida \u00e9s aquesta pretesa ruleta que no sabem on ens porta?<\/span><\/span><\/span><\/p>\n<p><span style=\"color: #000000\"><span style=\"font-family: Inconsolata, monospace\"><span style=\"font-size: large\">Si p<\/span><\/span><\/span><span style=\"color: #000000\"><span style=\"font-family: Inconsolata, monospace\"><span style=\"font-size: large\">er algunes persones la vida est\u00e0 en mans de D\u00e9u (fins no fa gaire era comuna l\u2019expressi\u00f3 <\/span><\/span><\/span><span style=\"color: #000000\"><span style=\"font-family: Inconsolata, monospace\"><span style=\"font-size: large\"><i>\u00abfins dem\u00e0, si D\u00e9u vol\u00bb<\/i><\/span><\/span><\/span><span style=\"color: #000000\"><span style=\"font-family: Inconsolata, monospace\"><span style=\"font-size: large\">), <\/span><\/span><\/span><span style=\"color: #000000\"><span style=\"font-family: Inconsolata, monospace\"><span style=\"font-size: large\">p<\/span><\/span><\/span><span style=\"color: #000000\"><span style=\"font-family: Inconsolata, monospace\"><span style=\"font-size: large\">er altres D\u00e9u \u00e9s un concepte estrany, lluny\u00e0 o alguna cosa que no pot existir de cap manera. Per\u00f2 tamb\u00e9 \u00e9s cert que quan ens trobem en la solitud m\u00e9s profunda de nosaltres mateixos n<\/span><\/span><\/span><span style=\"color: #000000\"><span style=\"font-family: Inconsolata, monospace\"><span style=\"font-size: large\">ormalment sorgeixen les mateixes preguntes tant <\/span><\/span><\/span><span style=\"color: #000000\"><span style=\"font-family: Inconsolata, monospace\"><span style=\"font-size: large\">en els<\/span><\/span><\/span><span style=\"color: #000000\"><span style=\"font-family: Inconsolata, monospace\"><span style=\"font-size: large\"> creients com <\/span><\/span><\/span><span style=\"color: #000000\"><span style=\"font-family: Inconsolata, monospace\"><span style=\"font-size: large\">en els<\/span><\/span><\/span><span style=\"color: #000000\"><span style=\"font-family: Inconsolata, monospace\"><span style=\"font-size: large\"> no creients perqu\u00e8 la malaltia, la solitud, els desenganys, etc., ens posen tots al mateix nivell i no hi ha diners, ni poder, ni res que ens estalvi\u00ef certs dolors materials o espirituals i certes experi\u00e8ncies vitals. Per aix\u00f2 mateix vaig trobar molt interessant la conversa entre el metge i el capell\u00e0 davant la pera madura que penjava de l\u2019arbre: el capell\u00e0 deia que la pera no cauria nom\u00e9s per la for\u00e7a de la gravetat sin\u00f3 que cauria quan D\u00e9u volgu\u00e9s i a l\u2019hora menys pensada. <\/span><\/span><\/span><span style=\"font-size: large;font-family: Inconsolata, monospace;color: #000000\">D\u2019aquesta frase s&#8217;extreu el t\u00edtol de la pel\u00b7l\u00edcula&#8230; Cadasc\u00fa veur\u00e0 com entoma aquest SI D\u00c9U VOL. Per\u00f2 s\u00ed que he de dir que em va semblar que al metge li serveix per replantejar-se la vida quan veu que la pera cau davant seu, volent D\u00e9u o sense voler.\u00a0<\/span><\/p>\n","protected":false},"excerpt":{"rendered":"<p>Tarda freda de dissabte. Havent dinat i despr\u00e9s d\u2019una curta becaina reparadora i sense cap ganes de sortir enlloc per refredat que duc al damunt, em disposo a veure alguna de les pel\u00b7l\u00edcules que la majoria d\u2019emissores ens ofereixen en aquesta hora. Tampoc \u00e9s que sigui gaire exigent en aquest camp i, per tant, nom\u00e9s [&hellip;]<\/p>\n","protected":false},"author":214,"featured_media":0,"comment_status":"open","ping_status":"open","sticky":false,"template":"","format":"standard","meta":{"_jetpack_memberships_contains_paid_content":false,"footnotes":"","jetpack_publicize_message":"","jetpack_publicize_feature_enabled":true,"jetpack_social_post_already_shared":false,"jetpack_social_options":{"image_generator_settings":{"template":"highway","default_image_id":0,"font":"","enabled":false},"version":2}},"categories":[214,666,2941],"tags":[31831,31854,31912],"class_list":["post-6865","post","type-post","status-publish","format-standard","hentry","category-cinema","category-religio","category-vida-i-mort","tag-cinema","tag-religio","tag-vida-i-mort"],"jetpack_publicize_connections":[],"jetpack_featured_media_url":"","jetpack_shortlink":"https:\/\/wp.me\/pagkjs-1MJ","jetpack-related-posts":[],"jetpack_sharing_enabled":true,"_links":{"self":[{"href":"https:\/\/blogs.avui.cat\/jaumepubill\/wp-json\/wp\/v2\/posts\/6865","targetHints":{"allow":["GET"]}}],"collection":[{"href":"https:\/\/blogs.avui.cat\/jaumepubill\/wp-json\/wp\/v2\/posts"}],"about":[{"href":"https:\/\/blogs.avui.cat\/jaumepubill\/wp-json\/wp\/v2\/types\/post"}],"author":[{"embeddable":true,"href":"https:\/\/blogs.avui.cat\/jaumepubill\/wp-json\/wp\/v2\/users\/214"}],"replies":[{"embeddable":true,"href":"https:\/\/blogs.avui.cat\/jaumepubill\/wp-json\/wp\/v2\/comments?post=6865"}],"version-history":[{"count":1,"href":"https:\/\/blogs.avui.cat\/jaumepubill\/wp-json\/wp\/v2\/posts\/6865\/revisions"}],"predecessor-version":[{"id":6866,"href":"https:\/\/blogs.avui.cat\/jaumepubill\/wp-json\/wp\/v2\/posts\/6865\/revisions\/6866"}],"wp:attachment":[{"href":"https:\/\/blogs.avui.cat\/jaumepubill\/wp-json\/wp\/v2\/media?parent=6865"}],"wp:term":[{"taxonomy":"category","embeddable":true,"href":"https:\/\/blogs.avui.cat\/jaumepubill\/wp-json\/wp\/v2\/categories?post=6865"},{"taxonomy":"post_tag","embeddable":true,"href":"https:\/\/blogs.avui.cat\/jaumepubill\/wp-json\/wp\/v2\/tags?post=6865"}],"curies":[{"name":"wp","href":"https:\/\/api.w.org\/{rel}","templated":true}]}}