{"id":6832,"date":"2019-09-19T17:48:40","date_gmt":"2019-09-19T16:48:40","guid":{"rendered":"https:\/\/blogs.avui.cat\/jaumepubill\/?p=6832"},"modified":"2019-09-19T17:52:35","modified_gmt":"2019-09-19T16:52:35","slug":"una-politica-decepcionant","status":"publish","type":"post","link":"https:\/\/blogs.avui.cat\/jaumepubill\/2019\/09\/19\/una-politica-decepcionant\/","title":{"rendered":"UNA POL\u00cdTICA DECEBEDORA"},"content":{"rendered":"<p><span style=\"font-family: Inconsolata, monospace\"><span style=\"font-size: large\"><img data-recalc-dims=\"1\" loading=\"lazy\" decoding=\"async\" class=\"alignnone \" src=\"https:\/\/i0.wp.com\/1.bp.blogspot.com\/-hi5qu4RuRhQ\/UAn7lo3m08I\/AAAAAAAAR_Q\/UZhn6vonGqU\/s640\/120715.lobo.ovejas.recortar.sueldos.politicos.senado.jpg?resize=488%2C325&#038;ssl=1\" width=\"488\" height=\"325\" \/><\/span><\/span><\/p>\n<p><span style=\"font-family: Inconsolata, monospace\"><span style=\"font-size: large\">La <\/span><\/span><span style=\"font-family: Inconsolata, monospace\"><span style=\"font-size: large\">pol\u00edtica hauria de ser una eina i un cam\u00ed cap a la construcci\u00f3 d&#8217;una societat millor, m\u00e9s justa i amb una millor conviv\u00e8ncia. Tots podem constatar que aquest ideal cada vegada s&#8217;aconsegueix menys i m\u00e9s aviat anem cap al sentit contrari i, per tant, em sembla que la desafecci\u00f3 i el poc inter\u00e8s per la pol\u00edtica es fa cada dia m\u00e9s evident. Millor dit: potser el desenc\u00eds no \u00e9s tant de la pol\u00edtica sin\u00f3 dels pol\u00edtics. Tenim uns pol\u00edtics cada cop m\u00e9s in\u00fatils per a fer la feina que els hem encomanat fer i que cada dia es mereixen menys el nostre inter\u00e8s per tota una s\u00e8rie de raons que, sumades, fan que h\u00e0gim arribat on hem arribat. Al descr\u00e8dit quasi total! <\/span><\/span><\/p>\n<p><span style=\"font-family: Inconsolata, monospace\"><span style=\"font-size: large\">Sempre hav\u00edem pensat que l&#8217;arribada de noves generacions implicaria una renovaci\u00f3 i noves formes de fer. Res de tot aix\u00f2 ha passat. Crec que s\u00f3n encara m\u00e9s incapa\u00e7os que els vells i segueixen amb els mateixos defectes i sense donar respostes satisfact\u00f2ries a les urgents demandes socials que necessitem. Ho veiem aquests dies quan hem d&#8217;anar a unes noves eleccions que, en teoria, ning\u00fa vol i que Espanya no necessitava. I aix\u00f2 \u00e9s culpa dels principals responsables dels grans partits espanyols, tots ells prou joves com per tenir una altra visi\u00f3 de les coses. Veiem com s\u00f3n uns in\u00fatils totals i que el millor que podrien fer \u00e9s anar-se&#8217;n cap a casa seva. Segueixen tenint el mateix sentit de gueto de sempre i pensant m\u00e9s en el propi partit que no pas en el b\u00e9 com\u00fa. \u00danicament pensen en acumular poder i m\u00e9s poder per poder aprofitar-se&#8217;n de manera totalment egoista i<span style=\"color: #000000\"> tancats en les seves pr\u00f2pies l\u00f2giques d\u2019acumulaci\u00f3 de poder, perdent de vista la finalitat \u00faltima de l\u2019exercici de construcci\u00f3 de la conviv\u00e8ncia col\u2022lectiva i del benestar dels ciutadans. I, \u00e9s clar, posats en aquesta atmosfera en qu\u00e8 respiren cont\u00ednuament s\u00f3n temptats per la corrupci\u00f3, un fenomen present de sempre per\u00f2 que sembla que ning\u00fa t\u00e9 ganes de corregir. Ni ells, ni la majoria de mitjans de comunicaci\u00f3, que haurien de ser els que vetllessin pel tema. Per\u00f2 aquests mateixos mitjans s\u00f3n els principals interessats en mantenir l&#8217;estatus quo.<\/span><\/span><\/span><\/p>\n<p><span style=\"font-family: Inconsolata, monospace\"><span style=\"font-size: large\"><span style=\"color: #000000\">Corrupci\u00f3, poder sense control, poca i vergonyant separaci\u00f3 de poders, esperit de gueto i total incapacitat de dialogar s\u00f3n el caldo de cultiu ideal per arribar on hem arribat i perqu\u00e8 puguem posar en dubte amb molt fonament la democr\u00e0cia, que veiem cada dia m\u00e9s tocada de mort. I nom\u00e9s cal veure la valoraci\u00f3 dels pol\u00edtics que registren les enquestes per arribar a la conclusi\u00f3 que aix\u00ed no arribarem enlloc. I no sembla pas que els partits tinguin cap mena d&#8217;inter\u00e8s en canviar, si no \u00e9s que la societat els faci canviar per for\u00e7a. Aquesta abs\u00e8ncia de canvis suggereix que el punt d\u00e8bil del sistema pol\u00edtic, de la democr\u00e0cia pol\u00edtica, \u00e9s la representativitat. Els pol\u00edtics actuals no ens representeu prou ni prou b\u00e9 i sembla que ning\u00fa tingui clar cap on hem d&#8217;anar ni com resoldre els problemes m\u00e9s elementals. Segueixen amb esquemes antics i sense cap mena d&#8217;imaginaci\u00f3 en un m\u00f3n cada cop m\u00e9s complex. Veurem en aquestes pr\u00f2ximes eleccions el grau d&#8217;abstenci\u00f3 que hi haur\u00e0, justament per aquest afartament de la mala pol\u00edtica i dels mals pol\u00edtics.<\/span><\/span><\/span><\/p>\n<p><span style=\"font-family: Inconsolata, monospace\"><span style=\"font-size: large\"><span style=\"color: #000000\">Un urgent una neteja i un replantejament de la pol\u00edtica. \u00c9s urgent que surtin nous partits i unes noves regles de joc que permetin representativitat directa i amb ganes de fer les coses de diferent manera si no volem anar de dret cap al desastre total.<\/span><\/span><\/span><\/p>\n","protected":false},"excerpt":{"rendered":"<p>La pol\u00edtica hauria de ser una eina i un cam\u00ed cap a la construcci\u00f3 d&#8217;una societat millor, m\u00e9s justa i amb una millor conviv\u00e8ncia. Tots podem constatar que aquest ideal cada vegada s&#8217;aconsegueix menys i m\u00e9s aviat anem cap al sentit contrari i, per tant, em sembla que la desafecci\u00f3 i el poc inter\u00e8s per [&hellip;]<\/p>\n","protected":false},"author":214,"featured_media":0,"comment_status":"open","ping_status":"open","sticky":false,"template":"","format":"standard","meta":{"_jetpack_memberships_contains_paid_content":false,"footnotes":"","jetpack_publicize_message":"","jetpack_publicize_feature_enabled":true,"jetpack_social_post_already_shared":false,"jetpack_social_options":{"image_generator_settings":{"template":"highway","default_image_id":0,"font":"","enabled":false},"version":2}},"categories":[172],"tags":[31828],"class_list":["post-6832","post","type-post","status-publish","format-standard","hentry","category-politica","tag-politica"],"jetpack_publicize_connections":[],"jetpack_featured_media_url":"","jetpack_shortlink":"https:\/\/wp.me\/pagkjs-1Mc","jetpack-related-posts":[],"jetpack_sharing_enabled":true,"_links":{"self":[{"href":"https:\/\/blogs.avui.cat\/jaumepubill\/wp-json\/wp\/v2\/posts\/6832","targetHints":{"allow":["GET"]}}],"collection":[{"href":"https:\/\/blogs.avui.cat\/jaumepubill\/wp-json\/wp\/v2\/posts"}],"about":[{"href":"https:\/\/blogs.avui.cat\/jaumepubill\/wp-json\/wp\/v2\/types\/post"}],"author":[{"embeddable":true,"href":"https:\/\/blogs.avui.cat\/jaumepubill\/wp-json\/wp\/v2\/users\/214"}],"replies":[{"embeddable":true,"href":"https:\/\/blogs.avui.cat\/jaumepubill\/wp-json\/wp\/v2\/comments?post=6832"}],"version-history":[{"count":2,"href":"https:\/\/blogs.avui.cat\/jaumepubill\/wp-json\/wp\/v2\/posts\/6832\/revisions"}],"predecessor-version":[{"id":6835,"href":"https:\/\/blogs.avui.cat\/jaumepubill\/wp-json\/wp\/v2\/posts\/6832\/revisions\/6835"}],"wp:attachment":[{"href":"https:\/\/blogs.avui.cat\/jaumepubill\/wp-json\/wp\/v2\/media?parent=6832"}],"wp:term":[{"taxonomy":"category","embeddable":true,"href":"https:\/\/blogs.avui.cat\/jaumepubill\/wp-json\/wp\/v2\/categories?post=6832"},{"taxonomy":"post_tag","embeddable":true,"href":"https:\/\/blogs.avui.cat\/jaumepubill\/wp-json\/wp\/v2\/tags?post=6832"}],"curies":[{"name":"wp","href":"https:\/\/api.w.org\/{rel}","templated":true}]}}