{"id":6761,"date":"2019-05-27T16:17:07","date_gmt":"2019-05-27T15:17:07","guid":{"rendered":"https:\/\/blogs.avui.cat\/jaumepubill\/?p=6761"},"modified":"2019-05-27T16:20:14","modified_gmt":"2019-05-27T15:20:14","slug":"lendema-deleccions","status":"publish","type":"post","link":"https:\/\/blogs.avui.cat\/jaumepubill\/2019\/05\/27\/lendema-deleccions\/","title":{"rendered":"L&#8217;ENDEM\u00c0 D&#8217;ELECCIONS"},"content":{"rendered":"<p><span style=\"color: #000000\"><span style=\"font-family: Inconsolata, monospace\"><span style=\"font-size: medium\"><img data-recalc-dims=\"1\" loading=\"lazy\" decoding=\"async\" class=\"alignnone \" src=\"https:\/\/i0.wp.com\/www.lr21.com.uy\/wp-content\/uploads\/2019\/01\/politica.jpg?resize=571%2C302\" width=\"571\" height=\"302\" \/><\/span><\/span><\/span><\/p>\n<p><span style=\"color: #000000\"><span style=\"font-family: Inconsolata, monospace\"><span style=\"font-size: medium\">Escric aquesta petita reflexi\u00f3 l&#8217;endem\u00e0 d&#8217;eleccions. Ara descansarem una mica. Els dies de campanya se m&#8217;han fet llargs i pesats perqu\u00e8 venim enlla\u00e7ant massa discursos, massa paraules, massa crits, massa teatre dolent i massa insults. Ara arriba l&#8217;hora del fets i de portar a terme tot all\u00f2 que ens han prom\u00e8s.<\/span><\/span><\/span><\/p>\n<p><span style=\"color: #000000\"><span style=\"font-family: Inconsolata, monospace\"><span style=\"font-size: medium\">La pol\u00edtica hauria de ser servei a la ciutadania i procurar que la cosa p\u00fablica funcioni. Caldria humanitzar la pol\u00edtica -tal com es reclama sovint- , la qual cosa significa que la persona hauria de ser el centre de tot. Caldria tamb\u00e9 que pogu\u00e9ssim creure algun dia que un altre m\u00f3n m\u00e9s just \u00e9s possible. Caldria posar el ciutad\u00e0 al centre dels debats i pensar m\u00e9s en les persones i menys en projectes fara\u00f2nics i sense massa sentit. O potser s\u00ed que tenen un sentit: embutxacar-se uns quan milions uns quants pocavergonyes sense escr\u00fapols. Caldria que un dia pogu\u00e9ssim arribar a creure que els que ens governen pensen m\u00e9s en els altres que en ells mateixos. <\/span><\/span><\/span><\/p>\n<p><span style=\"color: #000000\"><span style=\"font-family: Inconsolata, monospace\"><span style=\"font-size: medium\">Els governants tenen una gran responsabilitat, per\u00f2 nosaltres tamb\u00e9 la tenim. Per aix\u00f2 els elegim. I no ens podem queixar si tornem a caure una i altra vegada en el mateix parany i a ensopegar en la mateixa pedra. Quan elegim, haur\u00edem d&#8217;elegir pensant en el b\u00e9 de la majoria i no nom\u00e9s en el nostre propi b\u00e9. No s\u00e9 pas si ho fem sempre aix\u00f2&#8230;<\/span><\/span><\/span><\/p>\n<p><span style=\"color: #000000\"><span style=\"font-family: Inconsolata, monospace\"><span style=\"font-size: medium\">La pol\u00edtica s&#8217;hauria d&#8217;humanitzar, de la mateixa manera que s&#8217;hauria d&#8217;humanitzar la societat sencera. L&#8217;empresa, l&#8217;esport, la feina, l&#8217;economia. I tantes i tantes coses que poc a poc hem anat deshumanitzant. Per\u00f2, a la vegada, tamb\u00e9 s&#8217;hauria de polititzar la societat; aix\u00f2 vol dir informar-se millor, contrastar opinions, ser m\u00e9s cr\u00edtic amb les informacions que ens arriben, comprometre&#8217;ns m\u00e9s amb la cosa p\u00fablica, buscar el b\u00e9 com\u00fa, posar-se al servei dels m\u00e9s desfavorits, etc.<\/span><\/span><\/span><\/p>\n<p><span style=\"color: #000000\"><span style=\"font-family: Inconsolata, monospace\"><span style=\"font-size: medium\">Ara arriba l&#8217;hora de la feina i el moment en qu\u00e8 molts es retrataran. Veurem com molts pol\u00edtics pensen m\u00e9s en el partit -i a fi de comptes amb ells mateixos- que no pas en el b\u00e9 com\u00fa. Tant de bo siguem capa\u00e7os de destapar-los les vergonyes. I tant de bo els mitjans de comunicaci\u00f3 siguin m\u00e9s valents del que en general s\u00f3n i facin la funci\u00f3 que els correspon: dir la veritat i destapar les mentides i els mentiders. Tant de bo!<\/span><\/span><\/span><\/p>\n","protected":false},"excerpt":{"rendered":"<p>Escric aquesta petita reflexi\u00f3 l&#8217;endem\u00e0 d&#8217;eleccions. Ara descansarem una mica. Els dies de campanya se m&#8217;han fet llargs i pesats perqu\u00e8 venim enlla\u00e7ant massa discursos, massa paraules, massa crits, massa teatre dolent i massa insults. Ara arriba l&#8217;hora del fets i de portar a terme tot all\u00f2 que ens han prom\u00e8s. La pol\u00edtica hauria de [&hellip;]<\/p>\n","protected":false},"author":214,"featured_media":0,"comment_status":"open","ping_status":"open","sticky":false,"template":"","format":"standard","meta":{"_jetpack_memberships_contains_paid_content":false,"footnotes":"","jetpack_publicize_message":"","jetpack_publicize_feature_enabled":true,"jetpack_social_post_already_shared":false,"jetpack_social_options":{"image_generator_settings":{"template":"highway","default_image_id":0,"font":"","enabled":false},"version":2}},"categories":[172],"tags":[31828],"class_list":["post-6761","post","type-post","status-publish","format-standard","hentry","category-politica","tag-politica"],"jetpack_publicize_connections":[],"jetpack_featured_media_url":"","jetpack_shortlink":"https:\/\/wp.me\/pagkjs-1L3","jetpack-related-posts":[],"jetpack_sharing_enabled":true,"_links":{"self":[{"href":"https:\/\/blogs.avui.cat\/jaumepubill\/wp-json\/wp\/v2\/posts\/6761","targetHints":{"allow":["GET"]}}],"collection":[{"href":"https:\/\/blogs.avui.cat\/jaumepubill\/wp-json\/wp\/v2\/posts"}],"about":[{"href":"https:\/\/blogs.avui.cat\/jaumepubill\/wp-json\/wp\/v2\/types\/post"}],"author":[{"embeddable":true,"href":"https:\/\/blogs.avui.cat\/jaumepubill\/wp-json\/wp\/v2\/users\/214"}],"replies":[{"embeddable":true,"href":"https:\/\/blogs.avui.cat\/jaumepubill\/wp-json\/wp\/v2\/comments?post=6761"}],"version-history":[{"count":2,"href":"https:\/\/blogs.avui.cat\/jaumepubill\/wp-json\/wp\/v2\/posts\/6761\/revisions"}],"predecessor-version":[{"id":6764,"href":"https:\/\/blogs.avui.cat\/jaumepubill\/wp-json\/wp\/v2\/posts\/6761\/revisions\/6764"}],"wp:attachment":[{"href":"https:\/\/blogs.avui.cat\/jaumepubill\/wp-json\/wp\/v2\/media?parent=6761"}],"wp:term":[{"taxonomy":"category","embeddable":true,"href":"https:\/\/blogs.avui.cat\/jaumepubill\/wp-json\/wp\/v2\/categories?post=6761"},{"taxonomy":"post_tag","embeddable":true,"href":"https:\/\/blogs.avui.cat\/jaumepubill\/wp-json\/wp\/v2\/tags?post=6761"}],"curies":[{"name":"wp","href":"https:\/\/api.w.org\/{rel}","templated":true}]}}