{"id":669,"date":"2010-02-18T23:02:44","date_gmt":"2010-02-18T21:02:44","guid":{"rendered":"http:\/\/blogs.avui.cat\/jaumepubill\/2010\/02\/18\/el-gran-frau-de-la-grip-a\/"},"modified":"2010-02-18T23:02:44","modified_gmt":"2010-02-18T21:02:44","slug":"el-gran-frau-de-la-grip-a","status":"publish","type":"post","link":"https:\/\/blogs.avui.cat\/jaumepubill\/2010\/02\/18\/el-gran-frau-de-la-grip-a\/","title":{"rendered":"El gran frau de la grip A."},"content":{"rendered":"<p><img decoding=\"async\" src=\"http:\/\/t1.gstatic.com\/images?q=tbn:gkpZZ_Bx6T_DYM:http:\/\/tecnologyc.com\/wp-content\/2009\/12\/gripe-a-1.jpg\" \/> Joaquin Ventura en &quot;Fe adulta&quot; recull una afirmaci\u00f3 molt gruixuda que va fer Wolfgang Wodarg, president de la Comissi\u00f3 de Salut del Consell d\u2019Europa. O sigui, qui fa aquesta afirmaci\u00f3 t\u00e9 autoritat. No \u00e9s un qualsevol. I l&#8217;afirmaci\u00f3 \u00e9s la seg\u00fcent:<\/p>\n<p>&quot; L\u2019OMS i les farmac\u00e8utiques van inventar-se una crisi falsa per a vendre vacunes&quot;. Segons ell \u201cla grip A \u00e9s un dels esc\u00e0ndols m\u00e8dics m\u00e9s grans d\u2019aquest segle\u201d. I ha afegit \u201cla suposada pand\u00e8mia \u00e9s un muntatge dels gegants farmac\u00e8utics i l\u2019Organitzaci\u00f3 Mundial de la Salut\u201d.<\/p>\n<p>Wodarg ha afirmat que l\u2019Organitzaci\u00f3 Mundial de la Salut (OMS) va suavitzar la definici\u00f3 de pand\u00e8mia perqu\u00e8 els cient\u00edfics li van demanar, i que les companyies farmac\u00e8utiques ho van aprofitar per aconseguir contractes de venda per a les seves vacunes. Nom\u00e9s en el quart trimestre del 2009, una companyia la Glaxo SmithKline, havia ingressat 1700 milions de d\u00f2lars gr\u00e0cies a les vendes de vacunes contra la grip A H1N1.<\/p>\n<p>Com a resultat, els governs han gastat milions d\u2019euros en campanyes de vacunaci\u00f3. A m\u00e9s a m\u00e9s, milers d\u2019animals que van donar positiu en les proves de grip A H1N1, han estat sacrificats.<\/p>\n<p>El Consell d\u2019Europa investigar\u00e0 aquestes acusacions, i aix\u00f2 \u00e9s una mala not\u00edcia per a les companyies fabricants de les vacunes i els medicaments contra la grip A.<\/p>\n<p>Ja el juliol del 2009 va quedar clar que el nombre de morts que es produ\u00efen entre els malalts de grip A era menor que les que es produeixen amb la grip estacional comuna, per\u00f2 la OMS no va dubtar en qualificar la malaltia com a pand\u00e8mia. La declaraci\u00f3 de qu\u00e8 la grip A era una pand\u00e8mia va ser definitiva per a qu\u00e8 els governs compressin aquestes grans quantitats de vacunes. Pa\u00efsos com Fran\u00e7a, el Regne Unit, Alemanya, Holanda o Espanya es troben ara amb grans<em> estocs <\/em>de vacunes que no han utilitzat.<\/p>\n<p>Wodarg ha explicat que, en opini\u00f3 seva, la ra\u00f3 per a qu\u00e8 tot aix\u00f2 hagi passat cal buscar-la en els brots de grip aviar H5N1 que van produir-se fa pocs anys. Com que aquest virus s\u00ed que va ser realment perill\u00f3s, els governs van firmar contractes amb les empreses farmac\u00e8utiques en els quals es comprometien a comprar vacunes i f\u00e0rmacs <strong>si es produ\u00efa una pand\u00e8mia<\/strong>. En aquest cas, els fabricants d\u2019aquests productes podrien fer efectius els contractes.<\/p>\n<p>\u201cPer a poder vendre els seus f\u00e0rmacs i vacunes contra la grip aviar, les companyies farmac\u00e8utiques han pressionat als cient\u00edfics i ag\u00e8ncies oficials, responsables de la salut p\u00fablica, per alarmar als governs de tot el m\u00f3n\u201d, ha dit Wodarg.<\/p>\n<p>Aix\u00ed, s\u2019han malgastat els recursos econ\u00f2mics destinats a la salut p\u00fablica en estrat\u00e8gies ineficients de vacunaci\u00f3. A m\u00e9s a m\u00e9s, \u201cs\u2019ha exposat de forma innecess\u00e0ria a milions de persones al risc de patir efectes secundaris desconeguts a causa d\u2019unes vacunes insuficientment testades\u201d, ha posat de manifest el president de la Comissi\u00f3 de Salut.<\/p>\n<p>Si el Consell d\u2019Europa estableix en la seva investigaci\u00f3 que aquest \u201ccirc\u201d ha estat una \u201cvolunt\u00e0ria i c\u00ednica\u201d manipulaci\u00f3 de les companyies farmac\u00e8utiques, les demandar\u00e0 per obtenir-ne compensacions.<\/p>\n<p><a href=\"http:\/\/www.feadulta.com\/elReino_fraude-gripe-A.htm\">http:\/\/www.feadulta.com\/elReino_fraude-gripe-A.htm<\/a><\/p>\n<p>Despr\u00e9s d&#8217;aix\u00f2 em pregunto: <\/p>\n<p>-Com podrem seguir fiant-nos dels nostres governs i d&#8217; institucions tan aparentment serioses com la OMS? <\/p>\n<p>-Per qu\u00e8 tanta gent -tamb\u00e9 aparentment seriosa- va criticar tant la monja benedictina Teresa Forcades quan va fer aquelles afirmacions que van donar la volta al m\u00f3n i ara ning\u00fa surt a la seva defensa i dient que tenia tota la ra\u00f3 del m\u00f3n?<\/p>\n<p>-No ser\u00e0 que tamb\u00e9 els grans mitjans de comunicaci\u00f3 hi estan implicats?<\/p>\n<\/p>\n<div>Etiquetes de Technorati: <a href=\"http:\/\/technorati.com\/tags\/Salut\" rel=\"tag\">Salut<\/a>,<a href=\"http:\/\/technorati.com\/tags\/Consumisme\" rel=\"tag\">Consumisme<\/a>,<a href=\"http:\/\/technorati.com\/tags\/Mentides\" rel=\"tag\">Mentides<\/a>,<a href=\"http:\/\/technorati.com\/tags\/Mitjans+de+comunicaci%c3%b3\" rel=\"tag\">Mitjans de comunicaci&#243;<\/a><\/div>\n","protected":false},"excerpt":{"rendered":"<p>Joaquin Ventura en &quot;Fe adulta&quot; recull una afirmaci\u00f3 molt gruixuda que va fer Wolfgang Wodarg, president de la Comissi\u00f3 de Salut del Consell d\u2019Europa. O sigui, qui fa aquesta afirmaci\u00f3 t\u00e9 autoritat. No \u00e9s un qualsevol. I l&#8217;afirmaci\u00f3 \u00e9s la seg\u00fcent: &quot; L\u2019OMS i les farmac\u00e8utiques van inventar-se una crisi falsa per a vendre vacunes&quot;. [&hellip;]<\/p>\n","protected":false},"author":214,"featured_media":0,"comment_status":"open","ping_status":"open","sticky":false,"template":"","format":"standard","meta":{"_jetpack_memberships_contains_paid_content":false,"footnotes":"","jetpack_publicize_message":"","jetpack_publicize_feature_enabled":true,"jetpack_social_post_already_shared":false,"jetpack_social_options":{"image_generator_settings":{"template":"highway","default_image_id":0,"font":"","enabled":false},"version":2}},"categories":[2940,81,908],"tags":[],"class_list":["post-669","post","type-post","status-publish","format-standard","hentry","category-mentides","category-mitjans-de-comunicacio","category-salut"],"jetpack_publicize_connections":[],"jetpack_featured_media_url":"","jetpack_shortlink":"https:\/\/wp.me\/pagkjs-aN","jetpack-related-posts":[],"jetpack_sharing_enabled":true,"_links":{"self":[{"href":"https:\/\/blogs.avui.cat\/jaumepubill\/wp-json\/wp\/v2\/posts\/669","targetHints":{"allow":["GET"]}}],"collection":[{"href":"https:\/\/blogs.avui.cat\/jaumepubill\/wp-json\/wp\/v2\/posts"}],"about":[{"href":"https:\/\/blogs.avui.cat\/jaumepubill\/wp-json\/wp\/v2\/types\/post"}],"author":[{"embeddable":true,"href":"https:\/\/blogs.avui.cat\/jaumepubill\/wp-json\/wp\/v2\/users\/214"}],"replies":[{"embeddable":true,"href":"https:\/\/blogs.avui.cat\/jaumepubill\/wp-json\/wp\/v2\/comments?post=669"}],"version-history":[{"count":0,"href":"https:\/\/blogs.avui.cat\/jaumepubill\/wp-json\/wp\/v2\/posts\/669\/revisions"}],"wp:attachment":[{"href":"https:\/\/blogs.avui.cat\/jaumepubill\/wp-json\/wp\/v2\/media?parent=669"}],"wp:term":[{"taxonomy":"category","embeddable":true,"href":"https:\/\/blogs.avui.cat\/jaumepubill\/wp-json\/wp\/v2\/categories?post=669"},{"taxonomy":"post_tag","embeddable":true,"href":"https:\/\/blogs.avui.cat\/jaumepubill\/wp-json\/wp\/v2\/tags?post=669"}],"curies":[{"name":"wp","href":"https:\/\/api.w.org\/{rel}","templated":true}]}}