{"id":666,"date":"2010-02-15T21:12:51","date_gmt":"2010-02-15T19:12:51","guid":{"rendered":"http:\/\/blogs.avui.cat\/jaumepubill\/2010\/02\/15\/mirar-enrere\/"},"modified":"2010-02-15T21:12:51","modified_gmt":"2010-02-15T19:12:51","slug":"mirar-enrere","status":"publish","type":"post","link":"https:\/\/blogs.avui.cat\/jaumepubill\/2010\/02\/15\/mirar-enrere\/","title":{"rendered":"Mirar enrere."},"content":{"rendered":"<p><img decoding=\"async\" src=\"http:\/\/t3.gstatic.com\/images?q=tbn:qHMLF1vzLgzXmM:http:\/\/thetitoworld.files.wordpress.com\/2008\/12\/untitled2.jpg\" \/> Tots els pa\u00efsos han de mirar enrere si volen un futur millor. Cal mirar enrere per no caure en errors passats, veure el que hem fet b\u00e9 o malament i, d&#8217;aquesta manera, projectar-se cap al futur.<\/p>\n<p>Ho dic per la mateixa Catalunya, el meu pa\u00eds, per\u00f2 tamb\u00e9 ho dic en general. Tenim tend\u00e8ncia a amagar les coses mal fetes per\u00f2 no hi guanyem res. Podem passar desapercebuts durant molts anys per\u00f2, entretant, les coses es van covant, van madurant i algun dia exploten. Els crims de la nostra guerra &quot;incivil&quot;, per exemple, que aquests dies tornen a aflorar als diaris; els crims del franquisme, que alguns han mirar d&#8217;ofegar, emmudir i fer que no surtin a la llum. Tot, tot plegat es va sabent i els historiadors van descobrint coses. Alguns -massa prudents&#160; diuen que aix\u00f2 \u00e9s jugar amb foc. Per\u00f2 la veritat \u00e9s que el foc purifica i certes purificacions s\u00f3n prou necess\u00e0ries.<\/p>\n<p>L&#8217; Uruguai, per exemple, darrerament ha anat canviant. \u00c9s un pa\u00eds que conec for\u00e7a b\u00e9 i li conec una mica la hist\u00f2ria. Tot i les dificultats econ\u00f2miques que experimenta va sortint endavant gr\u00e0cies a la presid\u00e8ncia del socialista Tabar\u00e9 v\u00e1zquez, que ha desenvolupats alguns programes socials ben interessants per a lluitar contra la pobresa. A m\u00e9s, s&#8217;ha preocupat del dest\u00ed dels aproximadament dos-cents seixanta presoners desapareguts de la dictadura civil i militar (1973-1985).&#160; Aquesta forma de mirar enrere \u00e9s de just\u00edcia que es faci per b\u00e9 les fam\u00edlies i pel b\u00e9 del pa\u00eds. S&#8217;han pogut anar acumulant proves flagrants contra l&#8217;ex President Juan Mar\u00eda Bordaberry, de 77 anys d&#8217;edat. Va ser elegit el 1971, i dos anys m\u00e9s tard clausurava el Congr\u00e9s i suprimia totes les llibertats constitucionals, atorgant plens poders a l&#8217;ex\u00e8rcit per tal de \u00abrestablir l&#8217;ordre\u00bb. Raons: descontentament popular i l\u2019amena\u00e7a de la guerrilla dels Tupamaros. <\/p>\n<p>El 16 de novembre del 2006, el jutge Roberto Timbal dictava una ordre d&#8217;arrest contra Bordaberry i el Ministre d&#8217;afers exteriors d\u2019aquella \u00e8poca, Juan Carlos Blanco, per l&#8217;assassinat dels parlamentaris Zelmar Michelini i H\u00e9ctor Guti\u00e9rrez, aix\u00ed com dels militants tupamaros Rosario Barredo i William Whitelaw, els cossos dels quals van ser trobats el 18 de maig de 1976 en un cotxe abandonat a Buenos Aires, aclivellats per les bales (\u201cPara el juicio de la historia\u201d, Brecha, Montevideo, 20 d\u2019octubre de 2006).&#160; Han calgut tres d\u00e8cades perqu\u00e8 la just\u00edcia hagi pogut iniciar dilig\u00e8ncies. L&#8217;esdeveniment \u00e9s hist\u00f2ric, segons escriu el periodista Edouard Bailby.<\/p>\n<p>&#160; <br \/>Per posar fi a la dictadura, els dos partits que es repartien el poder des de 1865 \u2013el Partido Colorado (liberal), gaireb\u00e9 hegem\u00f2nic, i el Partido Nacional (conservador)\u2013 havien signat la \u00abLlei de caducitat de la vocaci\u00f3 punitiva de l&#8217;Estat\u00bb amb els generals. Aquesta llei amnistiava els militars i els policies implicats en atemptats contra els drets humans. No comptaven, per\u00f2, amb el creixement de les forces d&#8217;esquerres reunides al Frente Amplio. A partir de 1990, aquests guanyarien tres cops a l&#8217;ajuntament de Montevideo. Per\u00f2 el gran esdeveniment va arribar l&#8217;octubre de 2004: Tabar\u00e9 V\u00e1zquez, candidat socialista del Frente, \u00e9s escollit President de la Rep\u00fablica en primera volta amb un 50,4% dels vots. L\u2019esquerra obtenia la majoria absoluta a la Cambra de representants i al Senat. Per primera vegada en la hist\u00f2ria del pa\u00eds, unes eleccions democr\u00e0tiques apartaven del poder els dos partits tradicionals.<\/p>\n<p>&#160; <br \/>Des de la presa del c\u00e0rrec de Tabar\u00e9 V\u00e1zquez, l&#8217;1 de mar\u00e7 de 2005, les veus que reclamaven la veritat del passat recent es van fer sentir. Hi ha investigacions obertes, declaracions de testimonis i exhumacions de restes en zones militars. A poc a poc les proves es multipliquen, s\u2019han empresonat militars i ex policies. A molts els pesa l\u2019ordre d\u2019extradici\u00f3, des de l\u2019Argentina i Xile, sobre el cap.     <\/p>\n<p>\u201dLa recerca de la veritat no \u00e9s una venjan\u00e7a, sin\u00f3 el cam\u00ed cap a la just\u00edcia\u201d, subratlla el senador Alberto Couriel, persona influent del Frente Amplio. \u201cPel futur de la democr\u00e0cia, \u00e9s essencial que s\u2019aclareixin totes les responsabilitats\u201d. <\/p>\n<p>Doncs aix\u00f2 mateix \u00e9s el que s&#8217;hauria d&#8217;anar fent arreu i aqu\u00ed a l&#8217; estat espanyol tamb\u00e9 perqu\u00e8 em d\u00f3na la sensaci\u00f3 que no hem tancat prou b\u00e9 les coses&#8230;.<\/p>\n<p>&#160;<\/p>\n<\/p>\n<div>Etiquetes de Technorati: <a href=\"http:\/\/technorati.com\/tags\/Pa%c3%afsos\" rel=\"tag\">Pa&#239;sos<\/a>,<a href=\"http:\/\/technorati.com\/tags\/Espanya\" rel=\"tag\">Espanya<\/a>,<a href=\"http:\/\/technorati.com\/tags\/Uruguai\" rel=\"tag\">Uruguai<\/a>,<a href=\"http:\/\/technorati.com\/tags\/Pol%c3%adtica\" rel=\"tag\">Pol&#237;tica<\/a>,<a href=\"http:\/\/technorati.com\/tags\/Dictadura\" rel=\"tag\">Dictadura<\/a>,<a href=\"http:\/\/technorati.com\/tags\/Democr%c3%a0cia\" rel=\"tag\">Democr&#224;cia<\/a>,<a href=\"http:\/\/technorati.com\/tags\/Ex%c3%a8rcit\" rel=\"tag\">Ex&#232;rcit<\/a><\/div>\n","protected":false},"excerpt":{"rendered":"<p>Tots els pa\u00efsos han de mirar enrere si volen un futur millor. Cal mirar enrere per no caure en errors passats, veure el que hem fet b\u00e9 o malament i, d&#8217;aquesta manera, projectar-se cap al futur. Ho dic per la mateixa Catalunya, el meu pa\u00eds, per\u00f2 tamb\u00e9 ho dic en general. Tenim tend\u00e8ncia a amagar [&hellip;]<\/p>\n","protected":false},"author":214,"featured_media":0,"comment_status":"open","ping_status":"open","sticky":false,"template":"","format":"standard","meta":{"_jetpack_memberships_contains_paid_content":false,"footnotes":"","jetpack_publicize_message":"","jetpack_publicize_feature_enabled":true,"jetpack_social_post_already_shared":false,"jetpack_social_options":{"image_generator_settings":{"template":"highway","default_image_id":0,"font":"","enabled":false},"version":2}},"categories":[5455,1296,3079,3691,172,2937],"tags":[],"class_list":["post-666","post","type-post","status-publish","format-standard","hentry","category-dictadura-politica","category-espana","category-exercit","category-paisos","category-politica","category-uruguai"],"jetpack_publicize_connections":[],"jetpack_featured_media_url":"","jetpack_shortlink":"https:\/\/wp.me\/pagkjs-aK","jetpack-related-posts":[],"jetpack_sharing_enabled":true,"_links":{"self":[{"href":"https:\/\/blogs.avui.cat\/jaumepubill\/wp-json\/wp\/v2\/posts\/666","targetHints":{"allow":["GET"]}}],"collection":[{"href":"https:\/\/blogs.avui.cat\/jaumepubill\/wp-json\/wp\/v2\/posts"}],"about":[{"href":"https:\/\/blogs.avui.cat\/jaumepubill\/wp-json\/wp\/v2\/types\/post"}],"author":[{"embeddable":true,"href":"https:\/\/blogs.avui.cat\/jaumepubill\/wp-json\/wp\/v2\/users\/214"}],"replies":[{"embeddable":true,"href":"https:\/\/blogs.avui.cat\/jaumepubill\/wp-json\/wp\/v2\/comments?post=666"}],"version-history":[{"count":0,"href":"https:\/\/blogs.avui.cat\/jaumepubill\/wp-json\/wp\/v2\/posts\/666\/revisions"}],"wp:attachment":[{"href":"https:\/\/blogs.avui.cat\/jaumepubill\/wp-json\/wp\/v2\/media?parent=666"}],"wp:term":[{"taxonomy":"category","embeddable":true,"href":"https:\/\/blogs.avui.cat\/jaumepubill\/wp-json\/wp\/v2\/categories?post=666"},{"taxonomy":"post_tag","embeddable":true,"href":"https:\/\/blogs.avui.cat\/jaumepubill\/wp-json\/wp\/v2\/tags?post=666"}],"curies":[{"name":"wp","href":"https:\/\/api.w.org\/{rel}","templated":true}]}}