{"id":6624,"date":"2018-12-28T18:27:52","date_gmt":"2018-12-28T17:27:52","guid":{"rendered":"https:\/\/blogs.avui.cat\/jaumepubill\/?p=6624"},"modified":"2018-12-29T18:53:58","modified_gmt":"2018-12-29T17:53:58","slug":"innocent-de-mi","status":"publish","type":"post","link":"https:\/\/blogs.avui.cat\/jaumepubill\/2018\/12\/28\/innocent-de-mi\/","title":{"rendered":"INNOCENT DE MI"},"content":{"rendered":"<div id=\"post-body-3315443150417331355\" class=\"post-body entry-content\">\n<div class=\"separator\"><a href=\"https:\/\/i0.wp.com\/www.urnesdelreferendum.cat\/wp-content\/uploads\/2018\/04\/mini_magick20180328-39843-54dl92-1-350x350.png?ssl=1\"><img data-recalc-dims=\"1\" loading=\"lazy\" decoding=\"async\" src=\"https:\/\/i0.wp.com\/www.urnesdelreferendum.cat\/wp-content\/uploads\/2018\/04\/mini_magick20180328-39843-54dl92-1-350x350.png?resize=320%2C320&#038;ssl=1\" width=\"320\" height=\"320\" border=\"0\" \/><\/a><\/div>\n<div>S\u00ed, avui dia dels Sants Innocents, m\u2019he decidit a continuar aquest blog que havia deixat abandonat durant una temporada.<\/div>\n<div><\/div>\n<div>Innocent de mi, decideixo continuar-lo sabent que haur\u00e9 d\u2019escriure m\u00e9s o menys el mateix de sempre i que haur\u00e9 de seguir avorrint-vos amb les meves d\u00e8ries de sempre.<\/div>\n<div><\/div>\n<div>Perqu\u00e8, innocent de mi, segueixo tenint esperan\u00e7a que algunes coses canvi\u00efn, tot i que s\u00e9 prou b\u00e9 que ser\u00e0 dif\u00edcil veient el que est\u00e0 passant. Acabem un any que no ha estat gens bo per una gran majoria de catalans i veiem com ens han estat prenent el p\u00e8l una colla de jutges i pol\u00edtics que no han sortit encara d&#8217;aquest franquisme sociol\u00f2gic que viu una gran part de la societat espanyola i que, pel que es preveu, no en sortiran pas durant aquest any que estem a punt de comen\u00e7ar i que tampoc, probablement, ja no en sortiran mai m\u00e9s. All\u00f2 de qu\u00e8 van deixar-ho tot \u00abatado y bien atado\u00bb es veu que era veritat.<\/div>\n<div><\/div>\n<div>Innocent de mi, confiava una mica en el que en diem democr\u00e0cia i que les esquerres espanyoles sabrien fer \u00fas d&#8217;all\u00f2 que anomenem llibertats individuals i socials; confiava una mica en -pel que es veu- aquesta esp\u00e8cie en extinci\u00f3 que en diem intel\u00b7lectuals espanyols (que, per definici\u00f3, vol dir que hauria de ser gent que fa servir l\u2019intel\u00b7lecte); confiava en qu\u00e8 les institucions europees vetllarien una mica m\u00e9s pels drets humans i per les llibertats individuals i la dels pobles.<\/div>\n<div><\/div>\n<div>Confiava, innocent de mi, en el fet que moltes coses anirien una mica diferent de com han anat. Innocent de mi, confiava tamb\u00e9 que algunes persones aixecarien la veu davant de tanta injust\u00edcia i que els presos pol\u00edtics que encara tenim a les presons a hores d\u2019ara ja serien tots a casa seva.<\/div>\n<div><\/div>\n<div>Innocent de mi, encara segueixo esperant. Les utopies es veu que es fan esperar i que \u00e9s moment d\u2019esperar contra tota esperan\u00e7a. Perqu\u00e8 estic segur que arribaran nous temps. Tard, per\u00f2 arribaran.<\/div>\n<div><\/div>\n<div>Que tingueu un bon any nou i gr\u00e0cies a tots els que passeu per aqu\u00ed.<\/div>\n<\/div>\n","protected":false},"excerpt":{"rendered":"<p>S\u00ed, avui dia dels Sants Innocents, m\u2019he decidit a continuar aquest blog que havia deixat abandonat durant una temporada. Innocent de mi, decideixo continuar-lo sabent que haur\u00e9 d\u2019escriure m\u00e9s o menys el mateix de sempre i que haur\u00e9 de seguir avorrint-vos amb les meves d\u00e8ries de sempre. Perqu\u00e8, innocent de mi, segueixo tenint esperan\u00e7a que [&hellip;]<\/p>\n","protected":false},"author":214,"featured_media":0,"comment_status":"open","ping_status":"open","sticky":false,"template":"","format":"standard","meta":{"_jetpack_memberships_contains_paid_content":false,"footnotes":"","jetpack_publicize_message":"","jetpack_publicize_feature_enabled":true,"jetpack_social_post_already_shared":true,"jetpack_social_options":{"image_generator_settings":{"template":"highway","default_image_id":0,"font":"","enabled":false},"version":2}},"categories":[431,4818,567],"tags":[31839,27,31846],"class_list":["post-6624","post","type-post","status-publish","format-standard","hentry","category-drets-humans","category-justicia-valors-etica-i-moral-filosofia","category-llibertat","tag-drets-humans","tag-justicia","tag-llibertat"],"jetpack_publicize_connections":[],"jetpack_featured_media_url":"","jetpack_shortlink":"https:\/\/wp.me\/pagkjs-1IQ","jetpack-related-posts":[],"jetpack_sharing_enabled":true,"_links":{"self":[{"href":"https:\/\/blogs.avui.cat\/jaumepubill\/wp-json\/wp\/v2\/posts\/6624","targetHints":{"allow":["GET"]}}],"collection":[{"href":"https:\/\/blogs.avui.cat\/jaumepubill\/wp-json\/wp\/v2\/posts"}],"about":[{"href":"https:\/\/blogs.avui.cat\/jaumepubill\/wp-json\/wp\/v2\/types\/post"}],"author":[{"embeddable":true,"href":"https:\/\/blogs.avui.cat\/jaumepubill\/wp-json\/wp\/v2\/users\/214"}],"replies":[{"embeddable":true,"href":"https:\/\/blogs.avui.cat\/jaumepubill\/wp-json\/wp\/v2\/comments?post=6624"}],"version-history":[{"count":3,"href":"https:\/\/blogs.avui.cat\/jaumepubill\/wp-json\/wp\/v2\/posts\/6624\/revisions"}],"predecessor-version":[{"id":6628,"href":"https:\/\/blogs.avui.cat\/jaumepubill\/wp-json\/wp\/v2\/posts\/6624\/revisions\/6628"}],"wp:attachment":[{"href":"https:\/\/blogs.avui.cat\/jaumepubill\/wp-json\/wp\/v2\/media?parent=6624"}],"wp:term":[{"taxonomy":"category","embeddable":true,"href":"https:\/\/blogs.avui.cat\/jaumepubill\/wp-json\/wp\/v2\/categories?post=6624"},{"taxonomy":"post_tag","embeddable":true,"href":"https:\/\/blogs.avui.cat\/jaumepubill\/wp-json\/wp\/v2\/tags?post=6624"}],"curies":[{"name":"wp","href":"https:\/\/api.w.org\/{rel}","templated":true}]}}