{"id":6599,"date":"2018-09-19T09:44:05","date_gmt":"2018-09-19T08:44:05","guid":{"rendered":"https:\/\/blogs.avui.cat\/jaumepubill\/?p=6599"},"modified":"2018-09-19T09:44:05","modified_gmt":"2018-09-19T08:44:05","slug":"curriculums-falsos","status":"publish","type":"post","link":"https:\/\/blogs.avui.cat\/jaumepubill\/2018\/09\/19\/curriculums-falsos\/","title":{"rendered":"CURR\u00cdCULUMS FALSOS"},"content":{"rendered":"<div id=\"post-body-1184512261075424639\" class=\"post-body entry-content\">\n<div><\/div>\n<div class=\"separator\"><a href=\"https:\/\/i0.wp.com\/assets.rebelcircus.com\/blog\/wp-content\/uploads\/2015\/03\/lies.jpg?ssl=1\"><img data-recalc-dims=\"1\" loading=\"lazy\" decoding=\"async\" src=\"https:\/\/i0.wp.com\/assets.rebelcircus.com\/blog\/wp-content\/uploads\/2015\/03\/lies.jpg?resize=320%2C168&#038;ssl=1\" width=\"320\" height=\"168\" border=\"0\" \/><\/a><\/div>\n<div class=\"separator\"><\/div>\n<div>Jo no ho sabia, per\u00f2 es veu que mentir en el\u00a0<i>curr\u00edculum vitae<\/i>\u00a0(CV) \u00e9s una pr\u00e0ctica bastant habitual, segons he pogut llegir en la p\u00e0gina d\u2019una ag\u00e8ncia d\u2019aquestes que ajuden a buscar feina. Alguns curr\u00edculums menteixen clarament quan s\u2019inventen titulacions que l\u2019interessat no ha olorat mai ni de lluny. Altres s\u00f3n curr\u00edculums tan maquillats que semblen tota una altra cosa del que en realitat s\u00f3n i altres s\u00f3n curr\u00edculums prou creatius i amb tanta imaginaci\u00f3 a l&#8217;hora de redactar-los que els podr\u00edem anomenar \u00abcurr\u00edculums art\u00edstics\u00bb perqu\u00e8 hi ha m\u00e9s ficci\u00f3 que no pas realitat. Vaja, com en les pel\u00b7l\u00edcules de ci\u00e8ncia-ficci\u00f3!.<\/div>\n<div><\/div>\n<div>Ho veiem ara que van sortint a la llum els curr\u00edculums de certs pol\u00edtics i que, veient el panorama, s\u2019afanyen a corregir a les webs per tal que no els puguin eixampar. Alguns, per\u00f2, no hi han arribat a temps i els han divulgat totes les mentides que contenien. I no es tracta nom\u00e9s de posar que el seu nivell d&#8217;angl\u00e8s \u00e9s mitj\u00e0-alt quan en realitat \u00e9s incapa\u00e7 de mantenir una senzilla conversa en la llengua de Shakespeare. Es tracta de coses tan greus com posar que es t\u00e9 un t\u00edtol que en realitat no es t\u00e9.<\/div>\n<div><\/div>\n<div>Aquestes empreses que ajuden a buscar feina aconsellen no posar en el teu Curr\u00edculum Vitae res que no puguis defensar despr\u00e9s all\u00e0 on sigui; per\u00f2 per altra banda diuen que cal fer el CV com si fos la teva \u00e0via qui est\u00e0 parlant de tu. I ja sabem com s\u00f3n les \u00e0vies quan parlen dels n\u00e9ts&#8230;<\/div>\n<div><\/div>\n<div>Que tothom ho ha fet sempre, que est\u00e0 de moda, que els pol\u00edtics s\u00f3n els primers a fer-ho -i de quina manera!- \u00e9s una veritat com un temple. S\u00ed, tot aix\u00f2 est\u00e0 molt b\u00e9, per\u00f2 et servir\u00e0 d\u2019alguna cosa tot el que has posat en el teu brillant CV quan t\u2019enxampin? M\u00e9s aviat no et servir\u00e0 de res i segurament que et perjudicar\u00e0 m\u00e9s del que et penses. Mireu, si no, el qu\u00e8 els est\u00e0 passant a tants pol\u00edtics ara que van furgant els seus CV. La cosa, per\u00f2 no \u00e9s d\u2019ara. Recordeu el cas de l\u2019exdirector de la Gu\u00e0rdia Civil Lu\u00eds Roldan ja fa una colla d\u2019anys? I despr\u00e9s podr\u00edem fer una llarga llista, que inclouria la senyora Cristina Cifuentes, Leyre Paj\u00edn, Celestino Corbacho, Jos\u00e9 Montilla, Jos\u00e9 Blanco, Pablo Casado, Toni Cant\u00f3, Jos\u00e9 Manuel Franco,Juan Merlo, Tom\u00e1s Burgos, Juan Manuel Moreno, Gema Igual, Joana Ortega, Isabel Ambrosio, Estela Goikoetxea, Bernat Soria, Estela Goikoetxea, Manuel Guti\u00e9rrez, C\u00e9sar Zafra, Elena Valenciano, Albert Rivera, Carina Mej\u00edas i tants i tants altres&#8230;<\/div>\n<div><\/div>\n<div>De fet, els CV no fan altra cosa que mostrar el que ha fet una persona i d\u2019alguna manera indica si \u00e9s honesta o no, perqu\u00e8 si menteix en el seu curr\u00edculum vol dir que en la seva vida personal i laboral tampoc ser\u00e0 gaire de fiar, no us sembla?<\/div>\n<\/div>\n","protected":false},"excerpt":{"rendered":"<p>Jo no ho sabia, per\u00f2 es veu que mentir en el\u00a0curr\u00edculum vitae\u00a0(CV) \u00e9s una pr\u00e0ctica bastant habitual, segons he pogut llegir en la p\u00e0gina d\u2019una ag\u00e8ncia d\u2019aquestes que ajuden a buscar feina. Alguns curr\u00edculums menteixen clarament quan s\u2019inventen titulacions que l\u2019interessat no ha olorat mai ni de lluny. Altres s\u00f3n curr\u00edculums tan maquillats que semblen [&hellip;]<\/p>\n","protected":false},"author":214,"featured_media":0,"comment_status":"open","ping_status":"open","sticky":false,"template":"","format":"standard","meta":{"_jetpack_memberships_contains_paid_content":false,"footnotes":"","jetpack_publicize_message":"","jetpack_publicize_feature_enabled":true,"jetpack_social_post_already_shared":true,"jetpack_social_options":{"image_generator_settings":{"template":"highway","default_image_id":0,"font":"","enabled":false},"version":2}},"categories":[2940],"tags":[31911],"class_list":["post-6599","post","type-post","status-publish","format-standard","hentry","category-mentides","tag-mentides"],"jetpack_publicize_connections":[],"jetpack_featured_media_url":"","jetpack_shortlink":"https:\/\/wp.me\/pagkjs-1Ir","jetpack-related-posts":[],"jetpack_sharing_enabled":true,"_links":{"self":[{"href":"https:\/\/blogs.avui.cat\/jaumepubill\/wp-json\/wp\/v2\/posts\/6599","targetHints":{"allow":["GET"]}}],"collection":[{"href":"https:\/\/blogs.avui.cat\/jaumepubill\/wp-json\/wp\/v2\/posts"}],"about":[{"href":"https:\/\/blogs.avui.cat\/jaumepubill\/wp-json\/wp\/v2\/types\/post"}],"author":[{"embeddable":true,"href":"https:\/\/blogs.avui.cat\/jaumepubill\/wp-json\/wp\/v2\/users\/214"}],"replies":[{"embeddable":true,"href":"https:\/\/blogs.avui.cat\/jaumepubill\/wp-json\/wp\/v2\/comments?post=6599"}],"version-history":[{"count":1,"href":"https:\/\/blogs.avui.cat\/jaumepubill\/wp-json\/wp\/v2\/posts\/6599\/revisions"}],"predecessor-version":[{"id":6600,"href":"https:\/\/blogs.avui.cat\/jaumepubill\/wp-json\/wp\/v2\/posts\/6599\/revisions\/6600"}],"wp:attachment":[{"href":"https:\/\/blogs.avui.cat\/jaumepubill\/wp-json\/wp\/v2\/media?parent=6599"}],"wp:term":[{"taxonomy":"category","embeddable":true,"href":"https:\/\/blogs.avui.cat\/jaumepubill\/wp-json\/wp\/v2\/categories?post=6599"},{"taxonomy":"post_tag","embeddable":true,"href":"https:\/\/blogs.avui.cat\/jaumepubill\/wp-json\/wp\/v2\/tags?post=6599"}],"curies":[{"name":"wp","href":"https:\/\/api.w.org\/{rel}","templated":true}]}}