{"id":6582,"date":"2018-08-31T23:14:59","date_gmt":"2018-08-31T22:14:59","guid":{"rendered":"https:\/\/blogs.avui.cat\/jaumepubill\/?p=6582"},"modified":"2018-09-01T09:36:52","modified_gmt":"2018-09-01T08:36:52","slug":"mudances-2","status":"publish","type":"post","link":"https:\/\/blogs.avui.cat\/jaumepubill\/2018\/08\/31\/mudances-2\/","title":{"rendered":"MUDANCES"},"content":{"rendered":"<div id=\"post-body-1167667377739486365\" class=\"post-body entry-content\">\n<div>\n<div class=\"separator\"><a href=\"https:\/\/allthingslanguageteaching.files.wordpress.com\/2015\/06\/la-mudanza.jpg\"><img data-recalc-dims=\"1\" loading=\"lazy\" decoding=\"async\" src=\"https:\/\/allthingslanguageteaching.files.wordpress.com\/2015\/06\/la-mudanza.jpg?resize=400%2C400\" width=\"400\" height=\"400\" border=\"0\" \/><\/a><\/div>\n<div>Cada mudan\u00e7a \u00e9s un trastorn, un capgirell, un tr\u00e0ngol ple de desassossecs i inquietuds de tota mena. Per\u00f2 la vida \u00e9s mudan\u00e7a, canvi, transformaci\u00f3, metamorfosi. Si no hi ha mudances la vida no \u00e9s res,\u00a0tot i que diuen que a cada mudan\u00e7a es perd un llen\u00e7ol o una flassada. O m\u00e9s coses, fins i tot. En cada mudan\u00e7a s\u2019hi perd, per\u00f2 tamb\u00e9 s\u2019hi guanya.<\/div>\n<div><\/div>\n<div>S\u00ed, les mudances s\u00f3n gaireb\u00e9 inevitables, siguin reals o metaf\u00f2riques. Les mudances sempre estan plenes de nost\u00e0lgies i es mouen entre el dolor i l\u2019alegria. Entre plats i tasses, entre caixes i mobles, entre estris in\u00fatils que anem arrossegant sense gaire sentit s\u2019hi mouen vides, persones, afectes, records, desil\u00b7lusions i esperances.<\/div>\n<div><\/div>\n<div>L\u2019escriptor\u00a0<b>Fabio Mor\u00e1bito<\/b>\u00a0les veu\u00a0aix\u00ed:<\/div>\n<div><\/div>\n<div>MUDANZA<\/div>\n<div><\/div>\n<div>A fuerza de mudarme<br \/>\nhe aprendido a no pegar<br \/>\nlos muebles a los muros,<br \/>\na no clavar muy hondo,<br \/>\na atornillar s\u00f3lo lo justo.<br \/>\nHe aprendido a respetar las huellas<br \/>\nde los viejos inquilinos:<br \/>\nun clavo, una moldura,<br \/>\nuna peque\u00f1a m\u00e9nsula,<br \/>\nque dejo en su lugar<br \/>\naunque me estorben.<br \/>\nAlgunas manchas las heredo<br \/>\nsin limpiarlas,<br \/>\nentro en la nueva casa<br \/>\ntratando de entender,<br \/>\nes m\u00e1s,<br \/>\nviendo por d\u00f3nde habr\u00e9 de irme.<br \/>\nDejo que la mudanza<br \/>\nse disuelva como una fiebre,<br \/>\ncomo una costra que se cae,<br \/>\nno quiero hacer ruido.<br \/>\nPorque los inquilinos<br \/>\nnunca mueren.<br \/>\nCuando nos vamos,<br \/>\ncuando dejamos otra vez<br \/>\nlos muros como los tuvimos,<br \/>\nsiempre queda alg\u00fan clavo de ellos<br \/>\nen un rinc\u00f3n<br \/>\no un estropicio<br \/>\nque no supimos resolver.<\/div>\n<\/div>\n<\/div>\n","protected":false},"excerpt":{"rendered":"<p>Cada mudan\u00e7a \u00e9s un trastorn, un capgirell, un tr\u00e0ngol ple de desassossecs i inquietuds de tota mena. Per\u00f2 la vida \u00e9s mudan\u00e7a, canvi, transformaci\u00f3, metamorfosi. Si no hi ha mudances la vida no \u00e9s res,\u00a0tot i que diuen que a cada mudan\u00e7a es perd un llen\u00e7ol o una flassada. O m\u00e9s coses, fins i tot. [&hellip;]<\/p>\n","protected":false},"author":214,"featured_media":0,"comment_status":"open","ping_status":"open","sticky":false,"template":"","format":"standard","meta":{"_jetpack_memberships_contains_paid_content":false,"footnotes":"","jetpack_publicize_message":"","jetpack_publicize_feature_enabled":true,"jetpack_social_post_already_shared":false,"jetpack_social_options":{"image_generator_settings":{"template":"highway","default_image_id":0,"font":"","enabled":false},"version":2}},"categories":[440],"tags":[31840],"class_list":["post-6582","post","type-post","status-publish","format-standard","hentry","category-literatura","tag-literatura"],"jetpack_publicize_connections":[],"jetpack_featured_media_url":"","jetpack_shortlink":"https:\/\/wp.me\/pagkjs-1Ia","jetpack-related-posts":[],"jetpack_sharing_enabled":true,"_links":{"self":[{"href":"https:\/\/blogs.avui.cat\/jaumepubill\/wp-json\/wp\/v2\/posts\/6582","targetHints":{"allow":["GET"]}}],"collection":[{"href":"https:\/\/blogs.avui.cat\/jaumepubill\/wp-json\/wp\/v2\/posts"}],"about":[{"href":"https:\/\/blogs.avui.cat\/jaumepubill\/wp-json\/wp\/v2\/types\/post"}],"author":[{"embeddable":true,"href":"https:\/\/blogs.avui.cat\/jaumepubill\/wp-json\/wp\/v2\/users\/214"}],"replies":[{"embeddable":true,"href":"https:\/\/blogs.avui.cat\/jaumepubill\/wp-json\/wp\/v2\/comments?post=6582"}],"version-history":[{"count":2,"href":"https:\/\/blogs.avui.cat\/jaumepubill\/wp-json\/wp\/v2\/posts\/6582\/revisions"}],"predecessor-version":[{"id":6584,"href":"https:\/\/blogs.avui.cat\/jaumepubill\/wp-json\/wp\/v2\/posts\/6582\/revisions\/6584"}],"wp:attachment":[{"href":"https:\/\/blogs.avui.cat\/jaumepubill\/wp-json\/wp\/v2\/media?parent=6582"}],"wp:term":[{"taxonomy":"category","embeddable":true,"href":"https:\/\/blogs.avui.cat\/jaumepubill\/wp-json\/wp\/v2\/categories?post=6582"},{"taxonomy":"post_tag","embeddable":true,"href":"https:\/\/blogs.avui.cat\/jaumepubill\/wp-json\/wp\/v2\/tags?post=6582"}],"curies":[{"name":"wp","href":"https:\/\/api.w.org\/{rel}","templated":true}]}}