{"id":6579,"date":"2018-08-27T20:28:51","date_gmt":"2018-08-27T19:28:51","guid":{"rendered":"http:\/\/blogs.avui.cat\/jaumepubill\/?p=6579"},"modified":"2018-08-27T20:28:51","modified_gmt":"2018-08-27T19:28:51","slug":"espigolades-destiu-6-desmentir-mentides","status":"publish","type":"post","link":"https:\/\/blogs.avui.cat\/jaumepubill\/2018\/08\/27\/espigolades-destiu-6-desmentir-mentides\/","title":{"rendered":"ESPIGOLADES D&#8217;ESTIU (6): DESMENTIR MENTIDES"},"content":{"rendered":"<div id=\"post-body-2344658761115550823\" class=\"post-body entry-content\">\n<div class=\"separator\"><a href=\"https:\/\/4.bp.blogspot.com\/proxy\/5Rk8R_Mj85JRAbReQz46WXgldjJSe2lBeeUZ7xXxs4imHDGX38s9NvTCy8zM0XHMKXjK8-jn_E9L2yTrQnK9ywUhjNgAnD00xvop9DcpG8MvrBjTU88ZSLvdD2m58GKwZDyndJVZdUCUafzN321pGYVvQ93Znoas-w=w729-h365-p-rw\"><img loading=\"lazy\" decoding=\"async\" src=\"https:\/\/4.bp.blogspot.com\/proxy\/5Rk8R_Mj85JRAbReQz46WXgldjJSe2lBeeUZ7xXxs4imHDGX38s9NvTCy8zM0XHMKXjK8-jn_E9L2yTrQnK9ywUhjNgAnD00xvop9DcpG8MvrBjTU88ZSLvdD2m58GKwZDyndJVZdUCUafzN321pGYVvQ93Znoas-w=w729-h365-p-rw\" width=\"400\" height=\"200\" border=\"0\" \/><\/a><\/div>\n<div><\/div>\n<div>\u00c9s m\u00e9s f\u00e0cil embrutar que netejar. \u00c9s m\u00e9s f\u00e0cil destruir que construir. \u00c9s m\u00e9s f\u00e0cil mentir que desmentir. Darrerament es menteix massa amb refer\u00e8ncia a l\u2019anomenat proc\u00e9s catal\u00e0 i veiem que massa sovint es fa realitat en el periodisme i en la pol\u00edtica d\u2019aquests darrers temps aquella famosa frase que diu:<i>\u00abMenteix, menteix, que alguna cosa queda\u00bb.\u00a0<\/i>Vol dir que anem malament.<\/div>\n<div><\/div>\n<div>Sempre hi ha hagut premsa groga, sensacionalista, periodistes mentiders i manipuladors a qui importava m\u00e9s vendre diaris que no pas la mateixa veritat. Ara en diuen\u00a0<i>fake news<\/i>\u00a0i tenen un \u00e8xit espatarrant.\u00a0Els bons periodistes sempre diuen que les not\u00edcies s\u2019han de contrastar abans de publicar-les i aix\u00ed ho fan els diaris seriosos. Ara es veu que ja no cal i sembla que s\u2019hagi donat llum verda a les mitges veritats o directament a la mentida i, el que \u00e9s pitjor, sense necessitat de desmentiment. Quan una cosa es comprova que no \u00e9s veritat i s\u2019ha de desmentir vol dir que abans s\u2019ha mentit. Dels diaris amb m\u00e9s difusi\u00f3, els millors en el camp de la mentida s\u00f3n La Raz\u00f3n, El Mundo, l\u2019ABC, El Pa\u00eds o El Peri\u00f3dico, i ho fan amb grans frases de portada, amb fotos falses, o amb el que faci falta per mantenir les seves tesis preestablertes i els seus at\u00e0vics prejudicis. I no cal dir que tamb\u00e9 s\u2019hi afegeixen algunes cadenes de TV i algunes emissores de r\u00e0dio (ja us podeu imaginar quines&#8230;).<\/div>\n<div><\/div>\n<div>Als periodistes s\u2019hi han afegit alguns pol\u00edtics de forma molt entusiasta aprofitant la volada i preveient que de tot aix\u00f2 en poden treure un grapat de vots. Aqu\u00ed tamb\u00e9 podr\u00edem fer-hi un r\u00e0nquing i trobar\u00edem que els millors en el camp de la mentida s\u00f3n Vox, Ciudadanos, UPYD, seguits a poca dist\u00e0ncia del PP, tots dos partits bons emuladors de Goebbels, el fam\u00f3s ministre de la Informaci\u00f3 popular i propaganda del Tercer Reich d\u2019Adolf Hitler. Fins i tot sembla que es vulguin fer la compet\u00e8ncia a veure qui les diu m\u00e9s grosses per poder engreixar els seus fidels votants. S\u00f3n tan miserables que no s\u2019adonen que finalment poden perdre bous i esquelles, tot i que ara esgarrapen algun vot a costa dels catalans.<\/div>\n<div><\/div>\n<div>Podr\u00edem afirmar, sense por a equivocar-nos, que sembla que s\u2019hagin posat d\u2019acord i que estan ben conven\u00e7uts que\u00a0<i>\u00abel unionismo unido jam\u00e1s ser\u00e1 vencido\u00bb\u00a0<\/i>si criden ben fort i alt tots junts<i>\u00a0\u00abA por ellos!\u00bb<\/i><i>.\u00a0<\/i>I ara que arriba una tardor que tornar\u00e0 a ser calenteta ja ens podem anar preparant perqu\u00e8 tot aix\u00f2 anir\u00e0 en augment.<\/div>\n<div><\/div>\n<div>I entretant Franco, all\u00e0 al Valle, esperant fris\u00f3s a veure qu\u00e8 en faran dels seus ossos&#8230;<\/div>\n<\/div>\n","protected":false},"excerpt":{"rendered":"<p>\u00c9s m\u00e9s f\u00e0cil embrutar que netejar. \u00c9s m\u00e9s f\u00e0cil destruir que construir. \u00c9s m\u00e9s f\u00e0cil mentir que desmentir. Darrerament es menteix massa amb refer\u00e8ncia a l\u2019anomenat proc\u00e9s catal\u00e0 i veiem que massa sovint es fa realitat en el periodisme i en la pol\u00edtica d\u2019aquests darrers temps aquella famosa frase que diu:\u00abMenteix, menteix, que alguna cosa [&hellip;]<\/p>\n","protected":false},"author":214,"featured_media":0,"comment_status":"open","ping_status":"open","sticky":false,"template":"","format":"standard","meta":{"_jetpack_memberships_contains_paid_content":false,"footnotes":"","jetpack_publicize_message":"","jetpack_publicize_feature_enabled":true,"jetpack_social_post_already_shared":false,"jetpack_social_options":{"image_generator_settings":{"template":"highway","default_image_id":0,"font":"","enabled":false},"version":2}},"categories":[2940],"tags":[31911],"class_list":["post-6579","post","type-post","status-publish","format-standard","hentry","category-mentides","tag-mentides"],"jetpack_publicize_connections":[],"jetpack_featured_media_url":"","jetpack_shortlink":"https:\/\/wp.me\/pagkjs-1I7","jetpack-related-posts":[],"jetpack_sharing_enabled":true,"_links":{"self":[{"href":"https:\/\/blogs.avui.cat\/jaumepubill\/wp-json\/wp\/v2\/posts\/6579","targetHints":{"allow":["GET"]}}],"collection":[{"href":"https:\/\/blogs.avui.cat\/jaumepubill\/wp-json\/wp\/v2\/posts"}],"about":[{"href":"https:\/\/blogs.avui.cat\/jaumepubill\/wp-json\/wp\/v2\/types\/post"}],"author":[{"embeddable":true,"href":"https:\/\/blogs.avui.cat\/jaumepubill\/wp-json\/wp\/v2\/users\/214"}],"replies":[{"embeddable":true,"href":"https:\/\/blogs.avui.cat\/jaumepubill\/wp-json\/wp\/v2\/comments?post=6579"}],"version-history":[{"count":1,"href":"https:\/\/blogs.avui.cat\/jaumepubill\/wp-json\/wp\/v2\/posts\/6579\/revisions"}],"predecessor-version":[{"id":6580,"href":"https:\/\/blogs.avui.cat\/jaumepubill\/wp-json\/wp\/v2\/posts\/6579\/revisions\/6580"}],"wp:attachment":[{"href":"https:\/\/blogs.avui.cat\/jaumepubill\/wp-json\/wp\/v2\/media?parent=6579"}],"wp:term":[{"taxonomy":"category","embeddable":true,"href":"https:\/\/blogs.avui.cat\/jaumepubill\/wp-json\/wp\/v2\/categories?post=6579"},{"taxonomy":"post_tag","embeddable":true,"href":"https:\/\/blogs.avui.cat\/jaumepubill\/wp-json\/wp\/v2\/tags?post=6579"}],"curies":[{"name":"wp","href":"https:\/\/api.w.org\/{rel}","templated":true}]}}