{"id":6571,"date":"2018-08-20T15:41:14","date_gmt":"2018-08-20T14:41:14","guid":{"rendered":"http:\/\/blogs.avui.cat\/jaumepubill\/?p=6571"},"modified":"2018-08-20T22:18:13","modified_gmt":"2018-08-20T21:18:13","slug":"espigolades-destiu-4-els-vells-roquers","status":"publish","type":"post","link":"https:\/\/blogs.avui.cat\/jaumepubill\/2018\/08\/20\/espigolades-destiu-4-els-vells-roquers\/","title":{"rendered":"ESPIGOLADES D&#8217;ESTIU (4): ELS VELLS ROQUERS"},"content":{"rendered":"<div id=\"post-body-8770906285833061906\" class=\"post-body entry-content\">\n<div class=\"separator\"><a href=\"https:\/\/i0.wp.com\/demasiadojovenesparaserviejos.com\/wp-content\/uploads\/2017\/09\/92908177_rollingstonesreu.jpg?w=1024\"><img loading=\"lazy\" decoding=\"async\" src=\"https:\/\/i0.wp.com\/demasiadojovenesparaserviejos.com\/wp-content\/uploads\/2017\/09\/92908177_rollingstonesreu.jpg?w=1024\" width=\"400\" height=\"225\" border=\"0\" \/><\/a><\/div>\n<div><\/div>\n<div>Com diu aquella can\u00e7\u00f3 de\u00a0quan\u00a0Miguel R\u00edos encara era jove (finals dels 70)\u00a0<i><b>\u00abels vells roquers no moren mai\u00bb<\/b><\/i>. B\u00e9,\u00a0potser\u00a0alguns s\u00ed que es moren o, si no es moren, estan ja\u00a0molt\u00a0tocats pel pas del temps, tot i que mirin de dissimular-ho. \u00c9s admirable, certament,\u00a0veure encara els Rolling Stones\u00a0com\u00a0segueixen fent gires, gravant discos i tocant per aquests mons de D\u00e9u com si el temps no\u00a0els fes mal. Mick Jagger acaba de\u00a0complir\u00a075 anys; Keith Richard\u00a0els complir\u00e0 al desembre; Charlie Watts\u00a0en t\u00e9\u00a077;\u00a0i\u00a0Ron Wood, el m\u00e9s jove,\u00a071.\u00a0Hom pensa, com \u00e9s possible tenir encara tanta for\u00e7a i tantes ganes de fer coses en aquestes edats tardorenques?&#8230;<\/div>\n<div><\/div>\n<div>Per altra banda,\u00a0per\u00f2, tamb\u00e9 \u00e9s veritat que veiem altres cantants fent el rid\u00edcul als escenaris i\u00a0alguna\u00a0gent d\u2019edat ja una mica\u00a0avan\u00e7ada fent-lo fora dels escenaris o, millor dit, fent-lo a l\u2019immens escenari de la vida, oblidant-se que ja no s\u00f3n joves, tot i que pretenguin ser-ho amb operacions semblants a\u00a0una\u00a0taxid\u00e8rmia\u00a0mal feta. Tenim, per exemple,\u00a0 Joaquin Sabina que, despr\u00e9s d\u2019arrossegar\u00a0durant els darrers anys\u00a0la seva veu rogallosa pels escenaris, de cop i volta es queda\u00a0mut enmig d\u2019una actuaci\u00f3.\u00a0No entenc massa com no veia venir que aix\u00f2 li passaria\u00a0m\u00e9s aviat que no pas tard.\u00a0Despr\u00e9s de deixar els espectadors amb un pam de nas va manifestar que aquella nit se n\u2019havia anat a dormir \u00abmolt trist\u00bb despr\u00e9s d\u2019haver dit que\u00a0<i>\u00ab<\/i><i>m<\/i><i>i plan no era envejecer sin dignidad. Mi plan era pasar de la adolescencia a la vejez, sin ser adulto&#8221;<\/i>.\u00a0Potser en teoria no \u00e9s mal plan, per\u00f2 a la pr\u00e0ctica ja hem vist que s\u00ed\u00a0que ho era\u00a0i, despr\u00e9s d\u2019aquesta amarga experi\u00e8ncia, ha hagut de recon\u00e8ixer que\u00a0<i>\u00ab<\/i><i>cuando les cuenten que envejecer es una cosa fant\u00e1stica, porque la experiencia y la sabidur\u00eda&#8230; Mienten como bellacos. Envejecer es una puta mierda&#8221;.<\/i><\/div>\n<div><\/div>\n<div>I\u00a0en tenim\u00a0altres\u00a0que, si no vigilen, els passar\u00e0 el mateix. Per exemple\u00a0Joan Manuel Serrat y Luis Eduardo Aute,\u00a0tots dos amb\u00a074 anys. Serrat est\u00e0 fent una gira per celebrar els 50 anys de la publicaci\u00f3 del disc\u00a0Mediterr\u00e1neo,\u00a0un\u00a0disc que cont\u00e9 10 can\u00e7ons que han convertit aquest disc en una pe\u00e7a antol\u00f2gica.\u00a0Per\u00f2\u00a0resulta que aquest \u00e0lbum va sortir a la venda l\u2019any\u00a01971, \u00e9s\u00a0a dir, que est\u00e0 celebrant els 50 anys tres anys\u00a0abans de la data que s\u2019hauria de fer.\u00a0I per altra banda ja fa anys que no aporta res de nou i m\u00e9s aviat sembla un disc ratllat. Serrat, creu-me, deixa estar ja aix\u00f2 de cantar i dedica\u2019t a fer d\u2019avi o a fer hort!.\u00a0Potser ha avan\u00e7at la gira perqu\u00e8 t\u00e9 por que li passi com al seu amic Sabina&#8230; I\u00a0Aute,\u00a0al seu torn, va sofrir l\u2019agost del 2016\u00a0un infart que\u00a0el va mantenir en estat de coma durant dos mesos.\u00a0Suposo que aquest ja ni ho probar\u00e0\u00a0aix\u00f2 de\u00a0tornar\u00a0als escenaris&#8230;<\/div>\n<div><\/div>\n<div>I com aquests vells roquers, una colla de companys d\u2019estudis\u00a0de la nostra jovenesa tamb\u00e9\u00a0ens anem tornant nost\u00e0lgics, sense la pretensi\u00f3, aix\u00f2 s\u00ed, de fer el rid\u00edcul com aquests cassos que he citat abans. Resulta que hem creat\u00a0un grup de WhatsApp per\u00a0demostrar\u00a0que encara som una mica modernets i que volem estar\u00a0<i>\u00e0 la page.\u00a0<\/i>No s\u00e9 pas si aconseguim\u00a0dominar gaire aix\u00f2 de les noves tecnologies, per\u00f2 ho intentem. Ahir\u00a0mateix\u00a0ens vam passar el dia recordant vells temps a partir de l&#8217;av\u00eds d\u2019un company nostre que va\u00a0aixecar la llebre\u00a0 dient-nos que un altre company d\u2019aquells temps estava sortint a la tele.\u00a0I, \u00e9s clar, de seguida va c\u00f3rrer la veu i ens va faltar temps per comen\u00e7ar a recordar temps passats. De cap i volta vam retrocedir 40 anys i la mem\u00f2ria -aquesta capacitat del nostre cervell de retenir i recuperar informaci\u00f3- es va posar en funcionament i, com en aquells pous de la nostra inf\u00e0ncia, en qu\u00e8 a mida que tr\u00e8iem aigua v\u00e8iem com n\u2019anava entrant, anava sorgint un record despr\u00e9s de l\u2019altre a mida que an\u00e0vem parlant. Ho podr\u00edem comparar tamb\u00e9 amb aquells cabdells de fil que, una vegada trobat el cap,\u00a0l\u2019anem estirant, estirant, i tot va sortint espont\u00e0niament a partir d\u2019un\u00a0primer est\u00edmul.<\/div>\n<div><\/div>\n<div>Nost\u00e0lgia? Potser s\u00ed. Per\u00f2 no hem de quedar-nos ancorats en els temps passats que, per m\u00e9s que ho digui alg\u00fa, no sempre van ser millors. La nost\u00e0lgia pot ser positiva, per\u00f2 tamb\u00e9 pot ser in\u00fatil. Pot ser un refugi, un oasi momentani, que ens indiqui tot el cam\u00ed que vam projectar i que potser hem fet. O potser no. Recordant temps passts potser ens adonarem que ens hem quedat a mig cam\u00ed o fins i tot molt m\u00e9s lluny d\u2019aquelles fites que ens propos\u00e0vem. Per aix\u00f2 la nost\u00e0lgia del passat mai no pot ser el refugi definitiu. \u00danicament ha de servir per viure amb m\u00e9s intensitat el present i veure que potser no tot ho hem perdut pel cam\u00ed.<\/div>\n<\/div>\n","protected":false},"excerpt":{"rendered":"<p>Com diu aquella can\u00e7\u00f3 de\u00a0quan\u00a0Miguel R\u00edos encara era jove (finals dels 70)\u00a0\u00abels vells roquers no moren mai\u00bb. B\u00e9,\u00a0potser\u00a0alguns s\u00ed que es moren o, si no es moren, estan ja\u00a0molt\u00a0tocats pel pas del temps, tot i que mirin de dissimular-ho. \u00c9s admirable, certament,\u00a0veure encara els Rolling Stones\u00a0com\u00a0segueixen fent gires, gravant discos i tocant per aquests mons [&hellip;]<\/p>\n","protected":false},"author":214,"featured_media":0,"comment_status":"open","ping_status":"open","sticky":false,"template":"","format":"standard","meta":{"_jetpack_memberships_contains_paid_content":false,"footnotes":"","jetpack_publicize_message":"","jetpack_publicize_feature_enabled":true,"jetpack_social_post_already_shared":false,"jetpack_social_options":{"image_generator_settings":{"template":"highway","default_image_id":0,"font":"","enabled":false},"version":2}},"categories":[3321],"tags":[31918],"class_list":["post-6571","post","type-post","status-publish","format-standard","hentry","category-vellesa","tag-vellesa"],"jetpack_publicize_connections":[],"jetpack_featured_media_url":"","jetpack_shortlink":"https:\/\/wp.me\/pagkjs-1HZ","jetpack-related-posts":[],"jetpack_sharing_enabled":true,"_links":{"self":[{"href":"https:\/\/blogs.avui.cat\/jaumepubill\/wp-json\/wp\/v2\/posts\/6571","targetHints":{"allow":["GET"]}}],"collection":[{"href":"https:\/\/blogs.avui.cat\/jaumepubill\/wp-json\/wp\/v2\/posts"}],"about":[{"href":"https:\/\/blogs.avui.cat\/jaumepubill\/wp-json\/wp\/v2\/types\/post"}],"author":[{"embeddable":true,"href":"https:\/\/blogs.avui.cat\/jaumepubill\/wp-json\/wp\/v2\/users\/214"}],"replies":[{"embeddable":true,"href":"https:\/\/blogs.avui.cat\/jaumepubill\/wp-json\/wp\/v2\/comments?post=6571"}],"version-history":[{"count":3,"href":"https:\/\/blogs.avui.cat\/jaumepubill\/wp-json\/wp\/v2\/posts\/6571\/revisions"}],"predecessor-version":[{"id":6574,"href":"https:\/\/blogs.avui.cat\/jaumepubill\/wp-json\/wp\/v2\/posts\/6571\/revisions\/6574"}],"wp:attachment":[{"href":"https:\/\/blogs.avui.cat\/jaumepubill\/wp-json\/wp\/v2\/media?parent=6571"}],"wp:term":[{"taxonomy":"category","embeddable":true,"href":"https:\/\/blogs.avui.cat\/jaumepubill\/wp-json\/wp\/v2\/categories?post=6571"},{"taxonomy":"post_tag","embeddable":true,"href":"https:\/\/blogs.avui.cat\/jaumepubill\/wp-json\/wp\/v2\/tags?post=6571"}],"curies":[{"name":"wp","href":"https:\/\/api.w.org\/{rel}","templated":true}]}}