{"id":6556,"date":"2018-08-03T15:30:44","date_gmt":"2018-08-03T14:30:44","guid":{"rendered":"http:\/\/blogs.avui.cat\/jaumepubill\/?p=6556"},"modified":"2018-08-03T15:30:44","modified_gmt":"2018-08-03T14:30:44","slug":"extrema-dreta-i-feixisme","status":"publish","type":"post","link":"https:\/\/blogs.avui.cat\/jaumepubill\/2018\/08\/03\/extrema-dreta-i-feixisme\/","title":{"rendered":"EXTREMA DRETA I FEIXISME"},"content":{"rendered":"<div class=\"separator\"><a href=\"https:\/\/i0.wp.com\/www.vilaweb.cat\/media\/continguts\/000\/076\/817\/thumbnails\/thumb_474__4.jpg?ssl=1\"><img data-recalc-dims=\"1\" loading=\"lazy\" decoding=\"async\" src=\"https:\/\/i0.wp.com\/www.vilaweb.cat\/media\/continguts\/000\/076\/817\/thumbnails\/thumb_474__4.jpg?resize=400%2C300&#038;ssl=1\" width=\"400\" height=\"300\" border=\"0\" \/><\/a><\/div>\n<div class=\"separator\"><\/div>\n<p>M\u2019ha arribat avui una frase de Jos\u00e9 Saramago que no coneixia. L\u2019he buscada en algun dels seus llibres i no l\u2019he trobada. Em sembla que la va dir en una entrevista que li van fer a Col\u00f2mbia i que, com un profeta modern, va endevinar qu\u00e8 passaria en un futur no lluny\u00e0, tant a Europa com a Llatinoam\u00e8rica. Va dir que \u201cels feixistes del futur no tindran aquell estereotip de Hitler o de Mussolini. No tindran aquell gest de militar dur. Seran homes que parlaran de tot all\u00f2 que la majoria voldran sentir. Sobre bondat,fam\u00edlia,bons costums,religi\u00f3 i \u00e8tica\u201d.<br \/>\nJos\u00e9 Saramago va criticar les tend\u00e8ncies autorit\u00e0ries que anaven sorgint tant en alguns governs de l\u2019esquerra llatinoamericana com en alguns partits europeus:&#8221;Hay desaparecidos, secuestrados, paramilitares, guerrilleros que en un principio, supongo, tuvieron ideales para cambiar algo, pero degeneraron en secuestradores y narcotraficantes, y lo peor es que ya no sabr\u00e1n vivir de otra forma&#8221;. I tamb\u00e9 va advertir sobre el resorgiment del feixisme al vell continent:&#8221;En Europa estamos asistiendo al resurgir de la derecha, a la presencia de la extrema derecha con insignias fascistas&#8221;.<br \/>\nCom podem anar comprovant dia a dia, la premonici\u00f3 i els mals auguris de Saramago es van acomplint arreu molt m\u00e9s r\u00e0pidament del que pod\u00edem pensar. I no es tracta nom\u00e9s de pa\u00efsos de dubtosa qualitat democr\u00e0tica, sin\u00f3 que es tracta d\u2019una onada que recorre tot el m\u00f3n. EEUU, amb l\u2019inefable Trump, sembla que vol liderar aquesta trista lliga de l\u2019extrema dreta, que potser no arriba a feixisme en tots els cassos, per\u00f2 s\u00ed que s\u2019hi va acostant, el va festejant i li fa la gara-gara perillosament.<br \/>\nA Europa s\u00f3n tres pa\u00efsos els que sembla que marquen el cam\u00ed: Hongria, amb el partit de Viktor Orb\u00e1n (FIDESZ) i amb JOBBIK, un partit neofeixista i clarament xen\u00f2fob. Tenim tamb\u00e9 Fran\u00e7a, amb el Front Nacional de Marine Le Pen; Dinamarca, amb el Partit del Poble Dan\u00e8s; Gr\u00e8cia, amb Aurora Dorada; Bulg\u00e0ria, amb Atac. I trobar\u00edem altres partits m\u00e9s petits i de moment menys important en altres pa\u00efsos com \u00c0ustria, Su\u00e8cia i Holanda.<br \/>\nI ara tocaria parlar d\u2019Espanya que, ja de temps antics i de la m\u00e0 d\u2019 Aznar, sembla evolucionar r\u00e0pidament cap aquests camins tan perillosos de la m\u00e0 de l\u2019actual PP i de Ciudadanos, molt ben animats per un munt de diaris, emissores de r\u00e0dio i TV i una colla de periodistes que s\u2019exprimeixen cada dia el cervell per veure qui la diu m\u00e9s grossa, especialment contra Catalunya i els catalans des que el proc\u00e8s d\u2019independ\u00e8ncia s\u2019ha posat a caminar. En molts cassos, feixisme pur i dur i sense que ning\u00fa hi posi remei. I tan primmirats com s\u00f3n amb segons qui i segons qu\u00e8!<br \/>\nEn voleu una mostra? Us la porto, tot i que ja us aviso per endavant que no \u00e9s meu el recull sin\u00f3 que el va publicar\u00a0<a href=\"https:\/\/www.vilaweb.cat\/noticia\/4171941\/20140207\/antologia-dinsults-catalans-catalunya.html\">VILAWEB<\/a>\u00a0el divendres 07.02.2014 i que a hores d\u2019ara la llista seria molt m\u00e9s llarga.<br \/>\nPer si no voleu anar al text publicat al diari us el transcric aqu\u00ed mateix. Us aconsello -aix\u00f2 s\u00ed- que, quan el llegiu, prepareu una bona til\u00b7la per tal de no agafar gaire mala llet i que no us afecti al fetge i a la vostra salut en general&#8230;<\/p>\n<p><strong>Antologia d&#8217;insults contra els catalans i Catalunya<\/strong><\/p>\n<p>L&#8217;agressivitat contra el proc\u00e9s d&#8217;independ\u00e8ncia de Catalunya s&#8217;expressa en alguns casos amb insults i amenaces greus que acostumen a quedar impunes sense que cap jutjat actu\u00ef d&#8217;ofici. La incitaci\u00f3 a l&#8217;odi i la xenof\u00f2bia tenen noms i cognoms, molt sovint reincidents. El col\u00b7lectiu &#8216;<a href=\"http:\/\/www.facebook.com\/HeroisIndepes\" target=\"_blank\" rel=\"noopener\">Herois indepes<\/a>&#8216; s&#8217;han dedicat a recollir les frases m\u00e9s esperp\u00e8ntiques, amena\u00e7adores i insultants de la caverna espanyola i n&#8217;ha fet una col\u00b7lecci\u00f3 de cromos. Un dels membres col\u00b7laboradors del col\u00b7lectiu, David d&#8217;Enterria (<a href=\"https:\/\/twitter.com\/denterd\" target=\"_blank\" rel=\"noopener\">Twitter<\/a>), n&#8217;ha extret una llista amb tots els insults, que ha volgut publicar a VilaWeb. Us l&#8217;oferim a continuaci\u00f3:<\/p>\n<p>&#8216;Subnormales&#8217; (Antonio Gala, 03.02.2014)<br \/>\n&#8216;Del Tercer Mundo&#8217; (Curri Valenzuela, 31.01.2014)<br \/>\n&#8216;De la Edad Media&#8217; (Mariano Rajoy, 02.02.2014)<br \/>\n&#8216;Hobbits&#8217; (Jorge Moragas, 25.01.2014)<br \/>\n&#8216;Incultos&#8217; (M.A. Trujillo, 16.12.2013; i Arturo P\u00e9rez Reverte, 09.12.2013)<br \/>\n&#8216;Egotistas carn\u00edvoros, genocidas la peste&#8217; (Del Pozo, 02.12.2013)<br \/>\n&#8216;De psiqui\u00e1trico&#8217; (Alfonso Uss\u00eda, 29.11.2013)<br \/>\n&#8216;Tontos de la estelada&#8217; (Alejandro Vara, 12.11.2013)<br \/>\n&#8216;Radicales anti-convivencia&#8217; (Victoria\u00a0Prego, 07.10.2013)<br \/>\n&#8216;Porreros al\u00b7lucin\u00f2gens&#8217; (Joaquim Coll, 04.10.2013)<br \/>\n&#8216;Homosexuales, drogadictos y gente de mal vivir&#8217; (Gerardo Bellalta, 06.09.2013)<br \/>\n&#8216;Sectaris&#8217; (Toni Bola\u00f1o, 19.08.2013)<br \/>\n&#8216;Anestesiats&#8217; (Xavier Sabat\u00e9, 19.08.2013)<br \/>\n&#8216;Potenciales delincuentes&#8217; (Sigfrid Soria, 23.07.2013)<br \/>\n&#8216;Mierdas, para no verlos&#8217; (P. Trigueros, 22.07.2013)<br \/>\n&#8216;Catalanes de mierda&#8217; (Juan Carlos Gafo, 20.07.2013)<br \/>\n&#8216;Nacionalismo cerrado, retr\u00f3grado, provinciano y alicorto&#8217; (Jos\u00e9 Mar\u00eda Carrascal, 02.07.2013)<br \/>\n&#8216;Embobados, pat\u00e9ticos y paletos&#8217; (Alfonso Merlos, 01.07.2013)<br \/>\n&#8216;Chusma, delincuentes&#8217; (Alejo Vidal-Quadras, 17.05.2013)<br \/>\n&#8216;Crueles&#8217; (Cristina L\u00f3pez Schlichting, 12.04.2013)<br \/>\n&#8216;Catetismo, paletismo, provincialismo, enanismo, caciquismo&#8217; (Hermann Tertsch, 05.04.2013)<br \/>\n&#8216;Traidores&#8217; (Ignacio Gonz\u00e1lez, 21.03.2013)<br \/>\n&#8216;Pobre gente que no tiene nada que hacer&#8217; (Arcadi Espada, 20.02.2013)<br \/>\n&#8216;Retrasado mental, nacionalista tarado&#8217; (Francisco Alam\u00e1n, 01.02.2013)<br \/>\n&#8216;Cosa gangrenosa&#8217; (Jim\u00e9nez Losantos, 29.01.2013)<br \/>\n&#8216;Paletos, ignorantes, ladrones&#8217; (C\u00e9sar Vidal, 29.01.2013)<br \/>\n&#8216;Exaltadores del odio&#8217; (Gerard Bellalta, 28.12.2012)<br \/>\n&#8216;Talibans&#8217; (Alicia S\u00e1nchez-Camacho, 27.12.2012)<br \/>\n&#8216;Catetos&#8217; (Jaime Gonz\u00e1lez, 24.12.2012)<br \/>\n&#8216;Miserables&#8217; (Jos\u00e9 Garc\u00eda Dom\u00ednguez, 14.12.2012)<br \/>\n&#8216;D\u00e9biles, enfermizos con inclinaci\u00f3n al robo&#8217; (Cesar Vidal, 03.12.2012)<br \/>\n&#8216;Timadores sin escr\u00fapulos&#8217; (Eduardo Goligorsky, 30.11.2012)<br \/>\n&#8216;Chantajistas&#8217; (Mart\u00edn Prieto, 30.11.2012)<br \/>\n&#8216;Como rep\u00fablica bananera&#8217; (Esperanza Aguirre, 14.11.2012)<br \/>\n&#8216;Salivadores como el perro de Pavlov&#8217; (Alejo Vidal-Quadras, 10.11.2012)<br \/>\n&#8216;Regi\u00f3n sin ley&#8217; (Esperanza Aguirre, 05.11.2012)<br \/>\n&#8216;Como guardia pretoriana de Pilatos&#8217; (Armas Marcelo, 05.11.2012)<br \/>\n&#8216;Como la prostituta del chiste&#8217; (C\u00e9sar Vidal, 01.11.2012)<br \/>\n&#8216;Terroristas&#8217; (Maria Jos\u00e9 Garc\u00eda Cuevas, 31.01.2014)<br \/>\n&#8216;Como ETA&#8217; (De Veciana, 05.01.2014)<br \/>\n&#8216;Proetarras&#8217; (ABC, 17.12.2013)<br \/>\n&#8216;Como ETA&#8217; (Mayor Oreja, 21.10.2013; i Belloch, 30.09.2013)<br \/>\n&#8216;M\u00e9s greu que els terroristes&#8217; (Enric Millo, 23.09.2013)<br \/>\n&#8216;Contra la democracia&#8217; (Javier Cercas, 17.09.2013)<br \/>\n&#8216;Como Goebbels&#8217; (Fernando Savater, 16.12.2013)<br \/>\n&#8216;Como el fascismo y Franco&#8217; (Federico Quevedo, 11.12.2013)<br \/>\n&#8216;Como los nazis&#8217; (Rosa D\u00edez, 11.12.2013)<br \/>\n&#8216;Propaganda del odio&#8217; (Albert Rivera, 10.12.2013)<br \/>\n&#8216;Xen\u00f3fobos&#8217; (Antonio P\u00e9rez Henares, 24.10.2013)<br \/>\n&#8216;Criminal y genocida&#8217; (De Diego, 16.10.2013)<br \/>\n&#8216;Golpistas&#8217; (Hermann Tertsch, 16.10.2013)<br \/>\n&#8216;Como nazis&#8217; (Ketty Garat, 14.10.2013)<br \/>\n&#8216;Como Hitler&#8217; (Montse Suarez, 08.10.2013)<br \/>\n&#8216;Como Goebbels&#8217; (Jos\u00e9 Antonio de Yturriaga, 24.09.2013)<br \/>\n&#8216;Como la Alemania a\u00f1os 30&#8217; (Pedro J. Ramirez, 23.09.2013)<br \/>\n&#8216;Como las juventudes hitlerianas&#8217; (Jim\u00e9nez Losantos, 18.09.2013)<br \/>\n&#8216;Como campos de exterminio nazis&#8217; (Jos\u00e9 Domingo, 06.09.2013)<br \/>\n&#8216;Como Hitler, golpe de estado&#8217; (Jordi Ca\u00f1as, 26.07.2013)<br \/>\n&#8216;Com les eleccions nazis&#8217; (Gabriel Colom\u00e9, 24.07.2013)<br \/>\n&#8216;Chantajistas como Hitler&#8217; (Arcada Espada, 17.07.2013)<br \/>\n&#8216;Malalts, com el franquisme&#8217; (Toni Bola\u00f1o, 3.07.2013)<br \/>\n&#8216;Yihadistes nazis&#8217; (Hermann Tertsch, 3.07.2013)<br \/>\n&#8216;Com l&#8217;Alemanya de Hitler&#8217; (Rafael Maluenda, 15.05.2013)<br \/>\n&#8216;Com el nazisme. Adoctrinats&#8217; (Enric Millo, 15.05.2013)<br \/>\n&#8216;Como ide\u00f3logos nazis&#8217; (Pedro G. Cuartango, 13.05.2013)<br \/>\n&#8216;Como el regimen nazi&#8217; (Cristina L\u00f3pez Schlichting, 09.05.2013)<br \/>\n&#8216;Como el estalinismo y nazismo&#8217; (Telemadrid, 09.05.2013)<br \/>\n&#8216;Como \u00e9poca de Hitler&#8217; (Javier Mariscal, 02.05.2013)<br \/>\n&#8216;Como con Franco&#8217; (C. Alberdi, 18.04.2013)<br \/>\n&#8216;Fascismo ling\u00fc\u00edstico&#8217; (Toni Cant\u00f3, 16.04.2013)<br \/>\n&#8216;Como el Berl\u00edn nazi&#8217; (Albert Boadella, 03.04.2013)<br \/>\n&#8216;Como los nazis&#8217; (Santiago Abascal, 11.03.2013)<br \/>\n&#8216;Como el nazismo&#8217; (G. Serrano, 08.03.2013)<br \/>\n&#8216;Como Hitler y Mussolini&#8217; (Rodr\u00edguez Ibarra, 07.03.2013)<br \/>\n&#8216;Parafascistas&#8217; (F\u00e9lix de Az\u00faa, 05.03.2013)<br \/>\n&#8216;Como Goebbels&#8217; (Jordi Ca\u00f1as, 28.02.2013)<br \/>\n&#8216;Como los nazis&#8217; (P\u00edo Moa, 18.02.2013)<br \/>\n&#8216;Como el Berl\u00edn comunista&#8217; (Albert Boadella, 03.01.2013)<br \/>\n&#8216;Asesinos de ni\u00f1os, genocidas&#8217; (Enrique de Diego, 03.12.2012)<br \/>\n&#8216;Golpistas&#8217; (Rodr\u00edguez Ibarra, 03.12.2012)<br \/>\n&#8216;Como Alemania nazi&#8217; (Jos\u00e9 Bono, 15.11.2012)<br \/>\n&#8216;Como golpe de estado&#8217; (Garc\u00eda-Margallo, 12.11.2012)<br \/>\n&#8216;Con d\u00e9ficits democr\u00e1ticos, caudillismo&#8217; (El Pa\u00eds, 09.11.2012)<\/p>\n","protected":false},"excerpt":{"rendered":"<p>M\u2019ha arribat avui una frase de Jos\u00e9 Saramago que no coneixia. L\u2019he buscada en algun dels seus llibres i no l\u2019he trobada. Em sembla que la va dir en una entrevista que li van fer a Col\u00f2mbia i que, com un profeta modern, va endevinar qu\u00e8 passaria en un futur no lluny\u00e0, tant a Europa [&hellip;]<\/p>\n","protected":false},"author":214,"featured_media":0,"comment_status":"open","ping_status":"open","sticky":false,"template":"","format":"standard","meta":{"_jetpack_memberships_contains_paid_content":false,"footnotes":"","jetpack_publicize_message":"","jetpack_publicize_feature_enabled":true,"jetpack_social_post_already_shared":false,"jetpack_social_options":{"image_generator_settings":{"template":"highway","default_image_id":0,"font":"","enabled":false},"version":2}},"categories":[172],"tags":[31828],"class_list":["post-6556","post","type-post","status-publish","format-standard","hentry","category-politica","tag-politica"],"jetpack_publicize_connections":[],"jetpack_featured_media_url":"","jetpack_shortlink":"https:\/\/wp.me\/pagkjs-1HK","jetpack-related-posts":[],"jetpack_sharing_enabled":true,"_links":{"self":[{"href":"https:\/\/blogs.avui.cat\/jaumepubill\/wp-json\/wp\/v2\/posts\/6556","targetHints":{"allow":["GET"]}}],"collection":[{"href":"https:\/\/blogs.avui.cat\/jaumepubill\/wp-json\/wp\/v2\/posts"}],"about":[{"href":"https:\/\/blogs.avui.cat\/jaumepubill\/wp-json\/wp\/v2\/types\/post"}],"author":[{"embeddable":true,"href":"https:\/\/blogs.avui.cat\/jaumepubill\/wp-json\/wp\/v2\/users\/214"}],"replies":[{"embeddable":true,"href":"https:\/\/blogs.avui.cat\/jaumepubill\/wp-json\/wp\/v2\/comments?post=6556"}],"version-history":[{"count":1,"href":"https:\/\/blogs.avui.cat\/jaumepubill\/wp-json\/wp\/v2\/posts\/6556\/revisions"}],"predecessor-version":[{"id":6557,"href":"https:\/\/blogs.avui.cat\/jaumepubill\/wp-json\/wp\/v2\/posts\/6556\/revisions\/6557"}],"wp:attachment":[{"href":"https:\/\/blogs.avui.cat\/jaumepubill\/wp-json\/wp\/v2\/media?parent=6556"}],"wp:term":[{"taxonomy":"category","embeddable":true,"href":"https:\/\/blogs.avui.cat\/jaumepubill\/wp-json\/wp\/v2\/categories?post=6556"},{"taxonomy":"post_tag","embeddable":true,"href":"https:\/\/blogs.avui.cat\/jaumepubill\/wp-json\/wp\/v2\/tags?post=6556"}],"curies":[{"name":"wp","href":"https:\/\/api.w.org\/{rel}","templated":true}]}}