{"id":6549,"date":"2018-08-01T10:33:17","date_gmt":"2018-08-01T09:33:17","guid":{"rendered":"http:\/\/blogs.avui.cat\/jaumepubill\/?p=6549"},"modified":"2018-08-02T10:44:37","modified_gmt":"2018-08-02T09:44:37","slug":"tota-lobra-del-bisbe-pere-casaldaliga-on-line","status":"publish","type":"post","link":"https:\/\/blogs.avui.cat\/jaumepubill\/2018\/08\/01\/tota-lobra-del-bisbe-pere-casaldaliga-on-line\/","title":{"rendered":"TOTA L\u2019OBRA DEL BISBE PERE CASALD\u00c0LIGA ON-LINE"},"content":{"rendered":"<div id=\"post-body-6915982075990479611\" class=\"post-body entry-content\">\n<div class=\"separator\"><a href=\"https:\/\/i0.wp.com\/fotos01.regio7.cat\/2018\/02\/16\/328x206\/fotosexternas20140204204055.jpg?ssl=1\"><img data-recalc-dims=\"1\" loading=\"lazy\" decoding=\"async\" src=\"https:\/\/i0.wp.com\/fotos01.regio7.cat\/2018\/02\/16\/328x206\/fotosexternas20140204204055.jpg?resize=400%2C178&#038;ssl=1\" width=\"400\" height=\"178\" border=\"0\" \/><\/a><\/div>\n<div>El\u00a0<b>bisbe Pere<\/b>\u00a0va complir 90 anys aquest febrer passat. Com tothom sap el bisbe Pere t\u00e9 parkinson.\u00a0<b>Adriano Ciocca<\/b>, l\u2019actual bisbe de\u00a0<em><b>S\u00e3o F\u00e9lix do Araguaia<\/b><\/em>, comenta que la malaltia, que de fa anys pateix el bisbe Pere, segueix la seva implacable cursa, que ara ja no pot ni parlar, per\u00f2 que \u00abla pres\u00e8ncia d\u2019en Pere Casald\u00e0liga es un \u00e0nim, una for\u00e7a, una bandera\u00a0constant. El seu testimoni \u00e9s l\u2019Evangeli de Nostre\u00a0Senyor, no nom\u00e9s de paraula sin\u00f3 amb el seu comprom\u00eds de vida\u00bb.<\/div>\n<div><\/div>\n<div><b>JOS\u00c9 MAR\u00cdA CONCEPCI\u00d3N RODR\u00cdGUEZ<\/b>,un bon amic del Bisbe Pere, ha cregut convenient fer-li un regal d\u2019aniversari per aquests 90 anys i ha tingut la bona idea de fer un portal en l\u00ednia amb tota la seva bibliografia disponible a tothom per a fer-ne desc\u00e0rrega gratu\u00efta per expr\u00e8s desig del bisbe Pere. Ell mateix en ser\u00e0 l\u2019administrador de tota l\u2019obra i de l\u2019arxiu-biblioteca\u00a0<i>online.\u00a0<\/i>Llibres, articles, poemes i molts m\u00e9s continguts de l\u2019autor es van pujant al portal per a que tota la seva obra quedi establement garantida per sempre.<\/div>\n<div><\/div>\n<div>Accedir-hi \u00e9s molt f\u00e0cil.\u00a0Tots els continguts\u00a0estan\u00a0emmagatzemats\u00a0a\u00a0la plataforma\u00a0<em><b>Academia.edu<\/b><\/em>,\u00a0on podem\u00a0veure els t\u00edtols, descarregar-los, comentar-los\u00a0<em>online\u00a0<\/em><em>amb altres interessats, fer-nos seguidors<\/em>\u00a0del portal\u00a0i rebre notificacions.<\/div>\n<div><\/div>\n<div><b>SI VOLEU FER-HI UNA ULLADA, PODEU FER-HO\u00a0<\/b><strong><a href=\"https:\/\/independent.academia.edu\/PedroCASALDALIGA\" target=\"_blank\" rel=\"noopener\">AQUI<\/a>.<\/strong><\/div>\n<div><\/div>\n<div>La pres\u00e8ncia i el testimoni del bisbe Pere es mantenen vius a trav\u00e9s del temps i continuen injectant esperan\u00e7a a tots aquells que desitgin comprometre\u2019s en la construcci\u00f3 d\u2019un altre m\u00f3n possible,\u00a0m\u00e9s just, fratern, igualitari, en pau; d\u2019una altra esgl\u00e9sia m\u00e9s senzilla, pobre comunit\u00e0ria i prof\u00e8tica;\u00a0d\u2019unes altres relacions entre les persones on primi el respecte a les diferents opcions, a l\u2019amistat, la cordialitat, la solidaritat.<\/div>\n<div><\/div>\n<div>Parlar i reflexionar de tots aquests valors en un m\u00f3n que sembla cada cop m\u00e9s desgavellat segueix essent una tasca necess\u00e0ria i imprescindible i l\u2019obra del bisbe Pere ens hi pot ajudar.<\/div>\n<\/div>\n","protected":false},"excerpt":{"rendered":"<p>El\u00a0bisbe Pere\u00a0va complir 90 anys aquest febrer passat. Com tothom sap el bisbe Pere t\u00e9 parkinson.\u00a0Adriano Ciocca, l\u2019actual bisbe de\u00a0S\u00e3o F\u00e9lix do Araguaia, comenta que la malaltia, que de fa anys pateix el bisbe Pere, segueix la seva implacable cursa, que ara ja no pot ni parlar, per\u00f2 que \u00abla pres\u00e8ncia d\u2019en Pere Casald\u00e0liga es [&hellip;]<\/p>\n","protected":false},"author":214,"featured_media":0,"comment_status":"open","ping_status":"open","sticky":false,"template":"","format":"standard","meta":{"_jetpack_memberships_contains_paid_content":false,"footnotes":"","jetpack_publicize_message":"","jetpack_publicize_feature_enabled":true,"jetpack_social_post_already_shared":false,"jetpack_social_options":{"image_generator_settings":{"template":"highway","default_image_id":0,"font":"","enabled":false},"version":2}},"categories":[5413],"tags":[3762],"class_list":["post-6549","post","type-post","status-publish","format-standard","hentry","category-pere-casaldaliga-esglesia-religio","tag-pere-casaldaliga"],"jetpack_publicize_connections":[],"jetpack_featured_media_url":"","jetpack_shortlink":"https:\/\/wp.me\/pagkjs-1HD","jetpack-related-posts":[],"jetpack_sharing_enabled":true,"_links":{"self":[{"href":"https:\/\/blogs.avui.cat\/jaumepubill\/wp-json\/wp\/v2\/posts\/6549","targetHints":{"allow":["GET"]}}],"collection":[{"href":"https:\/\/blogs.avui.cat\/jaumepubill\/wp-json\/wp\/v2\/posts"}],"about":[{"href":"https:\/\/blogs.avui.cat\/jaumepubill\/wp-json\/wp\/v2\/types\/post"}],"author":[{"embeddable":true,"href":"https:\/\/blogs.avui.cat\/jaumepubill\/wp-json\/wp\/v2\/users\/214"}],"replies":[{"embeddable":true,"href":"https:\/\/blogs.avui.cat\/jaumepubill\/wp-json\/wp\/v2\/comments?post=6549"}],"version-history":[{"count":4,"href":"https:\/\/blogs.avui.cat\/jaumepubill\/wp-json\/wp\/v2\/posts\/6549\/revisions"}],"predecessor-version":[{"id":6553,"href":"https:\/\/blogs.avui.cat\/jaumepubill\/wp-json\/wp\/v2\/posts\/6549\/revisions\/6553"}],"wp:attachment":[{"href":"https:\/\/blogs.avui.cat\/jaumepubill\/wp-json\/wp\/v2\/media?parent=6549"}],"wp:term":[{"taxonomy":"category","embeddable":true,"href":"https:\/\/blogs.avui.cat\/jaumepubill\/wp-json\/wp\/v2\/categories?post=6549"},{"taxonomy":"post_tag","embeddable":true,"href":"https:\/\/blogs.avui.cat\/jaumepubill\/wp-json\/wp\/v2\/tags?post=6549"}],"curies":[{"name":"wp","href":"https:\/\/api.w.org\/{rel}","templated":true}]}}