{"id":6519,"date":"2018-06-07T21:06:21","date_gmt":"2018-06-07T20:06:21","guid":{"rendered":"http:\/\/blogs.avui.cat\/jaumepubill\/?p=6519"},"modified":"2018-06-08T16:49:13","modified_gmt":"2018-06-08T15:49:13","slug":"minitre-ministra","status":"publish","type":"post","link":"https:\/\/blogs.avui.cat\/jaumepubill\/2018\/06\/07\/minitre-ministra\/","title":{"rendered":"Ministre\/ministra"},"content":{"rendered":"<h3 class=\"post-title entry-title\"><\/h3>\n<div class=\"post-header\">\n<div class=\"post-header-line-1\"><\/div>\n<\/div>\n<div id=\"post-body-2595619105680408018\" class=\"post-body entry-content\">\n<div class=\"separator\"><a href=\"https:\/\/i0.wp.com\/4.bp.blogspot.com\/-5r9_Eq1735M\/WxmOyJ1A17I\/AAAAAAACwEM\/xbDcMszBx1oYGh_UIie7ptfsBT-xTA3ewCLcBGAs\/s1600\/IMG-20180606-WA0001.jpg?ssl=1\"><img data-recalc-dims=\"1\" loading=\"lazy\" decoding=\"async\" class=\"aligncenter\" src=\"https:\/\/i0.wp.com\/4.bp.blogspot.com\/-5r9_Eq1735M\/WxmOyJ1A17I\/AAAAAAACwEM\/xbDcMszBx1oYGh_UIie7ptfsBT-xTA3ewCLcBGAs\/s400\/IMG-20180606-WA0001.jpg?resize=400%2C271&#038;ssl=1\" width=\"400\" height=\"271\" border=\"0\" \/><\/a><\/div>\n<div class=\"separator\"><\/div>\n<div>Del nou\u00a0<i>Gobierno de Espa\u00f1a,\u00a0<\/i>ara que en coneixem la seva composici\u00f3, en podr\u00edem dir moltes coses. Que si hi ha una gran majoria de dones; que si hi ha dos gais; que si hi ha un astronauta, etc etc&#8230; Aquests detalls, tot i ser importants, no ho s\u00f3n gaire si no mirem el que hi ha darrere aquesta fa\u00e7ana de cart\u00f3-pedra.<\/div>\n<div><\/div>\n<div>Quan va sortir la moci\u00f3 de censura a Rajoy jo nom\u00e9s hi vaig veure de positiu el fet que per fi deixar\u00edem d\u2019olorar aquesta fortor insuportable que deixava anar aquest PP corrupte fins al moll de l\u2019os, per\u00f2 tenia\u00a0-i segueixo tenint-\u00a0molt poques esperances en un PSOE que en moltes q\u00fcestions pensa exactament igual que el PP i que viu m\u00e9s de gestos i paraules que no pas de realitats. Haurien de canviar molt les coses perqu\u00e8 em convencessin del contrari. I dic que viuen m\u00e9s d\u2019aparences que no pas de realitats perqu\u00e8 sembla que hagin fet un Gobierno per cobrir l\u2019expedient o perqu\u00e8 hi ha d\u2019haver quotes: la quota femenina, la quota progre o la quota antiindependentista perqu\u00e8 la resta d\u2019Espanya estigui contenta i tranquil\u00b7la. Per\u00f2 amb tota aquesta fa\u00e7ana -tan\u00a0falsa com ells mateixos-\u00a0no enganyaran ning\u00fa. Hi haur\u00e0 ministres que no faran tanta\u00a0pudor de\u00a0resclosit com els del PP.\u00a0Semblaran m\u00e9s modernets, per\u00f2\u00a0aquests\u00a0d\u2019ara\u00a0faran plorar com els altres, ja ho veureu&#8230; I alguns tamb\u00e9 ja fan riure i for\u00e7a ll\u00e0stima abans de comen\u00e7ar. \u00c9s el que hi ha i poca cosa cal esperar-ne.<\/div>\n<div><\/div>\n<div>El fet de posar un munt de dones com a ministres no \u00e9s garantia de res. De les dones que jo conec n\u2019hi ha de tota mena: de\u00a0transgressores per\u00f2 tamb\u00e9 de molt convencionals; n&#8217;hi ha de fortes, per\u00f2 tamb\u00e9 de submises; n\u2019hi ha de llestes i de ruques. Exactament com entre els homes que jo conec. Que hi ha d\u2019haver quotes?. Que ha de ser paritari?. Potser s\u00ed, tot i que no n\u2019estic gaire conven\u00e7ut. El que jo crec que s\u2019hauria de fer sempre \u00e9s triar la persona m\u00e9s adequada per a cada lloc sense mirar si \u00e9s home o dona, si \u00e9s guapo o lleig, si \u00e9s gai o heterosexual. I aquest principi tant val per a ser ministre o ministra, com per ser metge o metgessa, com mestre o mestra. El que en aquests moments convindria \u00e9s que fossin persones amb una mica de sentit com\u00fa, oberts de ment, sense prejudicis i amb ganes d\u2019entendre que l\u2019actual Espanya \u00e9s molt diversa i que hi ha gent amb pensaments molt diferents. I que molts de nosaltres n\u2019estem tips d\u2019estar en un pa\u00eds-pres\u00f3 on cada dia es retallen m\u00e9s drets i llibertats. Si no \u00e9s aix\u00ed, poc ens entendrem i seguirem igual.<\/div>\n<\/div>\n","protected":false},"excerpt":{"rendered":"<p>Del nou\u00a0Gobierno de Espa\u00f1a,\u00a0ara que en coneixem la seva composici\u00f3, en podr\u00edem dir moltes coses. Que si hi ha una gran majoria de dones; que si hi ha dos gais; que si hi ha un astronauta, etc etc&#8230; Aquests detalls, tot i ser importants, no ho s\u00f3n gaire si no mirem el que hi ha [&hellip;]<\/p>\n","protected":false},"author":214,"featured_media":0,"comment_status":"open","ping_status":"closed","sticky":false,"template":"","format":"standard","meta":{"_jetpack_memberships_contains_paid_content":false,"footnotes":"","jetpack_publicize_message":"","jetpack_publicize_feature_enabled":true,"jetpack_social_post_already_shared":false,"jetpack_social_options":{"image_generator_settings":{"template":"highway","default_image_id":0,"font":"","enabled":false},"version":2}},"categories":[172],"tags":[31828],"class_list":["post-6519","post","type-post","status-publish","format-standard","hentry","category-politica","tag-politica"],"jetpack_publicize_connections":[],"jetpack_featured_media_url":"","jetpack_shortlink":"https:\/\/wp.me\/pagkjs-1H9","jetpack-related-posts":[],"jetpack_sharing_enabled":true,"_links":{"self":[{"href":"https:\/\/blogs.avui.cat\/jaumepubill\/wp-json\/wp\/v2\/posts\/6519","targetHints":{"allow":["GET"]}}],"collection":[{"href":"https:\/\/blogs.avui.cat\/jaumepubill\/wp-json\/wp\/v2\/posts"}],"about":[{"href":"https:\/\/blogs.avui.cat\/jaumepubill\/wp-json\/wp\/v2\/types\/post"}],"author":[{"embeddable":true,"href":"https:\/\/blogs.avui.cat\/jaumepubill\/wp-json\/wp\/v2\/users\/214"}],"replies":[{"embeddable":true,"href":"https:\/\/blogs.avui.cat\/jaumepubill\/wp-json\/wp\/v2\/comments?post=6519"}],"version-history":[{"count":2,"href":"https:\/\/blogs.avui.cat\/jaumepubill\/wp-json\/wp\/v2\/posts\/6519\/revisions"}],"predecessor-version":[{"id":6521,"href":"https:\/\/blogs.avui.cat\/jaumepubill\/wp-json\/wp\/v2\/posts\/6519\/revisions\/6521"}],"wp:attachment":[{"href":"https:\/\/blogs.avui.cat\/jaumepubill\/wp-json\/wp\/v2\/media?parent=6519"}],"wp:term":[{"taxonomy":"category","embeddable":true,"href":"https:\/\/blogs.avui.cat\/jaumepubill\/wp-json\/wp\/v2\/categories?post=6519"},{"taxonomy":"post_tag","embeddable":true,"href":"https:\/\/blogs.avui.cat\/jaumepubill\/wp-json\/wp\/v2\/tags?post=6519"}],"curies":[{"name":"wp","href":"https:\/\/api.w.org\/{rel}","templated":true}]}}