{"id":6494,"date":"2018-05-25T23:10:32","date_gmt":"2018-05-25T22:10:32","guid":{"rendered":"http:\/\/blogs.avui.cat\/jaumepubill\/?p=6494"},"modified":"2018-05-25T23:10:32","modified_gmt":"2018-05-25T22:10:32","slug":"referendum-paraula-maleida","status":"publish","type":"post","link":"https:\/\/blogs.avui.cat\/jaumepubill\/2018\/05\/25\/referendum-paraula-maleida\/","title":{"rendered":"REFER\u00c8NDUM: PARAULA MALE\u00cfDA"},"content":{"rendered":"<div id=\"post-body-3946294642451954631\" class=\"post-body entry-content\">\n<div>\n<div class=\"separator\"><a href=\"http:\/\/minervamultimedios.com\/wp-content\/uploads\/2016\/11\/manos-atadas-600x330.jpg\"><img loading=\"lazy\" decoding=\"async\" src=\"https:\/\/lh6.googleusercontent.com\/proxy\/1u7MBoSNmkdPUa4r9zkGJNtyAfmXD15VJ5aGI2hNdP6ytcMxHRpUnnZ-JUcbQlA7AbbhT6bxDLk0TAI9l8XafEmWUAk72JFApNx-SwnJcoeR4MezBDBxbW27oAuQ1r9-BaW-Qsg=s0-d\" width=\"400\" height=\"220\" border=\"0\" \/><\/a><\/div>\n<\/div>\n<div>La paraula\u00a0<i>refer\u00e8ndum\u00a0<\/i>es veu que fa una por terrible a Espanya.\u00a0Una paraula que hauria de ser d&#8217;obligada refer\u00e8ncia quan es parla de democr\u00e0cia, ara resulta que els posa els p\u00e8ls de punta i els esfereeix. Senyal irrefutable que d\u2019aquesta cosa m\u00e9s aviat ens en falta que no pas ens en sobra.<\/div>\n<div><\/div>\n<div>Ho veiem aquests dies en qu\u00e8 l\u2019ajuntament de Sitges (Garraf) ha hagut de suspendre la consulta prevista per dissabte sobre si el barri de les Botigues havia de segregar-se de la localitat i annexionar-se a Castelldefels (Baix Llobregat). Segons que ha explicat en un comunicat el mateix ajuntament, la decisi\u00f3 s\u2019ha pres perqu\u00e8 la delegaci\u00f3 del govern espanyol n\u2019ha demanat\u00a0<i>\u2018la immediata suspensi\u00f3\u2019\u00a0<\/i>perqu\u00e8 el seu consell de ministres no l\u2019ha autoritzada.<\/div>\n<div><\/div>\n<div>Us ho podeu creure? Una q\u00fcesti\u00f3 d\u2019\u00e0mbit purament local i que, com a m\u00e0xim, sembla que ho hauria de resoldre la Generalitat, ara resulta que ha d\u2019anar al consell de ministres de Madrid i ells, que deuen ser tan propers i deuen ser qui m\u00e9s en saben de l\u2019assumpte, tenen la facultat de prohibir-ho tan tranquil\u00b7lament. I per a m\u00e9s inri, el govern municipal de Sitges ha hagut d\u2019expressar,\u00a0encara que nom\u00e9s sigui per dignitat,\u00a0<i>\u2018el seu total desacord amb aquesta interpretaci\u00f3 i la seva perplexitat amb el procediment seguit per comunicar-ho,\u00a0<\/i><i>pocs dies abans de<\/i><i>\u00a0la consulta i via trucada a l\u2019alcalde i correu electr\u00f2nic\u2019<\/i>. Consideren que des de l\u2019ajuntament s\u2019ha seguit en tot moment el procediment legal per a preparar el proc\u00e9s participatiu \u2018amb rigor i transpar\u00e8ncia\u2019.<\/div>\n<div><\/div>\n<div>Tot sovint sentim a dir a tertulians i pol\u00edtics del PP que Espanya \u00e9s dels pa\u00efsos m\u00e9s descentralitzats del m\u00f3n i que aix\u00f2 de les autonomies ha estat un dels invents millors de la hist\u00f2ria del m\u00f3n mundial. Em d\u00f3na la sensaci\u00f3 que no saben qu\u00e8 volen dir les paraules descentralitzaci\u00f3 o autonomia. I no ho saben (o no ho volen saber) ni pel que fa a l\u2019economia ni a la pol\u00edtica.<\/div>\n<div>\nTal com explica la professora\u00a0<b>Marta Espasa<\/b>, especialista en Hisenda P\u00fablica i professora a la UB, investigadora i especialista reputada en temes de finan\u00e7ament auton\u00f2mic, local i balances fiscals, la descentralitzaci\u00f3. perque sigui, efectiva,s&#8217;ha de produir tant per la via de la despesa p\u00fablica com per via de l&#8217;ingr\u00e9s. \u00e9s a dir, si estraspassen compet\u00e8ncies a les administracions territorials tamb\u00e9 cal traspassar els recursos necessaris per poder-hi fer front.\u00a0A escala internacional, l\u2019indicador utilitzat m\u00e9s comunament per mesurar i comparar el grau de descentralitzaci\u00f3 fiscal \u00e9s el percentatge que representa la despesa que gestionen els governs subcentrals en relaci\u00f3 a la despesa p\u00fablica total. Les \u00faltimes dades de l\u2019OCDE mostren que l\u2019any 2012 el pa\u00eds m\u00e9s descentralitzat era Dinamarca, on el pes de la despesa local representava el 62% de la despesa p\u00fablica, mentre que la de l\u2019Estat suposava nom\u00e9s el 38%. La segueixen Su\u00efssa, on el pes de la despesa dels governs subcentrals significava el 58%; Su\u00e8cia, amb el 49%; els Estats Units (47%), i Espanya (40%).<\/div>\n<div><\/div>\n<div>I una altra cosa tant o m\u00e9s important: cal tenir en compte que una cosa \u00e9s la despesa que gestionen els governs subcentrals i una altra la capacitat de decidir sobre les pol\u00edtiques de despesa. No n\u2019hi ha prou amb descentralitzar administrativament si no es fa tamb\u00e9 pol\u00edticament (capacitat de decidir).<\/p>\n<\/div>\n<div>I aqu\u00ed, pel que estem veient cada dia, no tenim ni una cosa ni l\u2019altra. Tot passa per Madrid i ells s\u00f3n els que decideixen en els grans temes i, com veiem en el refer\u00e8ndum de Sitges, tamb\u00e9 en els petits. Una aut\u00e8ntica vergonya! Quants decrets llei dels que ha fet el govern de Catalunya els tomben a Madrid? Darrerament n\u2019hem vist uns quants. On \u00e9s l\u2019aut\u00e8ntica autonomia? Simplement n\u2019hi ha molt poca i procuren que cada dia n\u2019hi hagi menys. Involuci\u00f3 constant en tot i, a m\u00e9s, fent el fatxenda. Darrerament ja tomben els decrets-llei en pla\u00a0<i>Primo Zumosol<\/i>\u00a0o en pla\u00a0<i>maton de barri.\u00a0<\/i>O sigui, perqu\u00e8 els d\u00f3na la reial gana i perqu\u00e8 volen demostrar simplement que tenen el poder i que l&#8217;exerceixen com els surt dels c&#8230;<\/div>\n<div><\/div>\n<div>Com per tenir ganes de seguir dins d\u2019aix\u00f2 que en diuen Espanya!<\/div>\n<\/div>\n","protected":false},"excerpt":{"rendered":"<p>La paraula\u00a0refer\u00e8ndum\u00a0es veu que fa una por terrible a Espanya.\u00a0Una paraula que hauria de ser d&#8217;obligada refer\u00e8ncia quan es parla de democr\u00e0cia, ara resulta que els posa els p\u00e8ls de punta i els esfereeix. Senyal irrefutable que d\u2019aquesta cosa m\u00e9s aviat ens en falta que no pas ens en sobra. Ho veiem aquests dies en [&hellip;]<\/p>\n","protected":false},"author":214,"featured_media":0,"comment_status":"open","ping_status":"closed","sticky":false,"template":"","format":"standard","meta":{"_jetpack_memberships_contains_paid_content":false,"footnotes":"","jetpack_publicize_message":"","jetpack_publicize_feature_enabled":true,"jetpack_social_post_already_shared":false,"jetpack_social_options":{"image_generator_settings":{"template":"highway","default_image_id":0,"font":"","enabled":false},"version":2}},"categories":[172],"tags":[31828],"class_list":["post-6494","post","type-post","status-publish","format-standard","hentry","category-politica","tag-politica"],"jetpack_publicize_connections":[],"jetpack_featured_media_url":"","jetpack_shortlink":"https:\/\/wp.me\/pagkjs-1GK","jetpack-related-posts":[],"jetpack_sharing_enabled":true,"_links":{"self":[{"href":"https:\/\/blogs.avui.cat\/jaumepubill\/wp-json\/wp\/v2\/posts\/6494","targetHints":{"allow":["GET"]}}],"collection":[{"href":"https:\/\/blogs.avui.cat\/jaumepubill\/wp-json\/wp\/v2\/posts"}],"about":[{"href":"https:\/\/blogs.avui.cat\/jaumepubill\/wp-json\/wp\/v2\/types\/post"}],"author":[{"embeddable":true,"href":"https:\/\/blogs.avui.cat\/jaumepubill\/wp-json\/wp\/v2\/users\/214"}],"replies":[{"embeddable":true,"href":"https:\/\/blogs.avui.cat\/jaumepubill\/wp-json\/wp\/v2\/comments?post=6494"}],"version-history":[{"count":1,"href":"https:\/\/blogs.avui.cat\/jaumepubill\/wp-json\/wp\/v2\/posts\/6494\/revisions"}],"predecessor-version":[{"id":6495,"href":"https:\/\/blogs.avui.cat\/jaumepubill\/wp-json\/wp\/v2\/posts\/6494\/revisions\/6495"}],"wp:attachment":[{"href":"https:\/\/blogs.avui.cat\/jaumepubill\/wp-json\/wp\/v2\/media?parent=6494"}],"wp:term":[{"taxonomy":"category","embeddable":true,"href":"https:\/\/blogs.avui.cat\/jaumepubill\/wp-json\/wp\/v2\/categories?post=6494"},{"taxonomy":"post_tag","embeddable":true,"href":"https:\/\/blogs.avui.cat\/jaumepubill\/wp-json\/wp\/v2\/tags?post=6494"}],"curies":[{"name":"wp","href":"https:\/\/api.w.org\/{rel}","templated":true}]}}