{"id":6436,"date":"2018-03-11T11:42:32","date_gmt":"2018-03-11T10:42:32","guid":{"rendered":"http:\/\/blogs.avui.cat\/jaumepubill\/?p=6436"},"modified":"2018-03-11T11:42:32","modified_gmt":"2018-03-11T10:42:32","slug":"lepidemia-de-la-solitud","status":"publish","type":"post","link":"https:\/\/blogs.avui.cat\/jaumepubill\/2018\/03\/11\/lepidemia-de-la-solitud\/","title":{"rendered":"L&#8217;epid\u00e8mia de la solitud"},"content":{"rendered":"<div class=\"post-header\"><\/div>\n<div id=\"post-body-408825960509249493\" class=\"post-body entry-content\">\n<div class=\"separator\"><a href=\"https:\/\/jaumepubill.files.wordpress.com\/2018\/03\/soledad.jpg\"><img data-recalc-dims=\"1\" loading=\"lazy\" decoding=\"async\" src=\"https:\/\/jaumepubill.files.wordpress.com\/2018\/03\/soledad.jpg?resize=400%2C332\" width=\"400\" height=\"332\" border=\"0\" \/><\/a><\/div>\n<div class=\"separator\"><\/div>\n<div><\/div>\n<div>Andr\u00e9s Oppenheimer, un prestigi\u00f3s periodista i escriptor argent\u00ed que fa anys que viu a EEUU, deia que quan va llegir la not\u00edcia de qu\u00e8 la primera ministra brit\u00e0nica\u00a0<b>Theresa May<\/b>\u00a0va nomenar una Ministra de la Solitud la seva primera reacci\u00f3 va ser la de fer una sonora riallada. Per\u00f2 explica tamb\u00e9 que, despr\u00e9s d\u2019entrevistar alguns funcionaris brit\u00e0nics i alguns especialistes, ja no va riure m\u00e9s i va pensar que \u00e9s una bona idea que molts altres pa\u00efsos haurien de comen\u00e7ar a estudiar seriosament i copiar-la tan aviat com puguin.<\/div>\n<div><\/div>\n<div>La solitud t\u00e9 una doble cara: per un costat ens fa por viure sols (o gaireb\u00e9 sols) i \u00e9s una cosa que ens espanta una mica quan pensem en el nostre futur, tinguem fils o no, tinguem m\u00e9s o menys fam\u00edlia. Ja sabem com rutllen les coses ara i com es preveu que rutllin de cara al futur. Ning\u00fa ens assegura en aquests moments poder estar m\u00e9s o menys ben cuidats en la nostra vellesa. Si hi pensem seriosament, a tots ens espanta una mica la solitud. Per\u00f2, per un altre costat, tots sentim la necessitat d\u2019alguns moments de solitud i fins i tot algunes persones l\u2019elegeixen com a forma de vida i s\u2019hi troben c\u00f2modes en aquesta situaci\u00f3.<\/div>\n<div><\/div>\n<div>No podem negar que hi ha una epid\u00e8mia de solitud al m\u00f3n i el problema empitjorar\u00e0 a mesura que l\u2019expectativa de vida creix. Cada dia hi ha m\u00e9s persones que viuen soles i que es refugien a Facebook i altres xarxes socials per fugir-ne una mica. Per\u00f2 tamb\u00e9 \u00e9s veritat que es d\u00f3na la paradoxa de que algunes persones tenen desenes d\u2019amics virtuals per\u00f2 no en tenen cap de real.<\/div>\n<div><\/div>\n<div>La soledat produeix depressi\u00f3 i altres malalties que costen als pa\u00efsos un rony\u00f3 en despeses de salut p\u00fablica. El nomenament de\u00a0<b>Tracey Crouch\u00a0<\/b>com a Ministra de la Solitud del Regne Unit t\u00e9 com a objectiu combatre la solitud i ajudar al govern a estalviar en despeses de salut.<i>&#8220;La solitud destrueix vides, i li costa a l&#8217;erari p\u00fablic una gran quantitat de diners&#8221;<\/i>, va dir en una entrevista Sir Simon McDonald, cap del Servei Diplom\u00e0tic del Regne Unit.\u00a0<i>&#8220;Aix\u00ed que aquesta nova ministra estar\u00e0 coordinant la pol\u00edtica d&#8217;habitatge, la pol\u00edtica social, la pol\u00edtica de salut, la pol\u00edtica educativa, per donar suport als programes que ajudin als que estan sols&#8221;.<\/i><\/div>\n<div><\/div>\n<div>Segons McDonald apunta que hi ha moltes coses simples que pot fer el govern per combatre la soledat, com fer un \u00fas m\u00e9s efectiu dels llocs p\u00fablics ja existents per la gent gran i els centres juvenils. Alguns estudis han demostrat que la soledat produeix estr\u00e8s i que pot ser tan perjudicial per a la salut com fumar, o beure en exc\u00e9s. Som animals socials, i no comunicar-nos amb els nostres semblants t\u00e9 efectes perillosos en la nostra salut.<\/div>\n<div><\/div>\n<div>Entre els joves, l&#8217;addicci\u00f3 a la tecnologia est\u00e0 causant no nom\u00e9s a\u00efllament social sin\u00f3 tamb\u00e9 trastorns d&#8217;atenci\u00f3, depressi\u00f3, ansietat i idees su\u00efcides, segons una nova campanya privada nord-americana contra l&#8217;addicci\u00f3 tecnol\u00f2gica anomenada &#8220;La veritat sobre la tecnologia&#8221;. La meitat dels adolescents es consideren addictes als seus dispositius m\u00f2bils, i el 60 per cent dels pares senten que els seus fills s\u00f3n addictes a les xarxes socials, segons un informe de l&#8217;organitzaci\u00f3\u00a0<b>Common Sense<\/b>.<\/div>\n<div><\/div>\n<div>Qu\u00e8 poden fer els pa\u00efsos per combatre la soledat de la gent, a m\u00e9s de ressuscitar centres comunitaris infrautilitzats?.\u00a0<b>Facundo Manes<\/b>, un conegut neur\u00f2leg, neurocient\u00edfic i escriptor argent\u00ed, proposa una idea interessant: fer que la gent solit\u00e0ria faci treball voluntari. En altres paraules: ajudem-los a fer que puguin treballar junts per bones causes, i al mateix temps se sentin menys sols.<i>&#8220;El treball voluntari \u00e9s molt important, perqu\u00e8 tots necessitem un prop\u00f2sit a la vida\u00a0<\/i><i>i s<\/i><i>er altruista activa certes parts del cervell que produeixen plaer, en forma semblant a quan la gent consumeix coca\u00efna, o menja una hamburguesa amb formatge, o guanya diners&#8221;.<\/i>Manes ha afegit que a menys que eduquem a la gent perqu\u00e8 romangui activa i tingui un prop\u00f2sit a la vida,\u00a0<i>&#8220;els governs hauran de pagar totes les complicacions de salut que sorgeixen quan les persones porten vides passives&#8221;<\/i>.<\/div>\n<div><\/div>\n<div>Hi ha molts exemples de comportaments altruistes entre animals com formigues, abelles i fins i tot goril\u00b7les, el que ha portat a alguns cient\u00edfics a concloure que pot ser que els humans siguem biol\u00f2gicament altruistes. Llavors, per qu\u00e8 no aprofitar aix\u00f2 i convertir l&#8217;altruisme en una eina per ajudar a combatre la solitud? Potser ha arribat l\u2019hora d&#8217;experimentar amb noves idees, per m\u00e9s boges que semblin, per combatre-la.<\/div>\n<\/div>\n","protected":false},"excerpt":{"rendered":"<p>Andr\u00e9s Oppenheimer, un prestigi\u00f3s periodista i escriptor argent\u00ed que fa anys que viu a EEUU, deia que quan va llegir la not\u00edcia de qu\u00e8 la primera ministra brit\u00e0nica\u00a0Theresa May\u00a0va nomenar una Ministra de la Solitud la seva primera reacci\u00f3 va ser la de fer una sonora riallada. Per\u00f2 explica tamb\u00e9 que, despr\u00e9s d\u2019entrevistar alguns funcionaris [&hellip;]<\/p>\n","protected":false},"author":214,"featured_media":0,"comment_status":"closed","ping_status":"closed","sticky":false,"template":"","format":"standard","meta":{"_jetpack_memberships_contains_paid_content":false,"footnotes":"","jetpack_publicize_message":"","jetpack_publicize_feature_enabled":true,"jetpack_social_post_already_shared":false,"jetpack_social_options":{"image_generator_settings":{"template":"highway","default_image_id":0,"font":"","enabled":false},"version":2}},"categories":[1171],"tags":[31868],"class_list":["post-6436","post","type-post","status-publish","format-standard","hentry","category-solitud","tag-solitud"],"jetpack_publicize_connections":[],"jetpack_featured_media_url":"","jetpack_shortlink":"https:\/\/wp.me\/pagkjs-1FO","jetpack-related-posts":[],"jetpack_sharing_enabled":true,"_links":{"self":[{"href":"https:\/\/blogs.avui.cat\/jaumepubill\/wp-json\/wp\/v2\/posts\/6436","targetHints":{"allow":["GET"]}}],"collection":[{"href":"https:\/\/blogs.avui.cat\/jaumepubill\/wp-json\/wp\/v2\/posts"}],"about":[{"href":"https:\/\/blogs.avui.cat\/jaumepubill\/wp-json\/wp\/v2\/types\/post"}],"author":[{"embeddable":true,"href":"https:\/\/blogs.avui.cat\/jaumepubill\/wp-json\/wp\/v2\/users\/214"}],"replies":[{"embeddable":true,"href":"https:\/\/blogs.avui.cat\/jaumepubill\/wp-json\/wp\/v2\/comments?post=6436"}],"version-history":[{"count":1,"href":"https:\/\/blogs.avui.cat\/jaumepubill\/wp-json\/wp\/v2\/posts\/6436\/revisions"}],"predecessor-version":[{"id":6437,"href":"https:\/\/blogs.avui.cat\/jaumepubill\/wp-json\/wp\/v2\/posts\/6436\/revisions\/6437"}],"wp:attachment":[{"href":"https:\/\/blogs.avui.cat\/jaumepubill\/wp-json\/wp\/v2\/media?parent=6436"}],"wp:term":[{"taxonomy":"category","embeddable":true,"href":"https:\/\/blogs.avui.cat\/jaumepubill\/wp-json\/wp\/v2\/categories?post=6436"},{"taxonomy":"post_tag","embeddable":true,"href":"https:\/\/blogs.avui.cat\/jaumepubill\/wp-json\/wp\/v2\/tags?post=6436"}],"curies":[{"name":"wp","href":"https:\/\/api.w.org\/{rel}","templated":true}]}}