{"id":6427,"date":"2018-02-22T19:57:22","date_gmt":"2018-02-22T18:57:22","guid":{"rendered":"http:\/\/blogs.avui.cat\/jaumepubill\/?p=6427"},"modified":"2018-02-22T19:57:22","modified_gmt":"2018-02-22T18:57:22","slug":"a-por-ellos","status":"publish","type":"post","link":"https:\/\/blogs.avui.cat\/jaumepubill\/2018\/02\/22\/a-por-ellos\/","title":{"rendered":"A POR ELLOS!"},"content":{"rendered":"<div id=\"post-body-8632025727739411803\" class=\"post-body entry-content\">\n<div class=\"separator\"><a href=\"https:\/\/odresnuevos.files.wordpress.com\/2014\/03\/odresnuevos-recortes.jpg?w=768&#038;h=534&#038;fit=768%2C534\"><img data-recalc-dims=\"1\" loading=\"lazy\" decoding=\"async\" class=\"aligncenter\" src=\"https:\/\/odresnuevos.files.wordpress.com\/2014\/03\/odresnuevos-recortes.jpg?w=768&#038;h=534&#038;fit=768%2C534&#038;resize=400%2C276\" width=\"400\" height=\"276\" border=\"0\" \/><\/a><\/div>\n<div align=\"center\"><strong><i><b>En\u00a0<\/b><\/i><\/strong><strong><i><b>homenatge al gran<\/b><\/i><\/strong><strong><i><b>\u00a0Forges, que\u00a0<\/b><\/i><\/strong><strong><i><b>ha mort aquesta matinada<\/b><\/i><\/strong><strong><i><b>\u00a0i que\u00a0<\/b><\/i><\/strong><strong><i><b>ha<\/b><\/i><\/strong><strong><i><b>\u00a0<\/b><\/i><\/strong><strong><i><b>sabut\u00a0<\/b><\/i><\/strong><strong><i><b>retratar tant b\u00e9 aquesta Escanya cada cop m\u00e9s\u00a0<\/b><\/i><\/strong><strong><i><b>surrealista<\/b><\/i><\/strong><strong><i><b>&#8230;<\/b><\/i><\/strong><\/div>\n<p><strong><br \/>\n<\/strong><\/p>\n<div><strong>&#8212;&#8212;&#8212;&#8212;&#8212;&#8212;&#8212;&#8212;&#8212;&#8212;&#8212;&#8212;&#8212;&#8212;&#8212;-<\/strong><\/div>\n<p><strong><br \/>\n<\/strong>L\u2019expressi\u00f3\u00a0<strong><i>\u00abA por ellos!\u00bb<\/i><\/strong>\u00a0expressa\u00a0m\u00e9s coses del que sembla. I encara\u00a0n\u2019expresa\u00a0m\u00e9s si mirem qui la pronuncia. Ja hem vist que darrerament la\u00a0vomitamolta gent\u00a0de pensament, paraula i obra. A vegades no s\u2019atreveixen a pronunciar-la\u00a0obertament\u00a0per\u00f2 internament la pensen molt sovint i\u00a0se\u2019ls nota\u00a0les ganes\u00a0que ens tenen als independentistes.\u00a0Des del mateix\u00a0discurs que va fer el\u00a0rei, fins a\u00a0pol\u00edtics, jutges, periodistes i gent de tota mena. L\u2019<i>\u00abellos\u00bb<\/i>es refereix als independentistes catalans, per\u00f2 tamb\u00e9 a altres coses que, a poc a poc, veiem com va sortint en forma d\u2019expressions que van deixant anarcom si fos escuma de\u00a0la boca de\u00a0gos rabi\u00f3s.<br \/>\n<strong><br \/>\n<\/strong><br \/>\nL\u2019<strong><i>\u00abA por ellos\u00bb<\/i><\/strong>\u00a0es refereix a les ganes que tenen que desaparegui TV3,\u00a0a liquidar\u00a0la immersi\u00f3 ling\u00fc\u00edstica, les institucions culturals i tot all\u00f2 que no sintonitza prou amb la seva merdosa\u00a0i curta de gambals\u00a0forma de pensar. Volen aprofitar el 155 per dur a terme tant extermini com puguin\u00a0i amb el menor temps possible. Han d\u2019anar de pressa i aprofitar l\u2019ocasi\u00f3, tal com la van aprofitar amb\u00a0la retirada de les\u00a0obres d\u2019art del Museu de Lleida. Acabo de llegir que el programa d\u2019ahir d\u2019<strong><i>E<\/i><i>l foraster\u00a0<\/i><\/strong>seria el darrer perqu\u00e8 no hi ha diners per a fer-ne m\u00e9s. S\u2019han inventat\u00a0aquest nou reglament de l\u2019IVA -aplicat selectivament a qui els sembla\u00a0i canviant les regles de joc a mig partit-\u00a0com a einainfal\u00b7lible per destrossar\u00a0algunes\u00a0ind\u00fastries culturals\u00a0catalanes que els fan nosa.\u00a0Teatres, festivals\u00a0o\u00a0mitjans de comunicaci\u00f3 que no els siguin afins patiran de valent per poder subsistir. Ja hem vist que alguns ja han anunciat que no poden seguirles programacions per culpa d\u2019aquest IVA inventat a corre-cuita.\u00a0A TV3 ja han cancel\u00b7lat\u00a0<em><b>Tarda oberta<\/b><\/em><em>\u00a0<\/em>i veurem fins quan podr\u00e0 aguantar aquest gran programa en qu\u00e8 s\u2019ha convertit\u00a0<em><b>Preguntes freq\u00fcents<\/b><\/em><em>.\u00a0<\/em>Els grans damnificats seran\u00a0les productores externes\u00a0que per falta de diners veuran\u00a0minvada la seva participaci\u00f3 a TVC.\u00a0El sector audiovisual catal\u00e0,\u00a0prou potent i prou bo per a guanyar premis arreu, les passar\u00e0 malament, vistes les males intencions que porta aquest\u00a0partit compost de\u00a0mala gent\u00a0i mala llet\u00a0que a Catalunya nom\u00e9s ha tret quatre escons i que s\u00f3n cada dia m\u00e9s residuals.\u00a0Per\u00f2 com que manen a Madrid&#8230;<\/p>\n<p>Al capdavant de tota aquesta p\u00farria\u00a0hi ha\u00a0un personatge sinistre\u00a0del PP\u00a0catal\u00e0\u00a0\u00ab<strong><b>a<\/b><\/strong><strong><b>lt i gros com un tal\u00f2s\u00bb\u00a0<\/b><\/strong>que sembla que parli amb un pinyol de pr\u00e9ssec a la boca i que nom\u00e9s fa servir la llengua per insultar i menysprear. Encara no s\u00e9 per\u00a0quin motiu el van triar, si no\u00a0\u00e9s\u00a0per all\u00f2 que diuen els castellans del<strong>\u00a0<\/strong><b>\u00abande o no ande, el caballo que sea bien grande&#8221;.<\/b>Un personatge que\u00a0l&#8217;\u00fanica cosa que ha fet a la vida ha estat jugar a b\u00e0squet de jovenet, que\u00a0no ha acabat cap estudi universitari i que s\u2019ha dedicat tota la vida\u00a0nom\u00e9s\u00a0a la pol\u00edtica\u00a0no hauria d\u2019obrir la boca en segons quins temes perqu\u00e8 el seu nivell intel\u00b7lectual no li permet dir una frase amb cert sentit i coher\u00e8ncia i, aix\u00f2 s\u00ed, moltes ruqueries com b\u00e9 saben els ciutadans de Badalona que van haver d\u2019aguantar-lo com alcalde.<\/div>\n","protected":false},"excerpt":{"rendered":"<p>En\u00a0homenatge al gran\u00a0Forges, que\u00a0ha mort aquesta matinada\u00a0i que\u00a0ha\u00a0sabut\u00a0retratar tant b\u00e9 aquesta Escanya cada cop m\u00e9s\u00a0surrealista&#8230; &#8212;&#8212;&#8212;&#8212;&#8212;&#8212;&#8212;&#8212;&#8212;&#8212;&#8212;&#8212;&#8212;&#8212;&#8212;- L\u2019expressi\u00f3\u00a0\u00abA por ellos!\u00bb\u00a0expressa\u00a0m\u00e9s coses del que sembla. I encara\u00a0n\u2019expresa\u00a0m\u00e9s si mirem qui la pronuncia. Ja hem vist que darrerament la\u00a0vomitamolta gent\u00a0de pensament, paraula i obra. A vegades no s\u2019atreveixen a pronunciar-la\u00a0obertament\u00a0per\u00f2 internament la pensen molt sovint i\u00a0se\u2019ls nota\u00a0les ganes\u00a0que [&hellip;]<\/p>\n","protected":false},"author":214,"featured_media":0,"comment_status":"closed","ping_status":"closed","sticky":false,"template":"","format":"standard","meta":{"_jetpack_memberships_contains_paid_content":false,"footnotes":"","jetpack_publicize_message":"","jetpack_publicize_feature_enabled":true,"jetpack_social_post_already_shared":false,"jetpack_social_options":{"image_generator_settings":{"template":"highway","default_image_id":0,"font":"","enabled":false},"version":2}},"categories":[172],"tags":[31828],"class_list":["post-6427","post","type-post","status-publish","format-standard","hentry","category-politica","tag-politica"],"jetpack_publicize_connections":[],"jetpack_featured_media_url":"","jetpack_shortlink":"https:\/\/wp.me\/pagkjs-1FF","jetpack-related-posts":[],"jetpack_sharing_enabled":true,"_links":{"self":[{"href":"https:\/\/blogs.avui.cat\/jaumepubill\/wp-json\/wp\/v2\/posts\/6427","targetHints":{"allow":["GET"]}}],"collection":[{"href":"https:\/\/blogs.avui.cat\/jaumepubill\/wp-json\/wp\/v2\/posts"}],"about":[{"href":"https:\/\/blogs.avui.cat\/jaumepubill\/wp-json\/wp\/v2\/types\/post"}],"author":[{"embeddable":true,"href":"https:\/\/blogs.avui.cat\/jaumepubill\/wp-json\/wp\/v2\/users\/214"}],"replies":[{"embeddable":true,"href":"https:\/\/blogs.avui.cat\/jaumepubill\/wp-json\/wp\/v2\/comments?post=6427"}],"version-history":[{"count":1,"href":"https:\/\/blogs.avui.cat\/jaumepubill\/wp-json\/wp\/v2\/posts\/6427\/revisions"}],"predecessor-version":[{"id":6428,"href":"https:\/\/blogs.avui.cat\/jaumepubill\/wp-json\/wp\/v2\/posts\/6427\/revisions\/6428"}],"wp:attachment":[{"href":"https:\/\/blogs.avui.cat\/jaumepubill\/wp-json\/wp\/v2\/media?parent=6427"}],"wp:term":[{"taxonomy":"category","embeddable":true,"href":"https:\/\/blogs.avui.cat\/jaumepubill\/wp-json\/wp\/v2\/categories?post=6427"},{"taxonomy":"post_tag","embeddable":true,"href":"https:\/\/blogs.avui.cat\/jaumepubill\/wp-json\/wp\/v2\/tags?post=6427"}],"curies":[{"name":"wp","href":"https:\/\/api.w.org\/{rel}","templated":true}]}}