{"id":6352,"date":"2017-12-02T16:36:14","date_gmt":"2017-12-02T15:36:14","guid":{"rendered":"http:\/\/blogs.avui.cat\/jaumepubill\/?p=6352"},"modified":"2017-12-02T16:45:05","modified_gmt":"2017-12-02T15:45:05","slug":"instaurats-en-la-il%c2%b7legalitat","status":"publish","type":"post","link":"https:\/\/blogs.avui.cat\/jaumepubill\/2017\/12\/02\/instaurats-en-la-il%c2%b7legalitat\/","title":{"rendered":"INSTAL\u00b7LATS EN LA IL\u00b7LEGALITAT"},"content":{"rendered":"<p><span style=\"color: #333333\"><a href=\"http:\/\/blogs.avui.cat\/jaumepubill\/2017\/12\/02\/instaurats-en-la-il%c2%b7legalitat\/395439_287374204661955_162913417108035_700677_2037280532_n\/\" rel=\"attachment wp-att-6354\"><img data-recalc-dims=\"1\" loading=\"lazy\" decoding=\"async\" data-attachment-id=\"6354\" data-permalink=\"https:\/\/blogs.avui.cat\/jaumepubill\/2017\/12\/02\/instaurats-en-la-il%c2%b7legalitat\/395439_287374204661955_162913417108035_700677_2037280532_n\/\" data-orig-file=\"https:\/\/i0.wp.com\/blogs.avui.cat\/jaumepubill\/files\/2017\/12\/395439_287374204661955_162913417108035_700677_2037280532_n.jpg?fit=320%2C172&amp;ssl=1\" data-orig-size=\"320,172\" data-comments-opened=\"1\" data-image-meta=\"{&quot;aperture&quot;:&quot;0&quot;,&quot;credit&quot;:&quot;&quot;,&quot;camera&quot;:&quot;&quot;,&quot;caption&quot;:&quot;&quot;,&quot;created_timestamp&quot;:&quot;0&quot;,&quot;copyright&quot;:&quot;&quot;,&quot;focal_length&quot;:&quot;0&quot;,&quot;iso&quot;:&quot;0&quot;,&quot;shutter_speed&quot;:&quot;0&quot;,&quot;title&quot;:&quot;&quot;,&quot;orientation&quot;:&quot;0&quot;}\" data-image-title=\"395439_287374204661955_162913417108035_700677_2037280532_n\" data-image-description=\"\" data-image-caption=\"\" data-medium-file=\"https:\/\/i0.wp.com\/blogs.avui.cat\/jaumepubill\/files\/2017\/12\/395439_287374204661955_162913417108035_700677_2037280532_n.jpg?fit=300%2C161&amp;ssl=1\" data-large-file=\"https:\/\/i0.wp.com\/blogs.avui.cat\/jaumepubill\/files\/2017\/12\/395439_287374204661955_162913417108035_700677_2037280532_n.jpg?fit=320%2C172&amp;ssl=1\" class=\"wp-image-6354 aligncenter\" src=\"https:\/\/i0.wp.com\/blogs.avui.cat\/jaumepubill\/files\/2017\/12\/395439_287374204661955_162913417108035_700677_2037280532_n-300x161.jpg?resize=578%2C310\" alt=\"\" width=\"578\" height=\"310\" srcset=\"https:\/\/i0.wp.com\/blogs.avui.cat\/jaumepubill\/files\/2017\/12\/395439_287374204661955_162913417108035_700677_2037280532_n.jpg?resize=300%2C161&amp;ssl=1 300w, https:\/\/i0.wp.com\/blogs.avui.cat\/jaumepubill\/files\/2017\/12\/395439_287374204661955_162913417108035_700677_2037280532_n.jpg?w=320&amp;ssl=1 320w\" sizes=\"auto, (max-width: 578px) 100vw, 578px\" \/><\/a>\u201c<span style=\"font-family: Verdana\"><span style=\"font-size: medium\"><i><b>El comer y el rascar, todo es empezar\u201d<\/b><\/i><\/span><\/span><\/span><span style=\"color: #333333\"><span style=\"font-family: Verdana\"><span style=\"font-size: medium\">, diu un refrany castell\u00e0. Aquest PP fastig\u00f3s que ens (mal)governa i ens roba il\u00b7lusions, cal\u00e9s i felicitat, al principi no s&#8217;atrevia a potinejar tan descaradament aquesta feble democr\u00e0cia en la que ten\u00edem la pretensi\u00f3 d&#8217;estar instal\u00b7lats i que no ha estat m\u00e9s que un miratge des que va comen\u00e7ar una mal anomenada i falsa transici\u00f3, que la \u00fanica cosa que ha fet ha sigut momificar els franquistes que els van regalar el poder de mil maneres diferents. Ara s&#8217;han anat destapant forats prou foscos com per anar veient com arreu sortien franquistes com rates de claveguera.<\/span><\/span><\/span><\/p>\n<p><span style=\"color: #333333\"><span style=\"font-family: Verdana\"><span style=\"font-size: medium\">Com diu el refrany, tot va ser comen\u00e7ar i ara ja no poden parar aquesta cursa desenfrenada de prohibicions a la carta que ning\u00fa sap on i quan acabar\u00e0. Com els primers robatoris, les primeres mentides, els primers enganys o les primeres il\u00b7legalitats -que, com tots els inicis, \u00e9s el que costa m\u00e9s- tot \u00e9s comen\u00e7ar per despr\u00e9s ja no parar. El PP va comen\u00e7ar a recollir firmes contra l&#8217;Estatut de Catalunya i ha acabat amb un 155 il\u00b7legal, vergony\u00f3s i totalment antidemocr\u00e0tic.<\/span><\/span><\/span><\/p>\n<p><span style=\"color: #333333\"><span style=\"font-family: Verdana\"><span style=\"font-size: medium\">Per aconseguir els seus prop\u00f2sits ha trepitjat<\/span><\/span><\/span><span style=\"color: #333333\"><span style=\"font-family: Verdana\"><span style=\"font-size: medium\"> totes les lleis, ha posat els seus peons al lloc on li ha convingut i ha untat tots els engranatges necessaris perqu\u00e8 el mecanisme de la corrupci\u00f3 funcion\u00e9s el m\u00e9s b\u00e9 possible. Els jutges s&#8217;han saltat a la torera la presumpci\u00f3 d&#8217;innoc\u00e8ncia d&#8217;alguns pol\u00edtics i l\u00edders socials catalans i, en canvi, la preserven amb tot el zel de que s\u00f3n capa\u00e7os per a altres de la seva corda. Han empresonat gent que haur\u00edem de considerar innocent<\/span><\/span><\/span><span style=\"font-family: Verdana, sans-serif\"><span style=\"font-size: medium\"> fins que en un judici amb garanties no dictamin\u00e9s el contrari i ni tan sols accepten que els anomenen presos pol\u00edtics. Qu\u00e8 s\u00f3n si no?. Si volem parlar clar i catal\u00e0, quan una persona pac\u00edfica i sense cap indici de fuga \u00e9s empresonada preventivament sense judici per motius pol\u00edtics la podem considerar tranquil\u00b7lament un pres pol\u00edtic i no cal que anem amb eufemismes de cap mena. El mateix passa quan, sense judici, una persona ha d\u2019emigrar for\u00e7adament per no ser empresonada per motius pol\u00edtics i podem dir que \u00e9s a l&#8217;exili, com els passa al nostre president i a una colla de consellers.<\/span><\/span><\/p>\n<p><span style=\"font-family: Verdana, sans-serif\"><span style=\"font-size: medium\">Aquesta p\u00farria del PP estan tan acostumats a moure&#8217;s per les clavegueres i a respirar olor a merda que els costa poc mentir per les televisions i els parlaments de mig m\u00f3n. S\u00f3n capa\u00e7os de dir, sense cap mena de vergonya, que la policia no va carregar amb viol\u00e8ncia desproporcionada l&#8217; 1-O contra manifestants desarmats i pac\u00edfics o dir que a les escoles catalanes no s&#8217;ensenya el castell\u00e0. <\/span><\/span><\/p>\n<p><span style=\"font-family: Verdana, sans-serif\"><span style=\"font-size: medium\">I, mentrestant, ning\u00fa sap qui \u00e9s aquest M. Rajoy que figura als papers de B\u00e1rcenas i de la trama Gurtel i ning\u00fa reconeix que ha cobrat en diner negre quan est\u00e0 m\u00e9s que provat i reprovat. Estan tan acostumats a viure entre la corrupci\u00f3 que ni se n&#8217;adonen i quan un ministre conspira impunement amb la Fiscalia per \u201cafinar\u201d pol\u00edticament les seves accions, o per destrossar un sistema sanitari, en qualsevol lloc del m\u00f3n se&#8217;n diu prevaricaci\u00f3, menys a Espanya. <\/span><\/span><\/p>\n<p><span style=\"font-family: Verdana, sans-serif\"><span style=\"font-size: medium\">En els pa\u00efsos democr\u00e0tics quan un detingut, sense actitud violenta ni evasiva, rep els insults, les mofes i les humiliacions de la policia que el det\u00e9, i \u00e9s emmanillat per l&#8217;esquena innecess\u00e0riament en el seu trasllat a pres\u00f3 se&#8217;n diria ab\u00fas policial. Aqu\u00ed es veu que no i ho consideren d&#8217;all\u00f2 m\u00e9s normal.<\/span><\/span><\/p>\n<p><span style=\"font-family: Verdana, sans-serif\"><span style=\"font-size: medium\">Quan en un cas de corrupci\u00f3 pol\u00edtica es destrueixen impunement proves (discs durs, per exemple) sense cap conseq\u00fc\u00e8ncia judicial, o el poder judicial no actua d\u2019ofici quan hi han indicis clars de corrupci\u00f3 d\u2019Estat en qualsevol pa\u00eds democr\u00e0tic en dirien corrupci\u00f3 judicial. Aqu\u00ed no. Aqu\u00ed \u00e9s normal.<\/span><\/span><\/p>\n<p><span style=\"font-family: Verdana, sans-serif\"><span style=\"font-size: medium\">Quan les institucions de l\u2019Estat prohibeixen una televisi\u00f3 p\u00fablica a dir les coses pel seu nom per motiu pol\u00edtics i\/o electorals; quan es prohibeix el lla\u00e7 grog, el color groc en fonts o fa\u00e7anes p\u00fabliques (o com avui mateix s&#8217;ha prohibit a un grup d&#8217;avis a passejar pel port de Matar\u00f3 amb mocadors de coll grocs) com es pot anomenar aix\u00f2?; quan s&#8217;amena\u00e7a p\u00fablicament que la policia et pot investigat per un comentari a les xarxes socials, o en un comentari a la r\u00e0dio, etc., d&#8217;aix\u00f2 en un pa\u00eds democr\u00e0tic en dir\u00edem censura. Aqu\u00ed no. Aqu\u00ed \u00e9s normal.<\/span><\/span><\/p>\n<p>\u201c<span style=\"font-family: Verdana, sans-serif\"><span style=\"font-size: medium\"><i><b>El comer y el rascar todo es <\/b><\/i><i>empezar\u201d.<\/i> Ja fa temps que aquesta gentussa ha comen\u00e7at la degradaci\u00f3 de la democr\u00e0cia i, si ning\u00fa els para els peus, sembla que tenen ganes de continuar fent-ho. Per aix\u00f2 jo em pregunto on s\u00f3n aquests <b>\u201cpatriotas espa\u00f1oles\u201d<\/b> de pell tan fina per altres temes a l&#8217;hora d&#8217;al\u00e7ar la veu i denunciar aquestes flagrants injust\u00edcies?. No es veuen per enlloc a l&#8217;hora de defensar la llibertat de premsa o denunciar la parcialitat manifesta de la just\u00edcia. No ser\u00e0 que estan molt ben adoctrinats, molt ben pagats i totalment narcotitzats pels mitjans controlats pel PP? On \u00e9s el seu patriotisme quan veuen que uns quant voltors buiden les arques de l&#8217;estat o el Fons de Reserva de les Pensions i s\u00f3n incapa\u00e7os de dir res? On s\u00f3n aquests <b>\u201cpatriotas espa\u00f1oles\u201d <\/b>quan el govern feia servir 48.000 milions d&#8217;euros de diner p\u00fablic per a rescatar bancs -reconeixent obertament que cap ciutad\u00e0 els tornar\u00e0 a recuperar- i s\u00f3n incapa\u00e7os de fer una sola llei per afavorir els m\u00e9s necessitats socialment? Ning\u00fa s&#8217;ha adonat que tots aquests personatges que han robat fins i tot l&#8217;aire que respiren els espanyols han fet servir les portes girat\u00f2ries i ara estan ben asseguts en consells d&#8217;administraci\u00f3 cobrant sous sense fer res?<\/span><\/span><\/p>\n<p><span style=\"font-family: Verdana, sans-serif\"><span style=\"font-size: medium\">Enlloc. No s\u00f3n enlloc aquests patriotes. Callen de forma covarda i s&#8217;amaguen darrere la <i>\u201crojigualda\u201d<\/i> per cridar consignes contra l&#8217;independentisme i defensar la <i>\u201csacrosanta unidad de Espa\u00f1a\u201d. <\/i>No els importa gens ni mica la democr\u00e0cia, els drets socials o les llibertats civils. Per\u00f2 potser algun dia -m\u00e9s aviat que tard- les conseq\u00fc\u00e8ncies de tots aix\u00f2 els arribaran a ells. Per\u00f2 llavors ser\u00e0 massa tard.<\/span><\/span><\/p>\n<p>&nbsp;<\/p>\n","protected":false},"excerpt":{"rendered":"<p>\u201cEl comer y el rascar, todo es empezar\u201d, diu un refrany castell\u00e0. Aquest PP fastig\u00f3s que ens (mal)governa i ens roba il\u00b7lusions, cal\u00e9s i felicitat, al principi no s&#8217;atrevia a potinejar tan descaradament aquesta feble democr\u00e0cia en la que ten\u00edem la pretensi\u00f3 d&#8217;estar instal\u00b7lats i que no ha estat m\u00e9s que un miratge des que [&hellip;]<\/p>\n","protected":false},"author":214,"featured_media":0,"comment_status":"open","ping_status":"open","sticky":false,"template":"","format":"standard","meta":{"_jetpack_memberships_contains_paid_content":false,"footnotes":"","jetpack_publicize_message":"","jetpack_publicize_feature_enabled":true,"jetpack_social_post_already_shared":false,"jetpack_social_options":{"image_generator_settings":{"template":"highway","default_image_id":0,"font":"","enabled":false},"version":2}},"categories":[1296],"tags":[31872],"class_list":["post-6352","post","type-post","status-publish","format-standard","hentry","category-espana","tag-espana"],"jetpack_publicize_connections":[],"jetpack_featured_media_url":"","jetpack_shortlink":"https:\/\/wp.me\/pagkjs-1Es","jetpack-related-posts":[],"jetpack_sharing_enabled":true,"_links":{"self":[{"href":"https:\/\/blogs.avui.cat\/jaumepubill\/wp-json\/wp\/v2\/posts\/6352","targetHints":{"allow":["GET"]}}],"collection":[{"href":"https:\/\/blogs.avui.cat\/jaumepubill\/wp-json\/wp\/v2\/posts"}],"about":[{"href":"https:\/\/blogs.avui.cat\/jaumepubill\/wp-json\/wp\/v2\/types\/post"}],"author":[{"embeddable":true,"href":"https:\/\/blogs.avui.cat\/jaumepubill\/wp-json\/wp\/v2\/users\/214"}],"replies":[{"embeddable":true,"href":"https:\/\/blogs.avui.cat\/jaumepubill\/wp-json\/wp\/v2\/comments?post=6352"}],"version-history":[{"count":4,"href":"https:\/\/blogs.avui.cat\/jaumepubill\/wp-json\/wp\/v2\/posts\/6352\/revisions"}],"predecessor-version":[{"id":6358,"href":"https:\/\/blogs.avui.cat\/jaumepubill\/wp-json\/wp\/v2\/posts\/6352\/revisions\/6358"}],"wp:attachment":[{"href":"https:\/\/blogs.avui.cat\/jaumepubill\/wp-json\/wp\/v2\/media?parent=6352"}],"wp:term":[{"taxonomy":"category","embeddable":true,"href":"https:\/\/blogs.avui.cat\/jaumepubill\/wp-json\/wp\/v2\/categories?post=6352"},{"taxonomy":"post_tag","embeddable":true,"href":"https:\/\/blogs.avui.cat\/jaumepubill\/wp-json\/wp\/v2\/tags?post=6352"}],"curies":[{"name":"wp","href":"https:\/\/api.w.org\/{rel}","templated":true}]}}