{"id":6305,"date":"2017-10-21T11:45:25","date_gmt":"2017-10-21T10:45:25","guid":{"rendered":"http:\/\/blogs.avui.cat\/jaumepubill\/?p=6305"},"modified":"2017-10-21T11:45:25","modified_gmt":"2017-10-21T10:45:25","slug":"restaurar-la-legalitat","status":"publish","type":"post","link":"https:\/\/blogs.avui.cat\/jaumepubill\/2017\/10\/21\/restaurar-la-legalitat\/","title":{"rendered":"RESTAURAR LA LEGALITAT"},"content":{"rendered":"<p><span style=\"color: #000000\"><span style=\"font-family: LyonText, Georgia, serif\"><span style=\"font-size: small\"><span style=\"font-family: 'Roboto Slab', serif\"><img data-recalc-dims=\"1\" loading=\"lazy\" decoding=\"async\" class=\" aligncenter\" src=\"https:\/\/i0.wp.com\/productesdelaterra.cat\/21418-thickbox_default\/lamina-llibertat.jpg?resize=602%2C602&#038;ssl=1\" width=\"602\" height=\"602\" \/>El president espanyol, <\/span><span style=\"font-family: 'Roboto Slab', serif\"><b>Mariano Rajoy<\/b><\/span><span style=\"font-family: 'Roboto Slab', serif\">, ha dit que el Consell de Ministres que es reuneix aquest mat\u00ed de <\/span><span style=\"font-family: 'Roboto Slab', serif\">dissabte de <\/span><span style=\"font-family: 'Roboto Slab', serif\">manera extraordin\u00e0ria &#8220;aprovar\u00e0 <\/span><strong><span style=\"font-family: 'Roboto Slab', serif\"><b>mesures per restaurar la legalitat en l&#8217;autogovern de Catalunya&#8221;. <\/b><\/span><\/strong><\/span><\/span><\/span><\/p>\n<p><span style=\"color: #000000\"><span style=\"font-family: LyonText, Georgia, serif\"><span style=\"font-size: small\"><strong><span style=\"font-family: 'Roboto Slab', serif\"><b>-I per qu\u00e8 no restaura una mica de <\/b><\/span><\/strong><strong><span style=\"font-family: 'Roboto Slab', serif\"><b>la<\/b><\/span><\/strong><strong><span style=\"font-family: 'Roboto Slab', serif\"><b> molta vergonya que han perdut?<\/b><\/span><\/strong><\/span><\/span><\/span><\/p>\n<p><span style=\"color: #000000\"><span style=\"font-family: LyonText, Georgia, serif\"><span style=\"font-size: small\"><strong><span style=\"font-family: 'Roboto Slab', serif\"><b>-I per qu\u00e8 no restauren una mica de dignitat de la molta que han perdut?<\/b><\/span><\/strong><\/span><\/span><\/span><\/p>\n<p><span style=\"color: #000000\"><span style=\"font-family: LyonText, Georgia, serif\"><span style=\"font-size: small\"><strong><span style=\"font-family: 'Roboto Slab', serif\"><b>-I per qu\u00e8 no restauren una mica de veritat despr\u00e9s de tantes i tantes mentides que ens estan dient?<\/b><\/span><\/strong><\/span><\/span><\/span><\/p>\n<p><span style=\"color: #000000\"><span style=\"font-family: LyonText, Georgia, serif\"><span style=\"font-size: small\"><strong><span style=\"font-family: 'Roboto Slab', serif\"><b>-I per qu\u00e8 no restauren la separaci\u00f3 de poders, cosa fonamental en un Estat de dret?<\/b><\/span><\/strong><\/span><\/span><\/span><\/p>\n<p><span style=\"color: #000000\"><span style=\"font-family: LyonText, Georgia, serif\"><span style=\"font-size: small\"><strong><span style=\"font-family: 'Roboto Slab', serif\"><b>-I per qu\u00e8 no restauren els drets humans que han vulnerat repetidament?<\/b><\/span><\/strong><\/span><\/span><\/span><\/p>\n<p><span style=\"color: #000000\"><span style=\"font-family: LyonText, Georgia, serif\"><span style=\"font-size: small\"><strong><span style=\"font-family: 'Roboto Slab', serif\"><b>-I per qu\u00e8 no restauren una mica la dignitat que han arrabassat a tantes i tantes persones a cops de porra?<\/b><\/span><\/strong><\/span><\/span><\/span><\/p>\n<p><span style=\"color: #000000\"><span style=\"font-family: LyonText, Georgia, serif\"><span style=\"font-size: small\"><strong><span style=\"font-family: 'Roboto Slab', serif\"><b>-I per qu\u00e8 no ens retornen tot el que ens han pres durant anys i panys en tots sentits: cultural, econ\u00f2mic, social, <\/b><\/span><\/strong><strong><span style=\"font-family: 'Roboto Slab', serif\"><b>hum\u00e0<\/b><\/span><\/strong><strong><span style=\"font-family: 'Roboto Slab', serif\"><b>?<\/b><\/span><\/strong><\/span><\/span><\/span><\/p>\n<p><strong><span style=\"color: #000000\"><span style=\"font-family: 'Roboto Slab', serif\"><span style=\"font-size: small\"><b>&#8211;<\/b><\/span><\/span><\/span><\/strong><strong><span style=\"color: #000000\"><span style=\"font-family: 'Roboto Slab', serif\"><span style=\"font-size: small\"><b>I per qu\u00e8 no restauren la llibertat que t\u00e9 una persona o una comunitat a autogovernar-se i a triar el que vol ser i com vol ser?<\/b><\/span><\/span><\/span><\/strong><\/p>\n<p><span style=\"color: #000000\"><span style=\"font-family: LyonText, Georgia, serif\"><span style=\"font-size: small\"><strong><span style=\"text-decoration: line-through\"><span style=\"font-family: 'Roboto Slab', serif\"><b>&#8211;<\/b><\/span><\/span><\/strong><strong><span style=\"font-family: 'Roboto Slab', serif\"><b> I per qu\u00e8 no restauren els drets nacionals que ens han arrabassat tantes vegades al llarg de la hist\u00f2ria i que ara es disposen a fer-ho una vegada m\u00e9s?<\/b><\/span><\/strong><\/span><\/span><\/span><\/p>\n<p><span style=\"color: #000000\"><span style=\"font-family: LyonText, Georgia, serif\"><span style=\"font-size: small\">Ens ho explica l\u2019 historiador <b>Jaume Sobrequ\u00e9s<\/b>: <\/span><\/span><\/span><\/p>\n<p><span style=\"color: #000000\"><span style=\"font-family: LyonText, Georgia, serif\"><span style=\"font-size: small\"><i>\u00ab<\/i><i>Catalunya va ser v\u00edctima, a principi del segle XVIII, de la invasi\u00f3 militar del<\/i><i>s<\/i><i> ex\u00e8rcits francocastellans i va ser assimilada de manera violenta a un estat ali\u00e8. Els ex\u00e8rcits esmentats i l&#8217;estat que aquests van crear van anorrear tots els elements propis d&#8217;aquell estat catal\u00e0: el seu govern, la Generalitat de Catalunya, vigent des de mitjan segle XIV; les corts, plenament constitu\u00efdes des del segle XIII; el dret p\u00fablic i les constitucions que regulaven, des del segle XIII tamb\u00e9, la vida pol\u00edtica del pa\u00eds; la moneda amb qu\u00e8 es feien les transaccions econ\u00f2miques; l&#8217;organitzaci\u00f3 territorial (vegueries) i local (el Consell de Cent, per exemple); la llengua amb qu\u00e8 els ciutadans d&#8217;aquell estat s&#8217;expressaven; o les universitats on s&#8217;educaven els seus fills. Aquells ex\u00e8rcits van mantenir de manera permanent l&#8217;ocupaci\u00f3 militar del pa\u00eds i van donar suport a l&#8217;espoli fiscal avui vigent. S\u00f3n encara, als nostres dies, d&#8217;acord amb all\u00f2 que diu la inefable Constituci\u00f3 Espanyola, la \u201cgarantia\u201d per evitar la secessi\u00f3 d&#8217;una part de la sagrada unitat de la p\u00e0tria, espanyola, \u00e9s clar.<\/i><\/span><\/span><\/span><\/p>\n<p><span style=\"color: #000000\"><span style=\"font-family: LyonText, Georgia, serif\"><span style=\"font-size: small\"><i>Aix\u00ed, doncs, Catalunya va ser un pa\u00eds ocupat militarment en un tombant malastruc de la seva hist\u00f2ria. Mai cap r\u00e8gim ni govern durant tres-cents anys no ha perm\u00e8s que els catalans s&#8217;autodeterminessin sobre el seu dest\u00ed col\u00b7lectiu. El 1932 (Estatut de N\u00faria), el 1978 (Constituci\u00f3 Espanyola), el 1979 (Estatut de Sau) i el 2006 (Estatut vigent), simplement, es va deixar triar el poble de Catalunya entre si volia formar part d&#8217;un estat unitari i centralista o s&#8217;estimava m\u00e9s que Espanya fos un estat amb autonomies, o si hav\u00edem de tenir o no unes determinades compet\u00e8ncies \u201ccedides\u201d per les Corts de l&#8217;Estat. Mai si vol\u00edem que Catalunya esdevingu\u00e9s o no un pa\u00eds independent. Com a resultat d&#8217;aquesta situaci\u00f3, Catalunya continua sent un pa\u00eds ocupat. Ja s\u00e9 que aix\u00f2 pot semblar dur a les \u00e0nimes pusil\u00b7l\u00e0nimes i a aquells que creuen que encara hi ha possibilitat d&#8217;entesa i de conllevancia amb Espanya. Els textos oficials borb\u00f2nics despr\u00e9s de la desfeta van afirmar que es posava fi a l&#8217;estat catal\u00e0 pel dret de conquesta. Entre 1705 i 1714, Catalunya va ser conquerida militarment i va tornar-ho a ser entre 1938 i 1939.<\/i><\/span><\/span><\/span><\/p>\n<p><span style=\"color: #000000\"><span style=\"font-family: LyonText, Georgia, serif\"><span style=\"font-size: small\"><i>En s\u00edntesi, la majoria de catalans volem nom\u00e9s recuperar all\u00f2 que \u00e9rem abans que es produ\u00eds aquella ocupaci\u00f3. Com han fet, en els darrers segles, tants pa\u00efsos conquerits. Em sembla que aix\u00f2 ho pot entendre la comunitat internacional. I, com a m\u00ednim, volem que se&#8217;ns deixi preguntar al nostre poble si ja li est\u00e0 b\u00e9 continuar sent un pa\u00eds sotm\u00e8s o vol tornar a ser all\u00f2 que era abans de 1714, un lliure. Aquesta \u00e9s la q\u00fcesti\u00f3\u00bb.<\/i><\/span><\/span><\/span><\/p>\n","protected":false},"excerpt":{"rendered":"<p>El president espanyol, Mariano Rajoy, ha dit que el Consell de Ministres que es reuneix aquest mat\u00ed de dissabte de manera extraordin\u00e0ria &#8220;aprovar\u00e0 mesures per restaurar la legalitat en l&#8217;autogovern de Catalunya&#8221;. -I per qu\u00e8 no restaura una mica de la molta vergonya que han perdut? -I per qu\u00e8 no restauren una mica de dignitat [&hellip;]<\/p>\n","protected":false},"author":214,"featured_media":0,"comment_status":"open","ping_status":"open","sticky":false,"template":"","format":"standard","meta":{"_jetpack_memberships_contains_paid_content":false,"footnotes":"","jetpack_publicize_message":"","jetpack_publicize_feature_enabled":true,"jetpack_social_post_already_shared":false,"jetpack_social_options":{"image_generator_settings":{"template":"highway","default_image_id":0,"font":"","enabled":false},"version":2}},"categories":[877,643],"tags":[31863,31850],"class_list":["post-6305","post","type-post","status-publish","format-standard","hentry","category-catalunya","category-independencia","tag-catalunya","tag-independencia"],"jetpack_publicize_connections":[],"jetpack_featured_media_url":"","jetpack_shortlink":"https:\/\/wp.me\/pagkjs-1DH","jetpack-related-posts":[],"jetpack_sharing_enabled":true,"_links":{"self":[{"href":"https:\/\/blogs.avui.cat\/jaumepubill\/wp-json\/wp\/v2\/posts\/6305","targetHints":{"allow":["GET"]}}],"collection":[{"href":"https:\/\/blogs.avui.cat\/jaumepubill\/wp-json\/wp\/v2\/posts"}],"about":[{"href":"https:\/\/blogs.avui.cat\/jaumepubill\/wp-json\/wp\/v2\/types\/post"}],"author":[{"embeddable":true,"href":"https:\/\/blogs.avui.cat\/jaumepubill\/wp-json\/wp\/v2\/users\/214"}],"replies":[{"embeddable":true,"href":"https:\/\/blogs.avui.cat\/jaumepubill\/wp-json\/wp\/v2\/comments?post=6305"}],"version-history":[{"count":1,"href":"https:\/\/blogs.avui.cat\/jaumepubill\/wp-json\/wp\/v2\/posts\/6305\/revisions"}],"predecessor-version":[{"id":6306,"href":"https:\/\/blogs.avui.cat\/jaumepubill\/wp-json\/wp\/v2\/posts\/6305\/revisions\/6306"}],"wp:attachment":[{"href":"https:\/\/blogs.avui.cat\/jaumepubill\/wp-json\/wp\/v2\/media?parent=6305"}],"wp:term":[{"taxonomy":"category","embeddable":true,"href":"https:\/\/blogs.avui.cat\/jaumepubill\/wp-json\/wp\/v2\/categories?post=6305"},{"taxonomy":"post_tag","embeddable":true,"href":"https:\/\/blogs.avui.cat\/jaumepubill\/wp-json\/wp\/v2\/tags?post=6305"}],"curies":[{"name":"wp","href":"https:\/\/api.w.org\/{rel}","templated":true}]}}